{"id":241898,"date":"2022-09-19T12:09:01","date_gmt":"2022-09-19T10:09:01","guid":{"rendered":"http:\/\/www.npwj.org\/?p=241898"},"modified":"2023-02-21T16:52:24","modified_gmt":"2023-02-21T15:52:24","slug":"19-september-2022-environmental-justice-human-rights","status":"publish","type":"post","link":"https:\/\/www.npwj.org\/it\/digest\/19-september-2022-environmental-justice-human-rights\/","title":{"rendered":"19 September 2022 &#8211;  Environmental Justice &#038; Human Rights"},"content":{"rendered":"\n<p><strong>Side event on \u201cSituation of Human Rights of Indigenous People in Amazonia\u201d<\/strong><\/p>\n\n\n\n<p><em>No Peace Without Justice, 30 Sep 2022<\/em><\/p>\n\n\n\n<p>On the occasion of the 51st Session of the United Nations Human Rights Council in Geneva,&nbsp;<strong>No Peace Without Justice<\/strong>,<strong>&nbsp;Hutukara&nbsp;<\/strong>and the&nbsp;<strong>Alliance for the Defense of Territories<\/strong>&nbsp;are convened a side event on \u201c<strong>Situation of Human Rights of Indigenous People in Amazonia<\/strong>\u201c, which was held on Tuesday 27 September 2022 (from 11:00 \u2013 12:00, Room XXV, Palais des Nations, United Nations Office in Geneva). The event was organised in the framework of the project \u201c<a href=\"http:\/\/www.npwj.org\/node\/17888\" target=\"_blank\" rel=\"noreferrer noopener\"><strong>Amazonia Beyond The Crisis<\/strong><\/a>\u201d, funded by the Nando and Elsa Peretti Foundation.<\/p>\n\n\n\n<p><a rel=\"noreferrer noopener\" href=\"http:\/\/www.npwj.org\/ICC\/Side-event-Situation-Human-Rights-Indigenous-People-Amazonia.html\" target=\"_blank\"><strong><em>Read More<\/em><\/strong><\/a><\/p>\n\n\n\n<p><\/p>\n\n\n\n<p><\/p>\n\n\n\n<p><strong>Public Hearing on Protecting Indigenous Peoples\u2019 Rights in Brazil<\/strong><\/p>\n\n\n\n<p><em>No Peace Without Justice, 30 Sep 2022<\/em><\/p>\n\n\n\n<p>On 26 September the Subcommittee on Human Rights will hold a hearing on Protecting Indigenous Peoples\u2019 Rights in Brazil. The hearing will follow up Parliament\u2019s call for indigenous peoples\u2019 rights to be fully protected, including their land, territories and resources.<\/p>\n\n\n\n<p>Speakers include&nbsp;<strong>Patxon Metuktire<\/strong>, Kayap\u00f3 leader and representative of the Raoni Institute;&nbsp;<strong>Maur\u00edcio Ye\u2019kwana<\/strong>, Yanomami and Ye\u2019kwana leader and director of Hutukara Association;&nbsp;<strong>Francisco Cali Tzay<\/strong>, Special Rapporteur on the Rights of Indigenous Peoples.<\/p>\n\n\n\n<p>The focus will be on the challenges the EU should tackle as a priority, including criminalisation and systematic attacks against indigenous leaders, grabbing and environmental destruction, as well as participation by indigenous peoples in decisions that affect them.<\/p>\n\n\n\n<p><a rel=\"noreferrer noopener\" href=\"http:\/\/www.npwj.org\/ICC\/Public-Hearing-Protecting-Indigenous-Peoples-Rights-Brazil.html\" target=\"_blank\"><strong><em>Read More<\/em><\/strong><\/a><\/p>\n\n\n\n<p><\/p>\n\n\n\n<p><\/p>\n\n\n\n<p><strong>BRAZILIAN GOVERNMENT IGNORES TERM OF THE INTER-AMERICAN COURT AND INDIANS BRING COMPLAINT TO THE EUROPEAN PARLIAMENT AND THE UN.<\/strong><\/p>\n\n\n\n<p><em>Amazon News and Information, 29 Sep 2022<\/em><\/p>\n\n\n\n<p>A delegation representing the Yanomami, Kayap\u00f3, Munduruku and Yekwana peoples was received at the European Parliament in Brussels and at the UN headquarters in Geneva, where the Brazilian government\u2019s default on a decision of the Inter-American Court of Human Rights last July, which gave the Brazilian government until September 20 to take precautionary measures to protect indigenous communities threatened by illegal mining in the Amazon, was denounced.<\/p>\n\n\n\n<p><a rel=\"noreferrer noopener\" href=\"https:\/\/amazonia.org.br\/governo-brasileiro-ignora-prazo-da-corte-interamericana-e-indios-levam-denuncia-ao-parlamento-europeu-e-a-onu\/\" target=\"_blank\"><strong><em>Read More<\/em><\/strong><\/a><\/p>\n\n\n\n<p><\/p>\n\n\n\n<p><\/p>\n\n\n\n<p><strong>More than 1,700 environmental activists murdered in the past decade \u2013 report<\/strong><\/p>\n\n\n\n<p><em>The Guardian, 29 Sep 2022<\/em><\/p>\n\n\n\n<p>More than 1,700 murders of environmental activists were recorded over the past decade, an average of a killing nearly every two days, according to a new report.<\/p>\n\n\n\n<p>Killed by hitmen, organised crime groups and their own governments, at least 1,733 land and environmental defenders were murdered between 2012 and 2021, figures from Global Witness show, with Brazil, Colombia, the&nbsp;Philippines, Mexico and Honduras the deadliest countries.<\/p>\n\n\n\n<p><a rel=\"noreferrer noopener\" href=\"https:\/\/www.theguardian.com\/environment\/2022\/sep\/29\/global-witness-report-1700-activists-murdered-past-decade-aoe\" target=\"_blank\"><strong><em>Read More<\/em><\/strong><\/a><\/p>\n\n\n\n<p><\/p>\n\n\n\n<p><\/p>\n\n\n\n<p><strong>Join forces to prevent \u2018food availability crisis\u2019 urges FAO chief<\/strong><\/p>\n\n\n\n<p><em>UN News, 28 Sep 2022<\/em><\/p>\n\n\n\n<p>As the war in Ukraine stokes a crisis for countries who are struggling just to access the food their populations want and need, the international community needs to ensure that doesn\u2019t spill over into a \u201cfood availability crisis\u201d, the head of the UN Food and Agriculture Organization (FAO)&nbsp;<a href=\"https:\/\/www.fao.org\/newsroom\/detail\/g20-agriculture-ministers-s-meeting-stop-a-food-access-crisis-from-turning-into-a-food-availability-crisis-fao-says\/en\" target=\"_blank\" rel=\"noreferrer noopener\"><strong>said on Wednesday<\/strong><\/a>.<\/p>\n\n\n\n<p><a rel=\"noreferrer noopener\" href=\"https:\/\/news.un.org\/story\/2022\/09\/1128191\" target=\"_blank\"><strong><em>Read More<\/em><\/strong><\/a><\/p>\n\n\n\n<p><\/p>\n\n\n\n<p><\/p>\n\n\n\n<p><strong>Indigenous lands have been \u201cstolen\u201d in these four years, warns UN rapporteur<\/strong><\/p>\n\n\n\n<p><em>UOL News, 28 Sep 2022<\/em><\/p>\n\n\n\n<p>The last four years have been marked by the \u201ctheft\u201d of indigenous lands in Brazil and the destruction of Funai. The warning is from the UN rapporteur for indigenous peoples, Francisco Cali Tzay.<\/p>\n\n\n\n<p><a rel=\"noreferrer noopener\" href=\"https:\/\/noticias.uol.com.br\/colunas\/jamil-chade\/2022\/09\/28\/terras-indigenas-foram-roubadas-nesses-quatro-anos-alerta-relator-da-onu.amp.htm\" target=\"_blank\"><strong><em>Read More<\/em><\/strong><\/a><\/p>\n\n\n\n<p><\/p>\n\n\n\n<p><\/p>\n\n\n\n<p><strong>World\u2019s central banks financing destruction of the rainforest<\/strong><\/p>\n\n\n\n<p><em>The Guardian, 28 Sep 2022<\/em><\/p>\n\n\n\n<p>Some of the world\u2019s biggest central banks are unwittingly helping to finance agri-business giants engaged in the destruction of the Brazilian Amazon, according to a report published on Wednesday.<\/p>\n\n\n\n<p>The Bank of England, the US Federal Reserve and the European Central Bank are among the institutions that have bought millions of dollars in bonds issued by companies linked to deforestation and land-grabbing, according to the&nbsp;report Bankrolling Destruction, published by the rights group Global Witness.<\/p>\n\n\n\n<p><a rel=\"noreferrer noopener\" href=\"https:\/\/www.theguardian.com\/environment\/2022\/sep\/28\/worlds-central-banks-financing-destruction-of-the-rainforest\" target=\"_blank\"><strong><em>Read More<\/em><\/strong><\/a><\/p>\n\n\n\n<p><\/p>\n\n\n\n<p><\/p>\n\n\n\n<p><strong>Ind\u00edgenas denunciam governo brasileiro no Parlamento Europeu e na ONU<\/strong><\/p>\n\n\n\n<p><em>Correiro Braziliense, 27 Sep 2022<\/em><\/p>\n\n\n\n<p>Povos ind\u00edgenas foram recebidos nesta ter\u00e7a-feira (27\/9) no Parlamento Europeu, em Bruxelas, e na sede das Organiza\u00e7\u00f5es das Na\u00e7\u00f5es Unidas (ONU), em Genebra, na Su\u00ed\u00e7a, para denunciar o governo federal pelo descumprimento do prazo finalizado em 20 de setembro para implantar&nbsp;medidas cautelares de prote\u00e7\u00e3o aos povos amea\u00e7adas pelo garimpo na Amaz\u00f4nia.&nbsp;<\/p>\n\n\n\n<p><a rel=\"noreferrer noopener\" href=\"https:\/\/www.correiobraziliense.com.br\/brasil\/2022\/09\/amp\/5039890-indigenas-denunciam-governo-brasileiro-no-parlamento-europeu-e-na-onu.html\" target=\"_blank\"><strong><em>Read More<\/em><\/strong><\/a><\/p>\n\n\n\n<p><\/p>\n\n\n\n<p><\/p>\n\n\n\n<p><strong>Indigenous people denounce Brazilian government in the European Parliament and the UN<\/strong><\/p>\n\n\n\n<p><em>Correiro Braziliense, 27 Sep 2022<\/em><\/p>\n\n\n\n<p>Indigenous peoples were received on Tuesday (27) at the European Parliament in Brussels, and at the headquarters of the United Nations Organizations (UN) in Geneva, Switzerland, to denounce the federal government for non-compliance with the deadline finalized on September 20 to implement precautionary measures to protect peoplethreatened by mining in the Amazon. The date had been determined by the Inter-American Court of Human Rights. The Yanomami, Kayap\u00f3, Munduruku and Yekwana peoples report that since July last year, the period of the decision, no governmental authority has sought representatives of indigenous peoples to propose relevant measures on the subject. Thus, it was considered that there was a disregard in relation to the protection of this portion of the population.<\/p>\n\n\n\n<p><a rel=\"noreferrer noopener\" href=\"https:\/\/www.diariodepernambuco.com.br\/noticia\/politica\/2022\/09\/indigenas-denunciam-governo-brasileiro-no-parlamento-europeu-e-na-onu.amp.html\" target=\"_blank\"><strong><em>Read More<\/em><\/strong><\/a><\/p>\n\n\n\n<p><\/p>\n\n\n\n<p><\/p>\n\n\n\n<p><strong>Neofascist and irresponsible, so European Parliament sees Bolsonaro<\/strong><\/p>\n\n\n\n<p><em>BNC News, 26 Sep 2022<\/em><\/p>\n\n\n\n<p>With a few days to go until the election in Brazil, the Summit of the European Parliament held, on Monday (26), a series of meetings with indigenous leaders of the country to show solidarity to traditional peoples and declare repudiation of&nbsp;<a href=\"https:\/\/noticias.uol.com.br\/politica\/governo-bolsonaro\/\" target=\"_blank\" rel=\"noreferrer noopener\"><strong>the government of Jair Bolsonaro<\/strong><\/a>. The Brazilian came to be called in the European Parliament \u201cirresponsible\u201d and \u201cneofascist\u201d, in addition to being denounced for his dismantling of Funai and human rights protection measures.<\/p>\n\n\n\n<p><a rel=\"noreferrer noopener\" href=\"https:\/\/bncamazonas.com.br\/eleicoes-2022\/bolsonaro-24\/\" target=\"_blank\"><strong><em>Read More<\/em><\/strong><\/a><\/p>\n\n\n\n<p><\/p>\n\n\n\n<p><\/p>\n\n\n\n<p><strong>Governos estrangeiros recomendam distanciamento de Bolsonaro<\/strong><\/p>\n\n\n\n<p><em>UOL News, 26 Sep 2022<\/em><\/p>\n\n\n\n<p>Os sequestros por parte da campanha de&nbsp;<a rel=\"noreferrer noopener\" href=\"https:\/\/noticias.uol.com.br\/politica\/governo-bolsonaro\/\" target=\"_blank\"><strong>Jair Bolsonaro<\/strong><\/a>&nbsp;das viagens ao funeral da rainha Elizabeth 2\u00aa, em Londres, e \u00e0 abertura da Assembleia Geral da ONU levaram governos estrangeiros a consolidar uma orienta\u00e7\u00e3o de evitar qualquer contato mais expl\u00edcito, assinatura de acordos ou entendimentos com o Pal\u00e1cio do Planalto, at\u00e9 pelo menos que a elei\u00e7\u00e3o seja definida no Brasil.<\/p>\n\n\n\n<p><a rel=\"noreferrer noopener\" href=\"https:\/\/noticias.uol.com.br\/colunas\/jamil-chade\/2022\/09\/26\/governos-estrangeiros-recomendam-distanciamento-de-bolsonaro.amp.htm\" target=\"_blank\"><strong><em>Read More<\/em><\/strong><\/a><\/p>\n\n\n\n<p><\/p>\n\n\n\n<p><\/p>\n\n\n\n<p><strong>Australia: Groundbreaking decision creates pathway for climate justice on Torres Strait Islands<\/strong><\/p>\n\n\n\n<p><em>UN News, 23 Sep 2022<\/em><\/p>\n\n\n\n<p>The Committee&nbsp;issued its ground-breaking decision&nbsp;after examining a joint complaint filed by eight Australian nationals and six of their children \u2013 all indigenous inhabitants of Boigu, Poruma, Warraber and Masig, four small, low-lying islands in the country\u2019s Torres Strait region.<\/p>\n\n\n\n<p><a rel=\"noreferrer noopener\" href=\"https:\/\/news.un.org\/story\/2022\/09\/1127761\" target=\"_blank\"><strong><em>Read More<\/em><\/strong><\/a><\/p>\n\n\n\n<p><\/p>\n\n\n\n<p><\/p>\n\n\n\n<p><strong>\u201cIt\u2019s As If They\u2019re Poisoning Us\u201d The Health Impacts of Plastic Recycling in Turkey<\/strong><\/p>\n\n\n\n<p><em>Human Rights Watch, 21 Sep 2022<\/em><\/p>\n\n\n\n<p>\u201cAli,\u201d a man in his mid-20\u2019s, started working in plastic recycling in Adana, a city in the south of Turkey, when he was 13 years old. He worked 13 hours per day in a recycling facility sorting, shredding, and melting plastic into small pellets. Five years ago, Ali quit his job because he had trouble breathing that he thought was linked to air pollution in the recycling facility. \u201cThere\u2019s a strong smell of gas,\u201d he explained.<\/p>\n\n\n\n<p><a href=\"https:\/\/www.hrw.org\/report\/2022\/09\/21\/its-if-theyre-poisoning-us\/health-impacts-plastic-recycling-turkey\" target=\"_blank\" rel=\"noreferrer noopener\"><strong><em>Read More<\/em><\/strong><\/a><\/p>\n","protected":false},"excerpt":{"rendered":"<p>Side event on \u201cSituation of Human Rights of Indigenous People in Amazonia\u201d No Peace Without Justice, 30 Sep 2022 On the occasion of the 51st Session of the United Nations [&hellip;]<\/p>\n","protected":false},"author":4,"featured_media":241493,"comment_status":"closed","ping_status":"closed","sticky":false,"template":"","format":"standard","meta":{"_et_pb_use_builder":"off","_et_pb_old_content":"","_et_gb_content_width":"","footnotes":""},"categories":[69],"tags":[30],"cp_meta_data":{"_edit_lock":["1680268177:3"],"_wpml_word_count":["{\"total\":488,\"to_translate\":{\"it\":488}}"],"_edit_last":["3"],"eg_sources_html5_mp4":[""],"eg_sources_youtube":[""],"eg_sources_vimeo":[""],"eg_sources_wistia":[""],"eg_sources_image":[""],"eg_sources_iframe":[""],"eg_sources_soundcloud":[""],"eg_vimeo_ratio":["1"],"eg_youtube_ratio":["1"],"eg_wistia_ratio":["1"],"eg_html5_ratio":["1"],"eg_soundcloud_ratio":["1"],"eg_sources_essgrid":[""],"eg_featured_grid":[""],"eg_settings_custom_meta_skin":[""],"eg_settings_custom_meta_element":[""],"eg_settings_custom_meta_setting":[""],"eg_settings_custom_meta_style":[""],"eg_custom_meta_216":["true"],"eg_votes_count":["0"],"_et_post_bg_color":["#ffffff"],"_et_post_bg_layout":["light"],"_et_pb_show_title":["on"],"_et_pb_post_hide_nav":["default"],"_et_pb_page_layout":["et_right_sidebar"],"_et_pb_side_nav":["off"],"_wpml_media_duplicate":["1"],"_wpml_media_featured":["1"],"_et_pb_use_builder":["off"],"_et_pb_old_content":[""],"_et_gb_content_width":[""],"_wpml_location_migration_done":["1"],"_et_builder_dynamic_assets_loading_attr_threshold":["2"],"_et_pb_built_for_post_type":["page"],"_et_pb_ab_subjects":[""],"_et_pb_enable_shortcode_tracking":[""],"_et_pb_ab_current_shortcode":["[et_pb_split_track id=\"241898\" \/]"],"_et_pb_custom_css":[""],"_et_pb_gutter_width":["3"],"_global_colors_info":["{}"],"_et_pb_first_image":[""],"_et_pb_truncate_post":[""],"_et_pb_truncate_post_date":[""],"_et_builder_version":["VB|Divi|4.19.2"],"_et_pb_show_page_creation":["off"],"_wp_page_template":["default"],"_wp_old_date":["2022-11-02","2021-12-16","2022-11-08"],"eg_sources_revslider":[""],"_wpml_media_has_media":["1"],"_thumbnail_id":["241493"],"_wp_old_slug":["npwj-news-digest-on-environmental-justice-human-rights-9"],"_et_dynamic_cached_shortcodes":["a:13:{i:0;s:18:\"et_pb_column_inner\";i:1;s:18:\"et_pb_post_content\";i:2;s:13:\"et_pb_section\";i:3;s:9:\"et_pb_row\";i:4;s:12:\"et_pb_column\";i:5;s:15:\"et_pb_row_inner\";i:6;s:11:\"et_pb_blurb\";i:7;s:10:\"et_pb_code\";i:8;s:11:\"et_pb_image\";i:9;s:10:\"et_pb_menu\";i:10;s:16:\"et_pb_post_title\";i:11;s:13:\"et_pb_sidebar\";i:12;s:10:\"et_pb_text\";}"],"_et_dynamic_cached_attributes":["a:5:{s:9:\"specialty\";a:1:{i:0;s:2:\"on\";}s:17:\"use_custom_gutter\";a:1:{i:0;s:2:\"on\";}s:12:\"gutter_width\";a:1:{i:0;s:1:\"1\";}s:9:\"fullwidth\";a:1:{i:0;s:2:\"on\";}s:9:\"font_icon\";a:1:{i:0;s:19:\"&#xe010;||divi||400\";}}"],"et_enqueued_post_fonts":["a:3:{s:6:\"family\";a:1:{s:12:\"et-gf-roboto\";s:91:\"Roboto:100,100italic,300,300italic,regular,italic,500,500italic,700,700italic,900,900italic\";}s:6:\"subset\";a:2:{i:0;s:5:\"latin\";i:1;s:9:\"latin-ext\";}s:9:\"cache_key\";s:75:\"{\"gph\":-1,\"divi\":\"4.25.0\",\"wp\":\"6.5.2\",\"enable_all_character_sets\":\"false\"}\";}"],"_et_builder_module_features_cache":["a:2:{i:0;s:117:\"{\"gph\":-1,\"divi\":\"4.25.0\",\"wp\":\"6.5.2\",\"tb\":{\"255689\":\"2024-05-07 07:28:05\",\"255686\":\"2026-02-04 17:57:48\"},\"wpe\":[]}\";i:1;a:33:{s:46:\"et_pb_section_5afa4e695821d24f0e16cb528a154e44\";a:3:{s:4:\"mawi\";b:1;s:4:\"bosh\";b:1;s:4:\"anim\";b:1;}s:45:\"et_pb_column_c2f99ed31f38cee8be19b6c38f243437\";a:5:{s:4:\"cuma\";b:1;s:4:\"bosh\";b:1;s:3:\"pos\";b:1;s:5:\"mapac\";b:1;s:4:\"anim\";b:1;}s:48:\"et_pb_row_inner_de2fa3e840d2bede7feae3cb2cbe00a6\";a:3:{s:4:\"mawi\";b:1;s:4:\"bosh\";b:1;s:4:\"anim\";b:1;}s:51:\"et_pb_column_inner_3cdf90163e0e0f340994bb090ee342fc\";a:3:{s:4:\"bosh\";b:1;s:3:\"pos\";b:1;s:4:\"anim\";b:1;}s:49:\"et_pb_post_title_1b9af4722e6e4f401e6c9563d959ee66\";a:9:{s:4:\"glde\";a:11:{s:15:\"title_font_size\";s:4:\"26px\";s:20:\"title_letter_spacing\";s:3:\"0px\";s:17:\"title_line_height\";s:3:\"1em\";s:14:\"meta_font_size\";s:2:\"14\";s:19:\"meta_letter_spacing\";s:3:\"0px\";s:16:\"meta_line_height\";s:3:\"1em\";s:8:\"parallax\";s:3:\"off\";s:15:\"background_size\";s:5:\"cover\";s:19:\"background_position\";s:6:\"center\";s:17:\"background_repeat\";s:9:\"no-repeat\";s:16:\"background_blend\";s:6:\"normal\";}s:4:\"foop\";b:1;s:4:\"tesh\";b:1;s:4:\"cuma\";b:1;s:4:\"mawi\";b:1;s:4:\"bosh\";b:1;s:3:\"pos\";b:1;s:5:\"mapac\";b:1;s:4:\"anim\";b:1;}s:48:\"et_pb_row_inner_6a9d929b24109f8d1d33378557fe007c\";a:5:{s:4:\"cuma\";b:1;s:4:\"mawi\";b:1;s:4:\"bosh\";b:1;s:5:\"mapac\";b:1;s:4:\"anim\";b:1;}s:51:\"et_pb_post_content_cbaaaccb69f4acaf3b51e3f74d00e204\";a:9:{s:4:\"foop\";b:1;s:4:\"tesh\";b:1;s:3:\"bor\";b:1;s:4:\"cuma\";b:1;s:4:\"mawi\";b:1;s:4:\"bosh\";b:1;s:3:\"pos\";b:1;s:5:\"mapac\";b:1;s:4:\"anim\";b:1;}s:45:\"et_pb_column_fcdc69ff297ebe4b032eec6fe8213fc1\";a:5:{s:4:\"cuma\";b:1;s:4:\"bosh\";b:1;s:3:\"pos\";b:1;s:5:\"mapac\";b:1;s:4:\"anim\";b:1;}s:46:\"et_pb_sidebar_f0c5e7a3bf7753ffd1bda41d7ffb2e8d\";a:10:{s:4:\"glde\";a:6:{s:16:\"header_font_size\";s:2:\"18\";s:21:\"header_letter_spacing\";s:3:\"0px\";s:18:\"header_line_height\";s:3:\"1em\";s:14:\"body_font_size\";s:2:\"14\";s:19:\"body_letter_spacing\";s:3:\"0px\";s:16:\"body_line_height\";s:5:\"1.7em\";}s:4:\"foop\";b:1;s:4:\"tesh\";b:1;s:3:\"bor\";b:1;s:4:\"cuma\";b:1;s:4:\"mawi\";b:1;s:4:\"bosh\";b:1;s:3:\"pos\";b:1;s:5:\"mapac\";b:1;s:4:\"anim\";b:1;}s:46:\"et_pb_section_5e387afd34030127fba37ba2b8ace9e9\";a:5:{s:4:\"cuma\";b:1;s:4:\"mawi\";b:1;s:4:\"bosh\";b:1;s:5:\"mapac\";b:1;s:4:\"anim\";b:1;}s:46:\"et_pb_section_73ffe730fdcbb06d41a6da63f3c95445\";a:6:{s:4:\"cuma\";b:1;s:4:\"mawi\";b:1;s:4:\"bosh\";b:1;s:3:\"pos\";b:1;s:5:\"mapac\";b:1;s:4:\"anim\";b:1;}s:42:\"et_pb_row_a556bb6a4e48df40d8064fc0ff3fb5df\";a:6:{s:4:\"cuma\";b:1;s:4:\"mawi\";b:1;s:4:\"bosh\";b:1;s:3:\"pos\";b:1;s:5:\"mapac\";b:1;s:4:\"anim\";b:1;}s:45:\"et_pb_column_4058067f8c966ce1a23a069a8a4f08dc\";a:5:{s:4:\"cuma\";b:1;s:4:\"bosh\";b:1;s:3:\"pos\";b:1;s:5:\"mapac\";b:1;s:4:\"anim\";b:1;}s:43:\"et_pb_text_9006ac8c482479cac130af8c01ad462d\";a:9:{s:4:\"glde\";a:10:{s:14:\"text_font_size\";s:2:\"14\";s:19:\"text_letter_spacing\";s:3:\"0px\";s:16:\"text_line_height\";s:5:\"1.7em\";s:16:\"header_font_size\";s:4:\"30px\";s:21:\"header_letter_spacing\";s:3:\"0px\";s:18:\"header_line_height\";s:3:\"1em\";s:15:\"background_size\";s:5:\"cover\";s:19:\"background_position\";s:6:\"center\";s:17:\"background_repeat\";s:9:\"no-repeat\";s:16:\"background_blend\";s:6:\"normal\";}s:4:\"foop\";b:1;s:4:\"tesh\";b:1;s:4:\"cuma\";b:1;s:4:\"mawi\";b:1;s:4:\"bosh\";b:1;s:3:\"pos\";b:1;s:5:\"mapac\";b:1;s:4:\"anim\";b:1;}s:43:\"et_pb_text_36740a1a5c446af12338f21669e2f800\";a:7:{s:4:\"glde\";a:10:{s:14:\"text_font_size\";s:2:\"14\";s:19:\"text_letter_spacing\";s:3:\"0px\";s:16:\"text_line_height\";s:5:\"1.7em\";s:16:\"header_font_size\";s:4:\"30px\";s:21:\"header_letter_spacing\";s:3:\"0px\";s:18:\"header_line_height\";s:3:\"1em\";s:15:\"background_size\";s:5:\"cover\";s:19:\"background_position\";s:6:\"center\";s:17:\"background_repeat\";s:9:\"no-repeat\";s:16:\"background_blend\";s:6:\"normal\";}s:4:\"foop\";b:1;s:4:\"tesh\";b:1;s:4:\"mawi\";b:1;s:4:\"bosh\";b:1;s:3:\"pos\";b:1;s:4:\"anim\";b:1;}s:45:\"et_pb_column_e140a1c82d6ffe68734fe26d7d89e526\";a:3:{s:4:\"bosh\";b:1;s:3:\"pos\";b:1;s:4:\"anim\";b:1;}s:44:\"et_pb_blurb_c6a671e006a9a5aa2902de37b50e0dac\";a:10:{s:4:\"glde\";a:10:{s:16:\"header_font_size\";s:2:\"18\";s:21:\"header_letter_spacing\";s:3:\"0px\";s:18:\"header_line_height\";s:3:\"1em\";s:14:\"body_font_size\";s:2:\"14\";s:19:\"body_letter_spacing\";s:3:\"0px\";s:16:\"body_line_height\";s:5:\"1.7em\";s:15:\"background_size\";s:5:\"cover\";s:19:\"background_position\";s:6:\"center\";s:17:\"background_repeat\";s:9:\"no-repeat\";s:16:\"background_blend\";s:6:\"normal\";}s:4:\"foop\";b:1;s:4:\"tesh\";b:1;s:3:\"bor\";b:1;s:4:\"cuma\";b:1;s:4:\"mawi\";b:1;s:4:\"bosh\";b:1;s:3:\"pos\";b:1;s:5:\"mapac\";b:1;s:4:\"anim\";b:1;}s:44:\"et_pb_blurb_4431fb6070cfc66a093cd58b82317174\";a:10:{s:4:\"glde\";a:10:{s:16:\"header_font_size\";s:2:\"18\";s:21:\"header_letter_spacing\";s:3:\"0px\";s:18:\"header_line_height\";s:3:\"1em\";s:14:\"body_font_size\";s:2:\"14\";s:19:\"body_letter_spacing\";s:3:\"0px\";s:16:\"body_line_height\";s:5:\"1.7em\";s:15:\"background_size\";s:5:\"cover\";s:19:\"background_position\";s:6:\"center\";s:17:\"background_repeat\";s:9:\"no-repeat\";s:16:\"background_blend\";s:6:\"normal\";}s:4:\"foop\";b:1;s:4:\"tesh\";b:1;s:3:\"bor\";b:1;s:4:\"cuma\";b:1;s:4:\"mawi\";b:1;s:4:\"bosh\";b:1;s:3:\"pos\";b:1;s:5:\"mapac\";b:1;s:4:\"anim\";b:1;}s:42:\"et_pb_row_fe30f2c7a9d8d4f21ad7066293d75b05\";a:5:{s:4:\"cuma\";b:1;s:4:\"mawi\";b:1;s:4:\"bosh\";b:1;s:5:\"mapac\";b:1;s:4:\"anim\";b:1;}s:45:\"et_pb_column_5dc28e4af09c3f843bd1766ddaf84550\";a:3:{s:4:\"bosh\";b:1;s:3:\"pos\";b:1;s:4:\"anim\";b:1;}s:44:\"et_pb_image_349b637df1cd57216b2fa958e843a21d\";a:4:{s:4:\"mawi\";b:1;s:4:\"bosh\";b:1;s:3:\"pos\";b:1;s:4:\"anim\";b:1;}s:43:\"et_pb_text_504b948f98fe5004b03d61ba64cbc37c\";a:9:{s:4:\"glde\";a:10:{s:14:\"text_font_size\";s:2:\"14\";s:19:\"text_letter_spacing\";s:3:\"0px\";s:16:\"text_line_height\";s:5:\"1.7em\";s:16:\"header_font_size\";s:4:\"30px\";s:21:\"header_letter_spacing\";s:3:\"0px\";s:18:\"header_line_height\";s:3:\"1em\";s:15:\"background_size\";s:5:\"cover\";s:19:\"background_position\";s:6:\"center\";s:17:\"background_repeat\";s:9:\"no-repeat\";s:16:\"background_blend\";s:6:\"normal\";}s:4:\"foop\";b:1;s:4:\"tesh\";b:1;s:4:\"cuma\";b:1;s:4:\"mawi\";b:1;s:4:\"bosh\";b:1;s:3:\"pos\";b:1;s:5:\"mapac\";b:1;s:4:\"anim\";b:1;}s:43:\"et_pb_text_d070dbf98410adaa47a94ac94b351e59\";a:7:{s:4:\"glde\";a:10:{s:14:\"text_font_size\";s:2:\"14\";s:19:\"text_letter_spacing\";s:3:\"0px\";s:16:\"text_line_height\";s:5:\"1.7em\";s:16:\"header_font_size\";s:4:\"30px\";s:21:\"header_letter_spacing\";s:3:\"0px\";s:18:\"header_line_height\";s:3:\"1em\";s:15:\"background_size\";s:5:\"cover\";s:19:\"background_position\";s:6:\"center\";s:17:\"background_repeat\";s:9:\"no-repeat\";s:16:\"background_blend\";s:6:\"normal\";}s:4:\"foop\";b:1;s:4:\"tesh\";b:1;s:4:\"mawi\";b:1;s:4:\"bosh\";b:1;s:3:\"pos\";b:1;s:4:\"anim\";b:1;}s:45:\"et_pb_column_79de5eb789bca9c88820bc4bde50a01e\";a:3:{s:4:\"bosh\";b:1;s:3:\"pos\";b:1;s:4:\"anim\";b:1;}s:43:\"et_pb_text_dfbe96f8d14018050b82344b35ac3c46\";a:9:{s:4:\"glde\";a:10:{s:14:\"text_font_size\";s:2:\"14\";s:19:\"text_letter_spacing\";s:3:\"0px\";s:16:\"text_line_height\";s:5:\"1.7em\";s:16:\"header_font_size\";s:4:\"30px\";s:21:\"header_letter_spacing\";s:3:\"0px\";s:18:\"header_line_height\";s:3:\"1em\";s:15:\"background_size\";s:5:\"cover\";s:19:\"background_position\";s:6:\"center\";s:17:\"background_repeat\";s:9:\"no-repeat\";s:16:\"background_blend\";s:6:\"normal\";}s:4:\"foop\";b:1;s:4:\"tesh\";b:1;s:4:\"cuma\";b:1;s:4:\"mawi\";b:1;s:4:\"bosh\";b:1;s:3:\"pos\";b:1;s:5:\"mapac\";b:1;s:4:\"anim\";b:1;}s:43:\"et_pb_menu_7132e98a10dcd8e07f3f311657f555a9\";a:7:{s:4:\"glde\";a:4:{s:15:\"background_size\";s:5:\"cover\";s:19:\"background_position\";s:6:\"center\";s:17:\"background_repeat\";s:9:\"no-repeat\";s:16:\"background_blend\";s:6:\"normal\";}s:4:\"foop\";b:1;s:4:\"tesh\";b:1;s:4:\"mawi\";b:1;s:4:\"bosh\";b:1;s:3:\"pos\";b:1;s:4:\"anim\";b:1;}s:43:\"et_pb_code_efb8cae5f090ac93becbb45961f06609\";a:4:{s:4:\"mawi\";b:1;s:4:\"bosh\";b:1;s:3:\"pos\";b:1;s:4:\"anim\";b:1;}s:45:\"et_pb_column_117031078d4323fe2e7abfa8acb48bb0\";a:3:{s:4:\"bosh\";b:1;s:3:\"pos\";b:1;s:4:\"anim\";b:1;}s:43:\"et_pb_text_494bd6cab2131bb2f0990db6f956e4bc\";a:9:{s:4:\"glde\";a:10:{s:14:\"text_font_size\";s:2:\"14\";s:19:\"text_letter_spacing\";s:3:\"0px\";s:16:\"text_line_height\";s:5:\"1.7em\";s:16:\"header_font_size\";s:4:\"30px\";s:21:\"header_letter_spacing\";s:3:\"0px\";s:18:\"header_line_height\";s:3:\"1em\";s:15:\"background_size\";s:5:\"cover\";s:19:\"background_position\";s:6:\"center\";s:17:\"background_repeat\";s:9:\"no-repeat\";s:16:\"background_blend\";s:6:\"normal\";}s:4:\"foop\";b:1;s:4:\"tesh\";b:1;s:4:\"cuma\";b:1;s:4:\"mawi\";b:1;s:4:\"bosh\";b:1;s:3:\"pos\";b:1;s:5:\"mapac\";b:1;s:4:\"anim\";b:1;}s:43:\"et_pb_menu_ab8f93e8371449d22062721ae240ac63\";a:7:{s:4:\"glde\";a:4:{s:15:\"background_size\";s:5:\"cover\";s:19:\"background_position\";s:6:\"center\";s:17:\"background_repeat\";s:9:\"no-repeat\";s:16:\"background_blend\";s:6:\"normal\";}s:4:\"foop\";b:1;s:4:\"tesh\";b:1;s:4:\"mawi\";b:1;s:4:\"bosh\";b:1;s:3:\"pos\";b:1;s:4:\"anim\";b:1;}s:42:\"et_pb_row_3f40d0bd314e66b17cd66ef9e5e16f49\";a:5:{s:4:\"cuma\";b:1;s:4:\"mawi\";b:1;s:4:\"bosh\";b:1;s:5:\"mapac\";b:1;s:4:\"anim\";b:1;}s:43:\"et_pb_text_90108e3802d6f3dc115e0bde72642077\";a:7:{s:4:\"glde\";a:10:{s:14:\"text_font_size\";s:2:\"14\";s:19:\"text_letter_spacing\";s:3:\"0px\";s:16:\"text_line_height\";s:5:\"1.7em\";s:16:\"header_font_size\";s:4:\"30px\";s:21:\"header_letter_spacing\";s:3:\"0px\";s:18:\"header_line_height\";s:3:\"1em\";s:15:\"background_size\";s:5:\"cover\";s:19:\"background_position\";s:6:\"center\";s:17:\"background_repeat\";s:9:\"no-repeat\";s:16:\"background_blend\";s:6:\"normal\";}s:4:\"foop\";b:1;s:4:\"tesh\";b:1;s:4:\"mawi\";b:1;s:4:\"bosh\";b:1;s:3:\"pos\";b:1;s:4:\"anim\";b:1;}s:43:\"et_pb_menu_409c3c01e55b34ca258d81debf5400cb\";a:7:{s:4:\"glde\";a:4:{s:15:\"background_size\";s:5:\"cover\";s:19:\"background_position\";s:6:\"center\";s:17:\"background_repeat\";s:9:\"no-repeat\";s:16:\"background_blend\";s:6:\"normal\";}s:4:\"foop\";b:1;s:4:\"tesh\";b:1;s:4:\"mawi\";b:1;s:4:\"bosh\";b:1;s:3:\"pos\";b:1;s:4:\"anim\";b:1;}}}"]},"yoast_head":"<!-- This site is optimized with the Yoast SEO plugin v22.6 - https:\/\/yoast.com\/wordpress\/plugins\/seo\/ -->\n<title>19 September 2022 - Environmental Justice &amp; Human Rights - NPWJ<\/title>\n<meta name=\"robots\" content=\"index, follow, max-snippet:-1, max-image-preview:large, max-video-preview:-1\" \/>\n<link rel=\"canonical\" href=\"https:\/\/www.npwj.org\/digest\/19-september-2022-environmental-justice-human-rights\/\" \/>\n<meta property=\"og:locale\" content=\"it_IT\" \/>\n<meta property=\"og:type\" content=\"article\" \/>\n<meta property=\"og:title\" content=\"19 September 2022 - Environmental Justice &amp; Human Rights - NPWJ\" \/>\n<meta property=\"og:description\" content=\"Side event on \u201cSituation of Human Rights of Indigenous People in Amazonia\u201d No Peace Without Justice, 30 Sep 2022 On the occasion of the 51st Session of the United Nations [&hellip;]\" \/>\n<meta property=\"og:url\" content=\"https:\/\/www.npwj.org\/digest\/19-september-2022-environmental-justice-human-rights\/\" \/>\n<meta property=\"og:site_name\" content=\"NPWJ\" \/>\n<meta property=\"article:publisher\" content=\"https:\/\/www.facebook.com\/npwj.org\/\" \/>\n<meta property=\"article:published_time\" content=\"2022-09-19T10:09:01+00:00\" \/>\n<meta property=\"article:modified_time\" content=\"2023-02-21T15:52:24+00:00\" \/>\n<meta property=\"og:image\" content=\"https:\/\/www.npwj.org\/wp-content\/uploads\/2022\/12\/npwj-digest.png\" \/>\n\t<meta property=\"og:image:width\" content=\"1200\" \/>\n\t<meta property=\"og:image:height\" content=\"630\" \/>\n\t<meta property=\"og:image:type\" content=\"image\/png\" \/>\n<meta name=\"author\" content=\"Marco Cerrone\" \/>\n<meta name=\"twitter:card\" content=\"summary_large_image\" \/>\n<meta name=\"twitter:creator\" content=\"@npwjpress\" \/>\n<meta name=\"twitter:site\" content=\"@npwjpress\" \/>\n<script type=\"application\/ld+json\" class=\"yoast-schema-graph\">{\"@context\":\"https:\/\/schema.org\",\"@graph\":[{\"@type\":\"Article\",\"@id\":\"https:\/\/www.npwj.org\/digest\/19-september-2022-environmental-justice-human-rights\/#article\",\"isPartOf\":{\"@id\":\"https:\/\/www.npwj.org\/digest\/19-september-2022-environmental-justice-human-rights\/\"},\"author\":{\"name\":\"Marco Cerrone\",\"@id\":\"https:\/\/www.npwj.org\/#\/schema\/person\/4cf88174fa3c593c3305326620a4e898\"},\"headline\":\"19 September 2022 &#8211; Environmental Justice &#038; Human Rights\",\"datePublished\":\"2022-09-19T10:09:01+00:00\",\"dateModified\":\"2023-02-21T15:52:24+00:00\",\"mainEntityOfPage\":{\"@id\":\"https:\/\/www.npwj.org\/digest\/19-september-2022-environmental-justice-human-rights\/\"},\"wordCount\":1156,\"publisher\":{\"@id\":\"https:\/\/www.npwj.org\/#organization\"},\"image\":{\"@id\":\"https:\/\/www.npwj.org\/digest\/19-september-2022-environmental-justice-human-rights\/#primaryimage\"},\"thumbnailUrl\":\"https:\/\/www.npwj.org\/wp-content\/uploads\/2022\/12\/npwj-digest.png\",\"keywords\":[\"Amazonia\"],\"articleSection\":[\"News Digests\"],\"inLanguage\":\"it-IT\"},{\"@type\":\"WebPage\",\"@id\":\"https:\/\/www.npwj.org\/digest\/19-september-2022-environmental-justice-human-rights\/\",\"url\":\"https:\/\/www.npwj.org\/digest\/19-september-2022-environmental-justice-human-rights\/\",\"name\":\"19 September 2022 - Environmental Justice & Human Rights - NPWJ\",\"isPartOf\":{\"@id\":\"https:\/\/www.npwj.org\/#website\"},\"primaryImageOfPage\":{\"@id\":\"https:\/\/www.npwj.org\/digest\/19-september-2022-environmental-justice-human-rights\/#primaryimage\"},\"image\":{\"@id\":\"https:\/\/www.npwj.org\/digest\/19-september-2022-environmental-justice-human-rights\/#primaryimage\"},\"thumbnailUrl\":\"https:\/\/www.npwj.org\/wp-content\/uploads\/2022\/12\/npwj-digest.png\",\"datePublished\":\"2022-09-19T10:09:01+00:00\",\"dateModified\":\"2023-02-21T15:52:24+00:00\",\"breadcrumb\":{\"@id\":\"https:\/\/www.npwj.org\/digest\/19-september-2022-environmental-justice-human-rights\/#breadcrumb\"},\"inLanguage\":\"it-IT\",\"potentialAction\":[{\"@type\":\"ReadAction\",\"target\":[\"https:\/\/www.npwj.org\/digest\/19-september-2022-environmental-justice-human-rights\/\"]}]},{\"@type\":\"ImageObject\",\"inLanguage\":\"it-IT\",\"@id\":\"https:\/\/www.npwj.org\/digest\/19-september-2022-environmental-justice-human-rights\/#primaryimage\",\"url\":\"https:\/\/www.npwj.org\/wp-content\/uploads\/2022\/12\/npwj-digest.png\",\"contentUrl\":\"https:\/\/www.npwj.org\/wp-content\/uploads\/2022\/12\/npwj-digest.png\",\"width\":1200,\"height\":630},{\"@type\":\"BreadcrumbList\",\"@id\":\"https:\/\/www.npwj.org\/digest\/19-september-2022-environmental-justice-human-rights\/#breadcrumb\",\"itemListElement\":[{\"@type\":\"ListItem\",\"position\":1,\"name\":\"Home\",\"item\":\"https:\/\/www.npwj.org\/\"},{\"@type\":\"ListItem\",\"position\":2,\"name\":\"19 September 2022 &#8211; Environmental Justice &#038; Human Rights\"}]},{\"@type\":\"WebSite\",\"@id\":\"https:\/\/www.npwj.org\/#website\",\"url\":\"https:\/\/www.npwj.org\/\",\"name\":\"NPWJ\",\"description\":\"No Peace Without Justice\",\"publisher\":{\"@id\":\"https:\/\/www.npwj.org\/#organization\"},\"alternateName\":\"NPWJ\",\"potentialAction\":[{\"@type\":\"SearchAction\",\"target\":{\"@type\":\"EntryPoint\",\"urlTemplate\":\"https:\/\/www.npwj.org\/?s={search_term_string}\"},\"query-input\":\"required name=search_term_string\"}],\"inLanguage\":\"it-IT\"},{\"@type\":\"Organization\",\"@id\":\"https:\/\/www.npwj.org\/#organization\",\"name\":\"No Peace Without Justice\",\"alternateName\":\"NPWJ\",\"url\":\"https:\/\/www.npwj.org\/\",\"logo\":{\"@type\":\"ImageObject\",\"inLanguage\":\"it-IT\",\"@id\":\"https:\/\/www.npwj.org\/#\/schema\/logo\/image\/\",\"url\":\"https:\/\/www.npwj.org\/wp-content\/uploads\/2024\/05\/logo-npwj-npsg.png\",\"contentUrl\":\"https:\/\/www.npwj.org\/wp-content\/uploads\/2024\/05\/logo-npwj-npsg.png\",\"width\":1080,\"height\":1080,\"caption\":\"No Peace Without Justice\"},\"image\":{\"@id\":\"https:\/\/www.npwj.org\/#\/schema\/logo\/image\/\"},\"sameAs\":[\"https:\/\/www.facebook.com\/npwj.org\/\",\"https:\/\/x.com\/npwjpress\",\"https:\/\/www.instagram.com\/npwj_\/\"]},{\"@type\":\"Person\",\"@id\":\"https:\/\/www.npwj.org\/#\/schema\/person\/4cf88174fa3c593c3305326620a4e898\",\"name\":\"Marco Cerrone\",\"image\":{\"@type\":\"ImageObject\",\"inLanguage\":\"it-IT\",\"@id\":\"https:\/\/www.npwj.org\/#\/schema\/person\/image\/\",\"url\":\"https:\/\/secure.gravatar.com\/avatar\/d4236e84eb0c170002c3cf3c1c9941e8?s=96&d=mm&r=g\",\"contentUrl\":\"https:\/\/secure.gravatar.com\/avatar\/d4236e84eb0c170002c3cf3c1c9941e8?s=96&d=mm&r=g\",\"caption\":\"Marco Cerrone\"}}]}<\/script>\n<!-- \/ Yoast SEO plugin. -->","yoast_head_json":{"title":"19 September 2022 - Environmental Justice & Human Rights - NPWJ","robots":{"index":"index","follow":"follow","max-snippet":"max-snippet:-1","max-image-preview":"max-image-preview:large","max-video-preview":"max-video-preview:-1"},"canonical":"https:\/\/www.npwj.org\/digest\/19-september-2022-environmental-justice-human-rights\/","og_locale":"it_IT","og_type":"article","og_title":"19 September 2022 - Environmental Justice & Human Rights - NPWJ","og_description":"Side event on \u201cSituation of Human Rights of Indigenous People in Amazonia\u201d No Peace Without Justice, 30 Sep 2022 On the occasion of the 51st Session of the United Nations [&hellip;]","og_url":"https:\/\/www.npwj.org\/digest\/19-september-2022-environmental-justice-human-rights\/","og_site_name":"NPWJ","article_publisher":"https:\/\/www.facebook.com\/npwj.org\/","article_published_time":"2022-09-19T10:09:01+00:00","article_modified_time":"2023-02-21T15:52:24+00:00","og_image":[{"width":1200,"height":630,"url":"https:\/\/www.npwj.org\/wp-content\/uploads\/2022\/12\/npwj-digest.png","type":"image\/png"}],"author":"Marco Cerrone","twitter_card":"summary_large_image","twitter_creator":"@npwjpress","twitter_site":"@npwjpress","schema":{"@context":"https:\/\/schema.org","@graph":[{"@type":"Article","@id":"https:\/\/www.npwj.org\/digest\/19-september-2022-environmental-justice-human-rights\/#article","isPartOf":{"@id":"https:\/\/www.npwj.org\/digest\/19-september-2022-environmental-justice-human-rights\/"},"author":{"name":"Marco Cerrone","@id":"https:\/\/www.npwj.org\/#\/schema\/person\/4cf88174fa3c593c3305326620a4e898"},"headline":"19 September 2022 &#8211; Environmental Justice &#038; Human Rights","datePublished":"2022-09-19T10:09:01+00:00","dateModified":"2023-02-21T15:52:24+00:00","mainEntityOfPage":{"@id":"https:\/\/www.npwj.org\/digest\/19-september-2022-environmental-justice-human-rights\/"},"wordCount":1156,"publisher":{"@id":"https:\/\/www.npwj.org\/#organization"},"image":{"@id":"https:\/\/www.npwj.org\/digest\/19-september-2022-environmental-justice-human-rights\/#primaryimage"},"thumbnailUrl":"https:\/\/www.npwj.org\/wp-content\/uploads\/2022\/12\/npwj-digest.png","keywords":["Amazonia"],"articleSection":["News Digests"],"inLanguage":"it-IT"},{"@type":"WebPage","@id":"https:\/\/www.npwj.org\/digest\/19-september-2022-environmental-justice-human-rights\/","url":"https:\/\/www.npwj.org\/digest\/19-september-2022-environmental-justice-human-rights\/","name":"19 September 2022 - Environmental Justice & Human Rights - NPWJ","isPartOf":{"@id":"https:\/\/www.npwj.org\/#website"},"primaryImageOfPage":{"@id":"https:\/\/www.npwj.org\/digest\/19-september-2022-environmental-justice-human-rights\/#primaryimage"},"image":{"@id":"https:\/\/www.npwj.org\/digest\/19-september-2022-environmental-justice-human-rights\/#primaryimage"},"thumbnailUrl":"https:\/\/www.npwj.org\/wp-content\/uploads\/2022\/12\/npwj-digest.png","datePublished":"2022-09-19T10:09:01+00:00","dateModified":"2023-02-21T15:52:24+00:00","breadcrumb":{"@id":"https:\/\/www.npwj.org\/digest\/19-september-2022-environmental-justice-human-rights\/#breadcrumb"},"inLanguage":"it-IT","potentialAction":[{"@type":"ReadAction","target":["https:\/\/www.npwj.org\/digest\/19-september-2022-environmental-justice-human-rights\/"]}]},{"@type":"ImageObject","inLanguage":"it-IT","@id":"https:\/\/www.npwj.org\/digest\/19-september-2022-environmental-justice-human-rights\/#primaryimage","url":"https:\/\/www.npwj.org\/wp-content\/uploads\/2022\/12\/npwj-digest.png","contentUrl":"https:\/\/www.npwj.org\/wp-content\/uploads\/2022\/12\/npwj-digest.png","width":1200,"height":630},{"@type":"BreadcrumbList","@id":"https:\/\/www.npwj.org\/digest\/19-september-2022-environmental-justice-human-rights\/#breadcrumb","itemListElement":[{"@type":"ListItem","position":1,"name":"Home","item":"https:\/\/www.npwj.org\/"},{"@type":"ListItem","position":2,"name":"19 September 2022 &#8211; Environmental Justice &#038; Human Rights"}]},{"@type":"WebSite","@id":"https:\/\/www.npwj.org\/#website","url":"https:\/\/www.npwj.org\/","name":"NPWJ","description":"No Peace Without Justice","publisher":{"@id":"https:\/\/www.npwj.org\/#organization"},"alternateName":"NPWJ","potentialAction":[{"@type":"SearchAction","target":{"@type":"EntryPoint","urlTemplate":"https:\/\/www.npwj.org\/?s={search_term_string}"},"query-input":"required name=search_term_string"}],"inLanguage":"it-IT"},{"@type":"Organization","@id":"https:\/\/www.npwj.org\/#organization","name":"No Peace Without Justice","alternateName":"NPWJ","url":"https:\/\/www.npwj.org\/","logo":{"@type":"ImageObject","inLanguage":"it-IT","@id":"https:\/\/www.npwj.org\/#\/schema\/logo\/image\/","url":"https:\/\/www.npwj.org\/wp-content\/uploads\/2024\/05\/logo-npwj-npsg.png","contentUrl":"https:\/\/www.npwj.org\/wp-content\/uploads\/2024\/05\/logo-npwj-npsg.png","width":1080,"height":1080,"caption":"No Peace Without Justice"},"image":{"@id":"https:\/\/www.npwj.org\/#\/schema\/logo\/image\/"},"sameAs":["https:\/\/www.facebook.com\/npwj.org\/","https:\/\/x.com\/npwjpress","https:\/\/www.instagram.com\/npwj_\/"]},{"@type":"Person","@id":"https:\/\/www.npwj.org\/#\/schema\/person\/4cf88174fa3c593c3305326620a4e898","name":"Marco Cerrone","image":{"@type":"ImageObject","inLanguage":"it-IT","@id":"https:\/\/www.npwj.org\/#\/schema\/person\/image\/","url":"https:\/\/secure.gravatar.com\/avatar\/d4236e84eb0c170002c3cf3c1c9941e8?s=96&d=mm&r=g","contentUrl":"https:\/\/secure.gravatar.com\/avatar\/d4236e84eb0c170002c3cf3c1c9941e8?s=96&d=mm&r=g","caption":"Marco Cerrone"}}]}},"_links":{"self":[{"href":"https:\/\/www.npwj.org\/it\/wp-json\/wp\/v2\/posts\/241898"}],"collection":[{"href":"https:\/\/www.npwj.org\/it\/wp-json\/wp\/v2\/posts"}],"about":[{"href":"https:\/\/www.npwj.org\/it\/wp-json\/wp\/v2\/types\/post"}],"author":[{"embeddable":true,"href":"https:\/\/www.npwj.org\/it\/wp-json\/wp\/v2\/users\/4"}],"replies":[{"embeddable":true,"href":"https:\/\/www.npwj.org\/it\/wp-json\/wp\/v2\/comments?post=241898"}],"version-history":[{"count":5,"href":"https:\/\/www.npwj.org\/it\/wp-json\/wp\/v2\/posts\/241898\/revisions"}],"predecessor-version":[{"id":245455,"href":"https:\/\/www.npwj.org\/it\/wp-json\/wp\/v2\/posts\/241898\/revisions\/245455"}],"wp:featuredmedia":[{"embeddable":true,"href":"https:\/\/www.npwj.org\/it\/wp-json\/wp\/v2\/media\/241493"}],"wp:attachment":[{"href":"https:\/\/www.npwj.org\/it\/wp-json\/wp\/v2\/media?parent=241898"}],"wp:term":[{"taxonomy":"category","embeddable":true,"href":"https:\/\/www.npwj.org\/it\/wp-json\/wp\/v2\/categories?post=241898"},{"taxonomy":"post_tag","embeddable":true,"href":"https:\/\/www.npwj.org\/it\/wp-json\/wp\/v2\/tags?post=241898"}],"curies":[{"name":"wp","href":"https:\/\/api.w.org\/{rel}","templated":true}]}}