{"id":248142,"date":"2009-11-02T11:21:17","date_gmt":"2009-11-02T10:21:17","guid":{"rendered":"https:\/\/www.npwj.org\/?p=248142"},"modified":"2023-06-22T11:25:14","modified_gmt":"2023-06-22T09:25:14","slug":"marco-pannella-guidera-la-delegazione-di-non-ce-pace-senza-giustizia-alla-riunione-ministeriale-del-forum-per-il-futuro-a-marrakesh-il-2-3-novembre-2009","status":"publish","type":"post","link":"https:\/\/www.npwj.org\/it\/dicono-di-noi\/marco-pannella-guidera-la-delegazione-di-non-ce-pace-senza-giustizia-alla-riunione-ministeriale-del-forum-per-il-futuro-a-marrakesh-il-2-3-novembre-2009\/","title":{"rendered":"Marco Pannella guidera\u2019 la delegazione di Non c\u2019e\u2019 Pace Senza Giustizia alla riunione ministeriale del Forum per il Futuro a Marrakesh il 2-3 Novembre 2009"},"content":{"rendered":"<p><a href=\"http:\/\/www.npwj.org\/sites\/default\/files\/documents\/\/NPSG_PR_FfFMinisterialeMarrakesh_2Nov09.pdf\" target=\"_blank\" rel=\"noopener\">Scarica<\/a>\u00a0il comunicato<\/p>\n<p>Una delegazione dell\u2019associazione radicale Non c\u2019\u00e8 Pace Senza Giustizia (NPSG), guidata da Marco Pannella, parteciper\u00e0 alla Riunione Ministeriale del\u00a0<a href=\"http:\/\/www.maec.gov.ma\/future2009\/en\/\">Forum per il Futuro 2009<\/a>, che si terr\u00e0 il 2-3 novembre 2009 a Marrakesh, in Marocco, sotto la co-presidenza italiana e marocchina. La riunione vedr\u00e0 la partecipazione di delegazioni governative e rappresentanti della societ\u00e0 civile dei paesi del G8 e della regione del Medio Oriente e del Nord Africa (BMENA), nonch\u00e8 organizzazioni e istituzioni regionali e internazionali, per discutere dei progressi ottenuti nell\u2019ambito delle riforme politiche e della promozione dei diritti umani nella regione nonch\u00e8 delle prospettive di cooperazione tra societ\u00e0 civile e governi su questi temi.<\/p>\n<p>Durante la riunione ministeriale verranno presentati e discusse le raccomandazioni emerse dai tre workshops organizzati a Beirut (Libano), Rabat (Marocco) e Doha (Qatar) da NPSG in cooperazione con partners locali (l&#8217;Organizzazione libanese per l\u2019Azione Civica (OPAC), l&#8217;Organizzazione Marocchina per i Diritti Umani (OMDH), l\u2019\u201cArab Democracy Foundation\u201d (ADF) e la Commissione Nazionale per i diritti umani del Qatar).<\/p>\n<p>I tre incontri costituivano parte di una serie di iniziative organizzate in preparazione del Forum per il Futuro 2009, in coordinazione con il Dialogo per l\u2019Assistenza alla Democrazia (Democracy Assistance Dialogue &#8211; DAD), con lo scopo di promuovere un dialogo produttivo e paritario tra la societ\u00e0 civile e i governi del Medio Oriente e del Nord Africa, il G8 ed altri partner democratici, su tematiche riguardanti lo sviluppo umano e la sicurezza umana, le riforme economiche e politiche nei paesi della regione.<\/p>\n<p>Questi workshop hanno fornito il contesto per un concreto scambio tra attori governativi di alto livello ed attori non governativi della regione, al fine di sviluppare proposte ed obiettivi su cui possono giungere ad un accordo congiunto. In tale senso, i workshop tenutosi a Rabat, Beirut e Doha si basano sui principi guida per rafforzare il dialogo e la cooperazione tra i governi e la societ\u00e0 civile contenuti nel \u201cDocumento di Partnership\u201d, che \u00e8 stato accolto dal Quinto Forum per il Futuro tenutosi a Abu Dhabi nell&#8217;ottobre del 2008.<\/p>\n<p>Per ulteriori informazioni, si prega di contattare: Gianluca Eramo, email:\u00a0<a href=\"mailto:geramo@npwj.org\">geramo@npwj.org<\/a>, telefono: +32 494 533 925. Maggiori informazioni sul Forum sono anche disponibili sul sito:\u00a0<a href=\"http:\/\/www.maec.gov.ma\/future2009\/en\/\">http:\/\/www.maec.gov.ma\/future2009\/en\/<\/a><\/p>\n","protected":false},"excerpt":{"rendered":"<p>Scarica\u00a0il comunicato Una delegazione dell\u2019associazione radicale Non c\u2019\u00e8 Pace Senza Giustizia (NPSG), guidata da Marco Pannella, parteciper\u00e0 alla Riunione Ministeriale del\u00a0Forum per il Futuro 2009, che si terr\u00e0 il 2-3 [&hellip;]<\/p>\n","protected":false},"author":13,"featured_media":247639,"comment_status":"closed","ping_status":"closed","sticky":false,"template":"","format":"standard","meta":{"_et_pb_use_builder":"","_et_pb_old_content":"","_et_gb_content_width":"","footnotes":""},"categories":[127],"tags":[387,705,270],"cp_meta_data":{"_wpml_word_count":["{\"total\":0,\"to_translate\":{\"en\":2,\"it\":2}}"],"_edit_lock":["1687425780:14"],"_edit_last":["14"],"_wpml_media_duplicate":["1"],"_wpml_media_featured":["1"],"_et_pb_page_layout":["et_right_sidebar"],"_et_pb_side_nav":["off"],"_et_pb_post_hide_nav":["default"],"_et_pb_show_title":["on"],"_et_pb_use_builder":[""],"_et_post_bg_color":["#ffffff"],"_et_post_bg_layout":["light"],"_thumbnail_id":["247639"],"_last_translation_edit_mode":["native-editor"],"_encloseme":["1"],"eg_sources_html5_mp4":[""],"eg_sources_youtube":[""],"eg_sources_vimeo":[""],"eg_sources_wistia":[""],"eg_sources_image":[""],"eg_sources_iframe":[""],"eg_sources_soundcloud":[""],"eg_vimeo_ratio":["1"],"eg_youtube_ratio":["1"],"eg_wistia_ratio":["1"],"eg_html5_ratio":["1"],"eg_soundcloud_ratio":["1"],"eg_sources_essgrid":[""],"eg_featured_grid":[""],"eg_settings_custom_meta_skin":[""],"eg_settings_custom_meta_element":[""],"eg_settings_custom_meta_setting":[""],"eg_settings_custom_meta_style":[""],"eg_custom_meta_216":["true"],"eg_votes_count":["0"],"_et_pb_first_image":[""],"_et_pb_truncate_post":[""],"_et_pb_truncate_post_date":[""],"_et_pb_old_content":[""],"_wpml_media_has_media":["1"],"_et_builder_dynamic_assets_loading_attr_threshold":["2"],"_et_dynamic_cached_shortcodes":["a:13:{i:0;s:18:\"et_pb_column_inner\";i:1;s:18:\"et_pb_post_content\";i:2;s:13:\"et_pb_section\";i:3;s:9:\"et_pb_row\";i:4;s:12:\"et_pb_column\";i:5;s:15:\"et_pb_row_inner\";i:6;s:11:\"et_pb_blurb\";i:7;s:10:\"et_pb_code\";i:8;s:11:\"et_pb_image\";i:9;s:10:\"et_pb_menu\";i:10;s:16:\"et_pb_post_title\";i:11;s:13:\"et_pb_sidebar\";i:12;s:10:\"et_pb_text\";}"],"_et_dynamic_cached_attributes":["a:5:{s:9:\"specialty\";a:1:{i:0;s:2:\"on\";}s:17:\"use_custom_gutter\";a:1:{i:0;s:2:\"on\";}s:12:\"gutter_width\";a:1:{i:0;s:1:\"1\";}s:9:\"fullwidth\";a:1:{i:0;s:2:\"on\";}s:9:\"font_icon\";a:1:{i:0;s:19:\"&#xe010;||divi||400\";}}"],"et_enqueued_post_fonts":["a:3:{s:6:\"family\";a:1:{s:12:\"et-gf-roboto\";s:91:\"Roboto:100,100italic,300,300italic,regular,italic,500,500italic,700,700italic,900,900italic\";}s:6:\"subset\";a:2:{i:0;s:5:\"latin\";i:1;s:9:\"latin-ext\";}s:9:\"cache_key\";s:75:\"{\"gph\":-1,\"divi\":\"4.25.0\",\"wp\":\"6.5.2\",\"enable_all_character_sets\":\"false\"}\";}"],"_et_builder_module_features_cache":["a:2:{i:0;s:117:\"{\"gph\":-1,\"divi\":\"4.25.0\",\"wp\":\"6.5.2\",\"tb\":{\"255689\":\"2024-05-07 07:28:05\",\"255786\":\"2024-05-09 18:48:34\"},\"wpe\":[]}\";i:1;a:32:{s:46:\"et_pb_section_5afa4e695821d24f0e16cb528a154e44\";a:3:{s:4:\"mawi\";b:1;s:4:\"bosh\";b:1;s:4:\"anim\";b:1;}s:45:\"et_pb_column_c2f99ed31f38cee8be19b6c38f243437\";a:5:{s:4:\"cuma\";b:1;s:4:\"bosh\";b:1;s:3:\"pos\";b:1;s:5:\"mapac\";b:1;s:4:\"anim\";b:1;}s:48:\"et_pb_row_inner_de2fa3e840d2bede7feae3cb2cbe00a6\";a:3:{s:4:\"mawi\";b:1;s:4:\"bosh\";b:1;s:4:\"anim\";b:1;}s:51:\"et_pb_column_inner_3cdf90163e0e0f340994bb090ee342fc\";a:3:{s:4:\"bosh\";b:1;s:3:\"pos\";b:1;s:4:\"anim\";b:1;}s:49:\"et_pb_post_title_1b9af4722e6e4f401e6c9563d959ee66\";a:9:{s:4:\"glde\";a:11:{s:15:\"title_font_size\";s:4:\"26px\";s:20:\"title_letter_spacing\";s:3:\"0px\";s:17:\"title_line_height\";s:3:\"1em\";s:14:\"meta_font_size\";s:2:\"14\";s:19:\"meta_letter_spacing\";s:3:\"0px\";s:16:\"meta_line_height\";s:3:\"1em\";s:8:\"parallax\";s:3:\"off\";s:15:\"background_size\";s:5:\"cover\";s:19:\"background_position\";s:6:\"center\";s:17:\"background_repeat\";s:9:\"no-repeat\";s:16:\"background_blend\";s:6:\"normal\";}s:4:\"foop\";b:1;s:4:\"tesh\";b:1;s:4:\"cuma\";b:1;s:4:\"mawi\";b:1;s:4:\"bosh\";b:1;s:3:\"pos\";b:1;s:5:\"mapac\";b:1;s:4:\"anim\";b:1;}s:48:\"et_pb_row_inner_6a9d929b24109f8d1d33378557fe007c\";a:5:{s:4:\"cuma\";b:1;s:4:\"mawi\";b:1;s:4:\"bosh\";b:1;s:5:\"mapac\";b:1;s:4:\"anim\";b:1;}s:51:\"et_pb_post_content_cbaaaccb69f4acaf3b51e3f74d00e204\";a:9:{s:4:\"foop\";b:1;s:4:\"tesh\";b:1;s:3:\"bor\";b:1;s:4:\"cuma\";b:1;s:4:\"mawi\";b:1;s:4:\"bosh\";b:1;s:3:\"pos\";b:1;s:5:\"mapac\";b:1;s:4:\"anim\";b:1;}s:45:\"et_pb_column_fcdc69ff297ebe4b032eec6fe8213fc1\";a:5:{s:4:\"cuma\";b:1;s:4:\"bosh\";b:1;s:3:\"pos\";b:1;s:5:\"mapac\";b:1;s:4:\"anim\";b:1;}s:46:\"et_pb_sidebar_f0c5e7a3bf7753ffd1bda41d7ffb2e8d\";a:10:{s:4:\"glde\";a:6:{s:16:\"header_font_size\";s:2:\"18\";s:21:\"header_letter_spacing\";s:3:\"0px\";s:18:\"header_line_height\";s:3:\"1em\";s:14:\"body_font_size\";s:2:\"14\";s:19:\"body_letter_spacing\";s:3:\"0px\";s:16:\"body_line_height\";s:5:\"1.7em\";}s:4:\"foop\";b:1;s:4:\"tesh\";b:1;s:3:\"bor\";b:1;s:4:\"cuma\";b:1;s:4:\"mawi\";b:1;s:4:\"bosh\";b:1;s:3:\"pos\";b:1;s:5:\"mapac\";b:1;s:4:\"anim\";b:1;}s:46:\"et_pb_section_82ee6d19694244f4273784c3b485c394\";a:5:{s:4:\"cuma\";b:1;s:4:\"mawi\";b:1;s:4:\"bosh\";b:1;s:5:\"mapac\";b:1;s:4:\"anim\";b:1;}s:46:\"et_pb_section_406a8e8b44e6b40e00c07e27d40672ad\";a:6:{s:4:\"cuma\";b:1;s:4:\"mawi\";b:1;s:4:\"bosh\";b:1;s:3:\"pos\";b:1;s:5:\"mapac\";b:1;s:4:\"anim\";b:1;}s:42:\"et_pb_row_3ada6f3380c5b5c9398b259deb22dc56\";a:6:{s:4:\"cuma\";b:1;s:4:\"mawi\";b:1;s:4:\"bosh\";b:1;s:3:\"pos\";b:1;s:5:\"mapac\";b:1;s:4:\"anim\";b:1;}s:45:\"et_pb_column_edca411123513a4f6124a44a0d670b36\";a:5:{s:4:\"cuma\";b:1;s:4:\"bosh\";b:1;s:3:\"pos\";b:1;s:5:\"mapac\";b:1;s:4:\"anim\";b:1;}s:43:\"et_pb_text_56594042cc8b70224eaa9339857e0fb8\";a:9:{s:4:\"glde\";a:10:{s:14:\"text_font_size\";s:2:\"14\";s:19:\"text_letter_spacing\";s:3:\"0px\";s:16:\"text_line_height\";s:5:\"1.7em\";s:16:\"header_font_size\";s:4:\"30px\";s:21:\"header_letter_spacing\";s:3:\"0px\";s:18:\"header_line_height\";s:3:\"1em\";s:15:\"background_size\";s:5:\"cover\";s:19:\"background_position\";s:6:\"center\";s:17:\"background_repeat\";s:9:\"no-repeat\";s:16:\"background_blend\";s:6:\"normal\";}s:4:\"foop\";b:1;s:4:\"tesh\";b:1;s:4:\"cuma\";b:1;s:4:\"mawi\";b:1;s:4:\"bosh\";b:1;s:3:\"pos\";b:1;s:5:\"mapac\";b:1;s:4:\"anim\";b:1;}s:43:\"et_pb_text_88c2e9e8cd20311fb18cca642ff02758\";a:7:{s:4:\"glde\";a:10:{s:14:\"text_font_size\";s:2:\"14\";s:19:\"text_letter_spacing\";s:3:\"0px\";s:16:\"text_line_height\";s:5:\"1.7em\";s:16:\"header_font_size\";s:4:\"30px\";s:21:\"header_letter_spacing\";s:3:\"0px\";s:18:\"header_line_height\";s:3:\"1em\";s:15:\"background_size\";s:5:\"cover\";s:19:\"background_position\";s:6:\"center\";s:17:\"background_repeat\";s:9:\"no-repeat\";s:16:\"background_blend\";s:6:\"normal\";}s:4:\"foop\";b:1;s:4:\"tesh\";b:1;s:4:\"mawi\";b:1;s:4:\"bosh\";b:1;s:3:\"pos\";b:1;s:4:\"anim\";b:1;}s:45:\"et_pb_column_6be1189de9678b5ee5b9d0e513762aa2\";a:3:{s:4:\"bosh\";b:1;s:3:\"pos\";b:1;s:4:\"anim\";b:1;}s:44:\"et_pb_blurb_08e1f4d3ddb4eff1d9ebfdcc25f5d638\";a:10:{s:4:\"glde\";a:10:{s:16:\"header_font_size\";s:2:\"18\";s:21:\"header_letter_spacing\";s:3:\"0px\";s:18:\"header_line_height\";s:3:\"1em\";s:14:\"body_font_size\";s:2:\"14\";s:19:\"body_letter_spacing\";s:3:\"0px\";s:16:\"body_line_height\";s:5:\"1.7em\";s:15:\"background_size\";s:5:\"cover\";s:19:\"background_position\";s:6:\"center\";s:17:\"background_repeat\";s:9:\"no-repeat\";s:16:\"background_blend\";s:6:\"normal\";}s:4:\"foop\";b:1;s:4:\"tesh\";b:1;s:3:\"bor\";b:1;s:4:\"cuma\";b:1;s:4:\"mawi\";b:1;s:4:\"bosh\";b:1;s:3:\"pos\";b:1;s:5:\"mapac\";b:1;s:4:\"anim\";b:1;}s:44:\"et_pb_blurb_6620894d25e34f91757c9c8d546bf56d\";a:10:{s:4:\"glde\";a:10:{s:16:\"header_font_size\";s:2:\"18\";s:21:\"header_letter_spacing\";s:3:\"0px\";s:18:\"header_line_height\";s:3:\"1em\";s:14:\"body_font_size\";s:2:\"14\";s:19:\"body_letter_spacing\";s:3:\"0px\";s:16:\"body_line_height\";s:5:\"1.7em\";s:15:\"background_size\";s:5:\"cover\";s:19:\"background_position\";s:6:\"center\";s:17:\"background_repeat\";s:9:\"no-repeat\";s:16:\"background_blend\";s:6:\"normal\";}s:4:\"foop\";b:1;s:4:\"tesh\";b:1;s:3:\"bor\";b:1;s:4:\"cuma\";b:1;s:4:\"mawi\";b:1;s:4:\"bosh\";b:1;s:3:\"pos\";b:1;s:5:\"mapac\";b:1;s:4:\"anim\";b:1;}s:42:\"et_pb_row_1b7d45b14552d621c776706a09ce1361\";a:5:{s:4:\"cuma\";b:1;s:4:\"mawi\";b:1;s:4:\"bosh\";b:1;s:5:\"mapac\";b:1;s:4:\"anim\";b:1;}s:45:\"et_pb_column_6be4578023f3cde46a7fff6b3861c85c\";a:3:{s:4:\"bosh\";b:1;s:3:\"pos\";b:1;s:4:\"anim\";b:1;}s:44:\"et_pb_image_f4b71cd486196a93a74e6b072b773cd7\";a:4:{s:4:\"mawi\";b:1;s:4:\"bosh\";b:1;s:3:\"pos\";b:1;s:4:\"anim\";b:1;}s:43:\"et_pb_text_68a785c2177cf68bf2397748ef31114a\";a:9:{s:4:\"glde\";a:10:{s:14:\"text_font_size\";s:2:\"14\";s:19:\"text_letter_spacing\";s:3:\"0px\";s:16:\"text_line_height\";s:5:\"1.7em\";s:16:\"header_font_size\";s:4:\"30px\";s:21:\"header_letter_spacing\";s:3:\"0px\";s:18:\"header_line_height\";s:3:\"1em\";s:15:\"background_size\";s:5:\"cover\";s:19:\"background_position\";s:6:\"center\";s:17:\"background_repeat\";s:9:\"no-repeat\";s:16:\"background_blend\";s:6:\"normal\";}s:4:\"foop\";b:1;s:4:\"tesh\";b:1;s:4:\"cuma\";b:1;s:4:\"mawi\";b:1;s:4:\"bosh\";b:1;s:3:\"pos\";b:1;s:5:\"mapac\";b:1;s:4:\"anim\";b:1;}s:43:\"et_pb_text_3642f8068fd50cdad33116023389e383\";a:7:{s:4:\"glde\";a:10:{s:14:\"text_font_size\";s:2:\"14\";s:19:\"text_letter_spacing\";s:3:\"0px\";s:16:\"text_line_height\";s:5:\"1.7em\";s:16:\"header_font_size\";s:4:\"30px\";s:21:\"header_letter_spacing\";s:3:\"0px\";s:18:\"header_line_height\";s:3:\"1em\";s:15:\"background_size\";s:5:\"cover\";s:19:\"background_position\";s:6:\"center\";s:17:\"background_repeat\";s:9:\"no-repeat\";s:16:\"background_blend\";s:6:\"normal\";}s:4:\"foop\";b:1;s:4:\"tesh\";b:1;s:4:\"mawi\";b:1;s:4:\"bosh\";b:1;s:3:\"pos\";b:1;s:4:\"anim\";b:1;}s:45:\"et_pb_column_61470a52d1c01da65c8eda69e71a300d\";a:3:{s:4:\"bosh\";b:1;s:3:\"pos\";b:1;s:4:\"anim\";b:1;}s:43:\"et_pb_text_44809c70b99abfae5616162a84587174\";a:9:{s:4:\"glde\";a:10:{s:14:\"text_font_size\";s:2:\"14\";s:19:\"text_letter_spacing\";s:3:\"0px\";s:16:\"text_line_height\";s:5:\"1.7em\";s:16:\"header_font_size\";s:4:\"30px\";s:21:\"header_letter_spacing\";s:3:\"0px\";s:18:\"header_line_height\";s:3:\"1em\";s:15:\"background_size\";s:5:\"cover\";s:19:\"background_position\";s:6:\"center\";s:17:\"background_repeat\";s:9:\"no-repeat\";s:16:\"background_blend\";s:6:\"normal\";}s:4:\"foop\";b:1;s:4:\"tesh\";b:1;s:4:\"cuma\";b:1;s:4:\"mawi\";b:1;s:4:\"bosh\";b:1;s:3:\"pos\";b:1;s:5:\"mapac\";b:1;s:4:\"anim\";b:1;}s:43:\"et_pb_menu_297b684d24550aa8b2571341edaf9e90\";a:7:{s:4:\"glde\";a:4:{s:15:\"background_size\";s:5:\"cover\";s:19:\"background_position\";s:6:\"center\";s:17:\"background_repeat\";s:9:\"no-repeat\";s:16:\"background_blend\";s:6:\"normal\";}s:4:\"foop\";b:1;s:4:\"tesh\";b:1;s:4:\"mawi\";b:1;s:4:\"bosh\";b:1;s:3:\"pos\";b:1;s:4:\"anim\";b:1;}s:43:\"et_pb_code_de2fa3e840d2bede7feae3cb2cbe00a6\";a:4:{s:4:\"mawi\";b:1;s:4:\"bosh\";b:1;s:3:\"pos\";b:1;s:4:\"anim\";b:1;}s:45:\"et_pb_column_e2708011566793ec19ae40db4b27b312\";a:3:{s:4:\"bosh\";b:1;s:3:\"pos\";b:1;s:4:\"anim\";b:1;}s:43:\"et_pb_text_32d4add8287168f7a7da67ca55597756\";a:9:{s:4:\"glde\";a:10:{s:14:\"text_font_size\";s:2:\"14\";s:19:\"text_letter_spacing\";s:3:\"0px\";s:16:\"text_line_height\";s:5:\"1.7em\";s:16:\"header_font_size\";s:4:\"30px\";s:21:\"header_letter_spacing\";s:3:\"0px\";s:18:\"header_line_height\";s:3:\"1em\";s:15:\"background_size\";s:5:\"cover\";s:19:\"background_position\";s:6:\"center\";s:17:\"background_repeat\";s:9:\"no-repeat\";s:16:\"background_blend\";s:6:\"normal\";}s:4:\"foop\";b:1;s:4:\"tesh\";b:1;s:4:\"cuma\";b:1;s:4:\"mawi\";b:1;s:4:\"bosh\";b:1;s:3:\"pos\";b:1;s:5:\"mapac\";b:1;s:4:\"anim\";b:1;}s:43:\"et_pb_menu_94f3665884d8aa31151e380083e94578\";a:7:{s:4:\"glde\";a:4:{s:15:\"background_size\";s:5:\"cover\";s:19:\"background_position\";s:6:\"center\";s:17:\"background_repeat\";s:9:\"no-repeat\";s:16:\"background_blend\";s:6:\"normal\";}s:4:\"foop\";b:1;s:4:\"tesh\";b:1;s:4:\"mawi\";b:1;s:4:\"bosh\";b:1;s:3:\"pos\";b:1;s:4:\"anim\";b:1;}s:42:\"et_pb_row_0f8322e628e82528f04ddcc5d0d4e92d\";a:5:{s:4:\"cuma\";b:1;s:4:\"mawi\";b:1;s:4:\"bosh\";b:1;s:5:\"mapac\";b:1;s:4:\"anim\";b:1;}s:43:\"et_pb_menu_561f4b31a77b791752927479423dde05\";a:7:{s:4:\"glde\";a:4:{s:15:\"background_size\";s:5:\"cover\";s:19:\"background_position\";s:6:\"center\";s:17:\"background_repeat\";s:9:\"no-repeat\";s:16:\"background_blend\";s:6:\"normal\";}s:4:\"foop\";b:1;s:4:\"tesh\";b:1;s:4:\"mawi\";b:1;s:4:\"bosh\";b:1;s:3:\"pos\";b:1;s:4:\"anim\";b:1;}}}"]},"yoast_head":"<!-- This site is optimized with the Yoast SEO plugin v22.6 - https:\/\/yoast.com\/wordpress\/plugins\/seo\/ -->\n<title>Marco Pannella guidera\u2019 la delegazione di Non c\u2019e\u2019 Pace Senza Giustizia alla riunione ministeriale del Forum per il Futuro a Marrakesh il 2-3 Novembre 2009 - NPWJ<\/title>\n<meta name=\"robots\" content=\"index, follow, max-snippet:-1, max-image-preview:large, max-video-preview:-1\" \/>\n<link rel=\"canonical\" href=\"https:\/\/www.npwj.org\/npwj-in-the-news\/italian-radical-leader-marco-pannella-will-head-no-peace-without-justice-delegation-to-the-ministerial-meeting-of-the-forum-for-the-future-in-marrakech-on-2-3-november-2009\/\" \/>\n<meta property=\"og:locale\" content=\"it_IT\" \/>\n<meta property=\"og:type\" content=\"article\" \/>\n<meta property=\"og:title\" content=\"Marco Pannella guidera\u2019 la delegazione di Non c\u2019e\u2019 Pace Senza Giustizia alla riunione ministeriale del Forum per il Futuro a Marrakesh il 2-3 Novembre 2009 - NPWJ\" \/>\n<meta property=\"og:description\" content=\"Scarica\u00a0il comunicato Una delegazione dell\u2019associazione radicale Non c\u2019\u00e8 Pace Senza Giustizia (NPSG), guidata da Marco Pannella, parteciper\u00e0 alla Riunione Ministeriale del\u00a0Forum per il Futuro 2009, che si terr\u00e0 il 2-3 [&hellip;]\" \/>\n<meta property=\"og:url\" content=\"https:\/\/www.npwj.org\/npwj-in-the-news\/italian-radical-leader-marco-pannella-will-head-no-peace-without-justice-delegation-to-the-ministerial-meeting-of-the-forum-for-the-future-in-marrakech-on-2-3-november-2009\/\" \/>\n<meta property=\"og:site_name\" content=\"NPWJ\" \/>\n<meta property=\"article:publisher\" content=\"https:\/\/www.facebook.com\/npwj.org\/\" \/>\n<meta property=\"article:published_time\" content=\"2009-11-02T10:21:17+00:00\" \/>\n<meta property=\"article:modified_time\" content=\"2023-06-22T09:25:14+00:00\" \/>\n<meta property=\"og:image\" content=\"https:\/\/www.npwj.org\/wp-content\/uploads\/2022\/12\/npwj-about-us.png\" \/>\n\t<meta property=\"og:image:width\" content=\"1200\" \/>\n\t<meta property=\"og:image:height\" content=\"630\" \/>\n\t<meta property=\"og:image:type\" content=\"image\/png\" \/>\n<meta name=\"author\" content=\"Camilla Taddei\" \/>\n<meta name=\"twitter:card\" content=\"summary_large_image\" \/>\n<meta name=\"twitter:creator\" content=\"@npwjpress\" \/>\n<meta name=\"twitter:site\" content=\"@npwjpress\" \/>\n<script type=\"application\/ld+json\" class=\"yoast-schema-graph\">{\"@context\":\"https:\/\/schema.org\",\"@graph\":[{\"@type\":\"Article\",\"@id\":\"https:\/\/www.npwj.org\/npwj-in-the-news\/italian-radical-leader-marco-pannella-will-head-no-peace-without-justice-delegation-to-the-ministerial-meeting-of-the-forum-for-the-future-in-marrakech-on-2-3-november-2009\/#article\",\"isPartOf\":{\"@id\":\"https:\/\/www.npwj.org\/npwj-in-the-news\/italian-radical-leader-marco-pannella-will-head-no-peace-without-justice-delegation-to-the-ministerial-meeting-of-the-forum-for-the-future-in-marrakech-on-2-3-november-2009\/\"},\"author\":{\"name\":\"Camilla Taddei\",\"@id\":\"https:\/\/www.npwj.org\/#\/schema\/person\/34a0caf021283c18f10ee9de813d1cb4\"},\"headline\":\"Marco Pannella guidera\u2019 la delegazione di Non c\u2019e\u2019 Pace Senza Giustizia alla riunione ministeriale del Forum per il Futuro a Marrakesh il 2-3 Novembre 2009\",\"datePublished\":\"2009-11-02T10:21:17+00:00\",\"dateModified\":\"2023-06-22T09:25:14+00:00\",\"mainEntityOfPage\":{\"@id\":\"https:\/\/www.npwj.org\/npwj-in-the-news\/italian-radical-leader-marco-pannella-will-head-no-peace-without-justice-delegation-to-the-ministerial-meeting-of-the-forum-for-the-future-in-marrakech-on-2-3-november-2009\/\"},\"wordCount\":392,\"publisher\":{\"@id\":\"https:\/\/www.npwj.org\/#organization\"},\"image\":{\"@id\":\"https:\/\/www.npwj.org\/npwj-in-the-news\/italian-radical-leader-marco-pannella-will-head-no-peace-without-justice-delegation-to-the-ministerial-meeting-of-the-forum-for-the-future-in-marrakech-on-2-3-november-2009\/#primaryimage\"},\"thumbnailUrl\":\"https:\/\/www.npwj.org\/wp-content\/uploads\/2022\/12\/npwj-about-us.png\",\"keywords\":[\"Forum per il Futuro\",\"Marco Pannella\",\"Marocco\"],\"articleSection\":[\"Dicono di noi\"],\"inLanguage\":\"it-IT\"},{\"@type\":\"WebPage\",\"@id\":\"https:\/\/www.npwj.org\/npwj-in-the-news\/italian-radical-leader-marco-pannella-will-head-no-peace-without-justice-delegation-to-the-ministerial-meeting-of-the-forum-for-the-future-in-marrakech-on-2-3-november-2009\/\",\"url\":\"https:\/\/www.npwj.org\/npwj-in-the-news\/italian-radical-leader-marco-pannella-will-head-no-peace-without-justice-delegation-to-the-ministerial-meeting-of-the-forum-for-the-future-in-marrakech-on-2-3-november-2009\/\",\"name\":\"Marco Pannella guidera\u2019 la delegazione di Non c\u2019e\u2019 Pace Senza Giustizia alla riunione ministeriale del Forum per il Futuro a Marrakesh il 2-3 Novembre 2009 - NPWJ\",\"isPartOf\":{\"@id\":\"https:\/\/www.npwj.org\/#website\"},\"primaryImageOfPage\":{\"@id\":\"https:\/\/www.npwj.org\/npwj-in-the-news\/italian-radical-leader-marco-pannella-will-head-no-peace-without-justice-delegation-to-the-ministerial-meeting-of-the-forum-for-the-future-in-marrakech-on-2-3-november-2009\/#primaryimage\"},\"image\":{\"@id\":\"https:\/\/www.npwj.org\/npwj-in-the-news\/italian-radical-leader-marco-pannella-will-head-no-peace-without-justice-delegation-to-the-ministerial-meeting-of-the-forum-for-the-future-in-marrakech-on-2-3-november-2009\/#primaryimage\"},\"thumbnailUrl\":\"https:\/\/www.npwj.org\/wp-content\/uploads\/2022\/12\/npwj-about-us.png\",\"datePublished\":\"2009-11-02T10:21:17+00:00\",\"dateModified\":\"2023-06-22T09:25:14+00:00\",\"breadcrumb\":{\"@id\":\"https:\/\/www.npwj.org\/npwj-in-the-news\/italian-radical-leader-marco-pannella-will-head-no-peace-without-justice-delegation-to-the-ministerial-meeting-of-the-forum-for-the-future-in-marrakech-on-2-3-november-2009\/#breadcrumb\"},\"inLanguage\":\"it-IT\",\"potentialAction\":[{\"@type\":\"ReadAction\",\"target\":[\"https:\/\/www.npwj.org\/npwj-in-the-news\/italian-radical-leader-marco-pannella-will-head-no-peace-without-justice-delegation-to-the-ministerial-meeting-of-the-forum-for-the-future-in-marrakech-on-2-3-november-2009\/\"]}]},{\"@type\":\"ImageObject\",\"inLanguage\":\"it-IT\",\"@id\":\"https:\/\/www.npwj.org\/npwj-in-the-news\/italian-radical-leader-marco-pannella-will-head-no-peace-without-justice-delegation-to-the-ministerial-meeting-of-the-forum-for-the-future-in-marrakech-on-2-3-november-2009\/#primaryimage\",\"url\":\"https:\/\/www.npwj.org\/wp-content\/uploads\/2022\/12\/npwj-about-us.png\",\"contentUrl\":\"https:\/\/www.npwj.org\/wp-content\/uploads\/2022\/12\/npwj-about-us.png\",\"width\":1200,\"height\":630,\"caption\":\"Didascalia di About US\"},{\"@type\":\"BreadcrumbList\",\"@id\":\"https:\/\/www.npwj.org\/npwj-in-the-news\/italian-radical-leader-marco-pannella-will-head-no-peace-without-justice-delegation-to-the-ministerial-meeting-of-the-forum-for-the-future-in-marrakech-on-2-3-november-2009\/#breadcrumb\",\"itemListElement\":[{\"@type\":\"ListItem\",\"position\":1,\"name\":\"Home\",\"item\":\"https:\/\/www.npwj.org\/\"},{\"@type\":\"ListItem\",\"position\":2,\"name\":\"Marco Pannella guidera\u2019 la delegazione di Non c\u2019e\u2019 Pace Senza Giustizia alla riunione ministeriale del Forum per il Futuro a Marrakesh il 2-3 Novembre 2009\"}]},{\"@type\":\"WebSite\",\"@id\":\"https:\/\/www.npwj.org\/#website\",\"url\":\"https:\/\/www.npwj.org\/\",\"name\":\"NPWJ\",\"description\":\"No Peace Without Justice\",\"publisher\":{\"@id\":\"https:\/\/www.npwj.org\/#organization\"},\"alternateName\":\"NPWJ\",\"potentialAction\":[{\"@type\":\"SearchAction\",\"target\":{\"@type\":\"EntryPoint\",\"urlTemplate\":\"https:\/\/www.npwj.org\/?s={search_term_string}\"},\"query-input\":\"required name=search_term_string\"}],\"inLanguage\":\"it-IT\"},{\"@type\":\"Organization\",\"@id\":\"https:\/\/www.npwj.org\/#organization\",\"name\":\"No Peace Without Justice\",\"alternateName\":\"NPWJ\",\"url\":\"https:\/\/www.npwj.org\/\",\"logo\":{\"@type\":\"ImageObject\",\"inLanguage\":\"it-IT\",\"@id\":\"https:\/\/www.npwj.org\/#\/schema\/logo\/image\/\",\"url\":\"https:\/\/www.npwj.org\/wp-content\/uploads\/2024\/05\/logo-npwj-npsg.png\",\"contentUrl\":\"https:\/\/www.npwj.org\/wp-content\/uploads\/2024\/05\/logo-npwj-npsg.png\",\"width\":1080,\"height\":1080,\"caption\":\"No Peace Without Justice\"},\"image\":{\"@id\":\"https:\/\/www.npwj.org\/#\/schema\/logo\/image\/\"},\"sameAs\":[\"https:\/\/www.facebook.com\/npwj.org\/\",\"https:\/\/x.com\/npwjpress\",\"https:\/\/www.instagram.com\/npwj_\/\"]},{\"@type\":\"Person\",\"@id\":\"https:\/\/www.npwj.org\/#\/schema\/person\/34a0caf021283c18f10ee9de813d1cb4\",\"name\":\"Camilla Taddei\",\"image\":{\"@type\":\"ImageObject\",\"inLanguage\":\"it-IT\",\"@id\":\"https:\/\/www.npwj.org\/#\/schema\/person\/image\/\",\"url\":\"https:\/\/secure.gravatar.com\/avatar\/20a32c2a373bb247d074e0ebf44709a4?s=96&d=mm&r=g\",\"contentUrl\":\"https:\/\/secure.gravatar.com\/avatar\/20a32c2a373bb247d074e0ebf44709a4?s=96&d=mm&r=g\",\"caption\":\"Camilla Taddei\"}}]}<\/script>\n<!-- \/ Yoast SEO plugin. -->","yoast_head_json":{"title":"Marco Pannella guidera\u2019 la delegazione di Non c\u2019e\u2019 Pace Senza Giustizia alla riunione ministeriale del Forum per il Futuro a Marrakesh il 2-3 Novembre 2009 - NPWJ","robots":{"index":"index","follow":"follow","max-snippet":"max-snippet:-1","max-image-preview":"max-image-preview:large","max-video-preview":"max-video-preview:-1"},"canonical":"https:\/\/www.npwj.org\/npwj-in-the-news\/italian-radical-leader-marco-pannella-will-head-no-peace-without-justice-delegation-to-the-ministerial-meeting-of-the-forum-for-the-future-in-marrakech-on-2-3-november-2009\/","og_locale":"it_IT","og_type":"article","og_title":"Marco Pannella guidera\u2019 la delegazione di Non c\u2019e\u2019 Pace Senza Giustizia alla riunione ministeriale del Forum per il Futuro a Marrakesh il 2-3 Novembre 2009 - NPWJ","og_description":"Scarica\u00a0il comunicato Una delegazione dell\u2019associazione radicale Non c\u2019\u00e8 Pace Senza Giustizia (NPSG), guidata da Marco Pannella, parteciper\u00e0 alla Riunione Ministeriale del\u00a0Forum per il Futuro 2009, che si terr\u00e0 il 2-3 [&hellip;]","og_url":"https:\/\/www.npwj.org\/npwj-in-the-news\/italian-radical-leader-marco-pannella-will-head-no-peace-without-justice-delegation-to-the-ministerial-meeting-of-the-forum-for-the-future-in-marrakech-on-2-3-november-2009\/","og_site_name":"NPWJ","article_publisher":"https:\/\/www.facebook.com\/npwj.org\/","article_published_time":"2009-11-02T10:21:17+00:00","article_modified_time":"2023-06-22T09:25:14+00:00","og_image":[{"width":1200,"height":630,"url":"https:\/\/www.npwj.org\/wp-content\/uploads\/2022\/12\/npwj-about-us.png","type":"image\/png"}],"author":"Camilla Taddei","twitter_card":"summary_large_image","twitter_creator":"@npwjpress","twitter_site":"@npwjpress","schema":{"@context":"https:\/\/schema.org","@graph":[{"@type":"Article","@id":"https:\/\/www.npwj.org\/npwj-in-the-news\/italian-radical-leader-marco-pannella-will-head-no-peace-without-justice-delegation-to-the-ministerial-meeting-of-the-forum-for-the-future-in-marrakech-on-2-3-november-2009\/#article","isPartOf":{"@id":"https:\/\/www.npwj.org\/npwj-in-the-news\/italian-radical-leader-marco-pannella-will-head-no-peace-without-justice-delegation-to-the-ministerial-meeting-of-the-forum-for-the-future-in-marrakech-on-2-3-november-2009\/"},"author":{"name":"Camilla Taddei","@id":"https:\/\/www.npwj.org\/#\/schema\/person\/34a0caf021283c18f10ee9de813d1cb4"},"headline":"Marco Pannella guidera\u2019 la delegazione di Non c\u2019e\u2019 Pace Senza Giustizia alla riunione ministeriale del Forum per il Futuro a Marrakesh il 2-3 Novembre 2009","datePublished":"2009-11-02T10:21:17+00:00","dateModified":"2023-06-22T09:25:14+00:00","mainEntityOfPage":{"@id":"https:\/\/www.npwj.org\/npwj-in-the-news\/italian-radical-leader-marco-pannella-will-head-no-peace-without-justice-delegation-to-the-ministerial-meeting-of-the-forum-for-the-future-in-marrakech-on-2-3-november-2009\/"},"wordCount":392,"publisher":{"@id":"https:\/\/www.npwj.org\/#organization"},"image":{"@id":"https:\/\/www.npwj.org\/npwj-in-the-news\/italian-radical-leader-marco-pannella-will-head-no-peace-without-justice-delegation-to-the-ministerial-meeting-of-the-forum-for-the-future-in-marrakech-on-2-3-november-2009\/#primaryimage"},"thumbnailUrl":"https:\/\/www.npwj.org\/wp-content\/uploads\/2022\/12\/npwj-about-us.png","keywords":["Forum per il Futuro","Marco Pannella","Marocco"],"articleSection":["Dicono di noi"],"inLanguage":"it-IT"},{"@type":"WebPage","@id":"https:\/\/www.npwj.org\/npwj-in-the-news\/italian-radical-leader-marco-pannella-will-head-no-peace-without-justice-delegation-to-the-ministerial-meeting-of-the-forum-for-the-future-in-marrakech-on-2-3-november-2009\/","url":"https:\/\/www.npwj.org\/npwj-in-the-news\/italian-radical-leader-marco-pannella-will-head-no-peace-without-justice-delegation-to-the-ministerial-meeting-of-the-forum-for-the-future-in-marrakech-on-2-3-november-2009\/","name":"Marco Pannella guidera\u2019 la delegazione di Non c\u2019e\u2019 Pace Senza Giustizia alla riunione ministeriale del Forum per il Futuro a Marrakesh il 2-3 Novembre 2009 - NPWJ","isPartOf":{"@id":"https:\/\/www.npwj.org\/#website"},"primaryImageOfPage":{"@id":"https:\/\/www.npwj.org\/npwj-in-the-news\/italian-radical-leader-marco-pannella-will-head-no-peace-without-justice-delegation-to-the-ministerial-meeting-of-the-forum-for-the-future-in-marrakech-on-2-3-november-2009\/#primaryimage"},"image":{"@id":"https:\/\/www.npwj.org\/npwj-in-the-news\/italian-radical-leader-marco-pannella-will-head-no-peace-without-justice-delegation-to-the-ministerial-meeting-of-the-forum-for-the-future-in-marrakech-on-2-3-november-2009\/#primaryimage"},"thumbnailUrl":"https:\/\/www.npwj.org\/wp-content\/uploads\/2022\/12\/npwj-about-us.png","datePublished":"2009-11-02T10:21:17+00:00","dateModified":"2023-06-22T09:25:14+00:00","breadcrumb":{"@id":"https:\/\/www.npwj.org\/npwj-in-the-news\/italian-radical-leader-marco-pannella-will-head-no-peace-without-justice-delegation-to-the-ministerial-meeting-of-the-forum-for-the-future-in-marrakech-on-2-3-november-2009\/#breadcrumb"},"inLanguage":"it-IT","potentialAction":[{"@type":"ReadAction","target":["https:\/\/www.npwj.org\/npwj-in-the-news\/italian-radical-leader-marco-pannella-will-head-no-peace-without-justice-delegation-to-the-ministerial-meeting-of-the-forum-for-the-future-in-marrakech-on-2-3-november-2009\/"]}]},{"@type":"ImageObject","inLanguage":"it-IT","@id":"https:\/\/www.npwj.org\/npwj-in-the-news\/italian-radical-leader-marco-pannella-will-head-no-peace-without-justice-delegation-to-the-ministerial-meeting-of-the-forum-for-the-future-in-marrakech-on-2-3-november-2009\/#primaryimage","url":"https:\/\/www.npwj.org\/wp-content\/uploads\/2022\/12\/npwj-about-us.png","contentUrl":"https:\/\/www.npwj.org\/wp-content\/uploads\/2022\/12\/npwj-about-us.png","width":1200,"height":630,"caption":"Didascalia di About US"},{"@type":"BreadcrumbList","@id":"https:\/\/www.npwj.org\/npwj-in-the-news\/italian-radical-leader-marco-pannella-will-head-no-peace-without-justice-delegation-to-the-ministerial-meeting-of-the-forum-for-the-future-in-marrakech-on-2-3-november-2009\/#breadcrumb","itemListElement":[{"@type":"ListItem","position":1,"name":"Home","item":"https:\/\/www.npwj.org\/"},{"@type":"ListItem","position":2,"name":"Marco Pannella guidera\u2019 la delegazione di Non c\u2019e\u2019 Pace Senza Giustizia alla riunione ministeriale del Forum per il Futuro a Marrakesh il 2-3 Novembre 2009"}]},{"@type":"WebSite","@id":"https:\/\/www.npwj.org\/#website","url":"https:\/\/www.npwj.org\/","name":"NPWJ","description":"No Peace Without Justice","publisher":{"@id":"https:\/\/www.npwj.org\/#organization"},"alternateName":"NPWJ","potentialAction":[{"@type":"SearchAction","target":{"@type":"EntryPoint","urlTemplate":"https:\/\/www.npwj.org\/?s={search_term_string}"},"query-input":"required name=search_term_string"}],"inLanguage":"it-IT"},{"@type":"Organization","@id":"https:\/\/www.npwj.org\/#organization","name":"No Peace Without Justice","alternateName":"NPWJ","url":"https:\/\/www.npwj.org\/","logo":{"@type":"ImageObject","inLanguage":"it-IT","@id":"https:\/\/www.npwj.org\/#\/schema\/logo\/image\/","url":"https:\/\/www.npwj.org\/wp-content\/uploads\/2024\/05\/logo-npwj-npsg.png","contentUrl":"https:\/\/www.npwj.org\/wp-content\/uploads\/2024\/05\/logo-npwj-npsg.png","width":1080,"height":1080,"caption":"No Peace Without Justice"},"image":{"@id":"https:\/\/www.npwj.org\/#\/schema\/logo\/image\/"},"sameAs":["https:\/\/www.facebook.com\/npwj.org\/","https:\/\/x.com\/npwjpress","https:\/\/www.instagram.com\/npwj_\/"]},{"@type":"Person","@id":"https:\/\/www.npwj.org\/#\/schema\/person\/34a0caf021283c18f10ee9de813d1cb4","name":"Camilla Taddei","image":{"@type":"ImageObject","inLanguage":"it-IT","@id":"https:\/\/www.npwj.org\/#\/schema\/person\/image\/","url":"https:\/\/secure.gravatar.com\/avatar\/20a32c2a373bb247d074e0ebf44709a4?s=96&d=mm&r=g","contentUrl":"https:\/\/secure.gravatar.com\/avatar\/20a32c2a373bb247d074e0ebf44709a4?s=96&d=mm&r=g","caption":"Camilla Taddei"}}]}},"_links":{"self":[{"href":"https:\/\/www.npwj.org\/it\/wp-json\/wp\/v2\/posts\/248142"}],"collection":[{"href":"https:\/\/www.npwj.org\/it\/wp-json\/wp\/v2\/posts"}],"about":[{"href":"https:\/\/www.npwj.org\/it\/wp-json\/wp\/v2\/types\/post"}],"author":[{"embeddable":true,"href":"https:\/\/www.npwj.org\/it\/wp-json\/wp\/v2\/users\/13"}],"replies":[{"embeddable":true,"href":"https:\/\/www.npwj.org\/it\/wp-json\/wp\/v2\/comments?post=248142"}],"version-history":[{"count":1,"href":"https:\/\/www.npwj.org\/it\/wp-json\/wp\/v2\/posts\/248142\/revisions"}],"predecessor-version":[{"id":248143,"href":"https:\/\/www.npwj.org\/it\/wp-json\/wp\/v2\/posts\/248142\/revisions\/248143"}],"wp:featuredmedia":[{"embeddable":true,"href":"https:\/\/www.npwj.org\/it\/wp-json\/wp\/v2\/media\/247639"}],"wp:attachment":[{"href":"https:\/\/www.npwj.org\/it\/wp-json\/wp\/v2\/media?parent=248142"}],"wp:term":[{"taxonomy":"category","embeddable":true,"href":"https:\/\/www.npwj.org\/it\/wp-json\/wp\/v2\/categories?post=248142"},{"taxonomy":"post_tag","embeddable":true,"href":"https:\/\/www.npwj.org\/it\/wp-json\/wp\/v2\/tags?post=248142"}],"curies":[{"name":"wp","href":"https:\/\/api.w.org\/{rel}","templated":true}]}}