{"id":248210,"date":"2008-09-24T16:09:06","date_gmt":"2008-09-24T14:09:06","guid":{"rendered":"https:\/\/www.npwj.org\/?p=248210"},"modified":"2024-04-11T22:20:51","modified_gmt":"2024-04-11T20:20:51","slug":"infibulazione-i-parlamentari-radicali-interrogano-il-governo","status":"publish","type":"post","link":"https:\/\/www.npwj.org\/it\/dichiarazione\/infibulazione-i-parlamentari-radicali-interrogano-il-governo\/","title":{"rendered":"Infibulazione: i parlamentari Radicali interrogano il Governo"},"content":{"rendered":"<p>Oggi i senatori radicali Bonino, Poretti e Perduca e i deputati Farina Coscioni, Bernardini, Mecacci, Beltrandi, Turco e Zamparutti, in collaborazione con Non c\u2019\u00e8 Pace Senza Giustizia, hanno depositato alla Camera e al Senato una interrogazione a risposta scritta a seguito delle recenti dichiarazioni da parte del Presidente della Federazione Italiana dei Medici Pediatri, della Sottosegretaria alla Salute Francesca Martini e della Ministra per le Pari Opporunit\u00e0 Mara Carfagna su circoncisione e mutilazioni genitali femminili.<\/p>\n<p><strong>Dichiarazione di Sergio Stanzani e Gianfranco Dell\u2019Alba, Presidente e Segretario di Non c\u2019\u00e8 Pace Senza Giustizia<\/strong>:<\/p>\n<p>\u201cL\u2019interrogazione che abbiamo predisposto insieme ai deputati radicali chiede spiegazioni relativamente alle modalit\u00e0 con cui il Ministero della Salute e la FIMP ha siglato il Protocollo di Intesa per la prevenzione della circoncisione maschile clandestina, incautamente associando a questa pratica anche le mutilazioni genitali femminili che, come \u00e8 noto, nulla hanno a che vedere con la circoncisione rituale. Inoltre, a seguito della dichiarazione del Presidente Mele fatta durante la conferenza stampa di presentazione del Protocollo, della presenza sul territorio italiano di 30.000 bambine infibulate, si \u00e8 ingenerata una confusione tale da spingere la Ministra Carfagna a promettere una modifica delle legge numero 7 contro le MGF come ulteriore misura di contrasto e sanzione. Anche questa \u00e8 una posizione alquanto bizzarra, dal momento che la legge italiana viene giudicata internazionalmente una delle migliori: il governo dovrebbe semmai occuparsi di applicarla in tutti i suoi aspetti. Non c\u2019\u00e8 Pace Senza Giustizia da anni conduce iniziative in Africa per l\u2019abbandono delle mutilazioni genitali femminili, in particolare fornendo assistenza giuridica per la stesura di testi legislativi. Tutte le agenzie dell\u2019ONU, ma anche l\u2019Organizzazione Mondiale della Sanit\u00e0 e le ONG di donne africane raccomandano di non associare la circoncisione maschile alle mutilazioni genitali femminili, perch\u00e9 non condividono n\u00e9 origini n\u00e9 motivazioni n\u00e9 conseguenze psico-fisiche. Il Governo risponda sul perch\u00e9 si sia deciso di non seguire quanto raccomandato dalle stesse linee guida sulle MGF predisposte dal Ministero della Salute e che cosa si stia facendo per dare piena attuazione alla ottima legge numero 7 del 9 gennaio 2006 per il contrasto e la prevenzione delle mutilazioni genitali femminili.\u201d<\/p>\n<p><strong>Il testo dell\u2019interrogazione<\/strong>:<\/p>\n<p>INTERROGAZIONE A RISPOSTA SCRITTA<\/p>\n<p><em>Al Presidente del Consiglio dei Ministri e<\/em><br \/>\n<em>Al Ministro del Lavoro della Salute<\/em><br \/>\n<em>e delle Politiche Sociali<\/em><br \/>\n<em>Al Ministro per le Pari Opportunit\u00e0<\/em><\/p>\n<p>Premesso che:<\/p>\n<p>il 18 settembre 2008 \u00e8 stata data notizia della firma da parte del Ministero della Salute e della Federazione Italiana Medici Pediatri di un \u201cProtocollo di intesa per la prevenzione della circoncisione rituale clandestina\u201d;<\/p>\n<p>tale Protocollo \u00e8 volto esclusivamente alla protezione dei bambini dalla pratica della circoncisione rituale maschile, effettuata al di fuori dell\u2019ambito medico ospedaliero o in assenza di garanzie medico sanitarie per la salute dei bambini;<\/p>\n<p>tale Protocollo impegna, al suo primo punto, i Pediatri di Famiglia della Fimp\u00a0<em>\u201cad informarsi sull\u2019orientamento religioso della famiglia del neonato, o del bambino, e sulla possibile intenzione di voler accedere alla pratica della circoncisione\u201d;<\/em><\/p>\n<p>nel dare notizia agli organi di informazione della firma di tale Protocollo, il Presidente della FIMP Dr. Giuseppe Mele e la Sottosegretaria On. Francesca Martini si sono riferiti impropriamente anche al fenomeno della \u201ccirconcisione femminile\u201d e della pratica delle mutilazioni genitali femminili, riportando il dato della presenza sul territorio italiano di \u201c30.000 bambine infibulate\u201d;<\/p>\n<p>secondo quanto riportato dalle\u00a0<em>\u201cLinee guida destinate alle figure professionali che operano con le comunit\u00e0 di immigrati provenienti da Paesi dove sono effettuate le pratiche di mutilazione genitale femminile per realizzare una attivit\u00e0 di prevenzione, assistenza e riabilitazione delle donne e delle bambine gi\u00e0 sottoposte a tali pratiche\u201d<\/em>\u00a0emanate dal Ministero della Salute (D.M. 17 dicembre 2007), la quantificazione del fenomeno in Italia \u00e8 difficile, ma la stima orientativa delle potenziali vittime di mutilazioni genitali femminili \u00e8, nella previsione pi\u00f9 negativa, di circa 800 bambine;<\/p>\n<p>il Ministro per le Pari Opportunit\u00e0 Mara Carfagna ha dichiarato il 18 settembre stesso quanto segue:\u00a0<em>\u00abLa Federazione Italiana dei Medici Pediatri denuncia l&#8217;esistenza di 30mila bambine infibulate in Italia. La cifra \u00e8 davvero impressionante. Mi associo all&#8217;allarme e alla preoccupazione espressi dall&#8217;onorevole Sbai. Sar\u00e0 mia cura portare all&#8217;attenzione del governo l&#8217;esistenza massiccia di questa pratica e lavorare per modificare la legge al fine di impedire o comunque considerevolmente diminuire il numero di minorenni sottoposte ad una simile barbarie. La differenza di cultura e religione non deve tramutarsi in fenomeni di tolleranza della violenza e del sopruso verso persone che non sono libere di determinarsi e di scegliere\u00bb<\/em>.<\/p>\n<p>la legge 9 gennaio 2006, n. 7, avente ad oggetto \u201cDisposizioni concernenti la prevenzione e il divieto\u00a0delle pratiche di mutilazione genitale femminile\u201d, internazionalmente riconosciuta come una delle migliori leggi in materia di prevenzione e contrasto delle mutilazioni genitali femminili, prevede lo stanziamento di fondi annuali volti all\u2019attuazione di specifiche azioni di prevenzione a livello nazionale ed internazionale, nonch\u00e9 sanzioni per coloro che effettuano la pratica sia sul territorio italiano che all\u2019estero;<\/p>\n<p>la pratica delle mutilazioni genitali femminili non ha alcun fondamento di ordine religioso ma ha solo origine tradizionale e ancestrale ed \u00e8 attuata egualmente in 28 Paesi dell\u2019Africa da famiglie di tutti gli orientamenti religiosi, siano essi musulmani, cristiani o animisti;<\/p>\n<p>l\u2019Organizzazione Mondiale della Sanit\u00e0, le agenzie dell\u2019ONU, quali l\u2019UNICEF e l\u2019UNFPA, insieme alle organizzazioni africane e internazionali che da anni lottano per l\u2019abbandono delle mutilazioni genitali femminili, raccomandano con fermezza di non accomunare la pratica della circoncisione a quella delle mutilazioni genitali femminili, perch\u00e9 tra esse vi sono profonde differenze sostanziali sia dal punto di vista storico-culturale che dal punto di vista delle conseguenze psico-fisiche;<\/p>\n<p>le mutilazioni genitali femminili sono da considerarsi una violazione dei diritti umani, civili e politici della persona e sotto il profilo penale integrano un&#8217;ipotesi specifica del\u00a0reato di lesioni personali, espressamente prevista dall&#8217;art. 583-bis del codice penale e punita con la reclusione da quattro a dodici anni;<\/p>\n<p>Per sapere:<\/p>\n<p>secondo quali criteri e in base a quali rilevazioni la Federazione Italiani dei Medici Pediatri riferisca il dato di 30.000 bambine infibulate presenti sul territorio italiano;<\/p>\n<p>quali siano le ragioni su cui si fonda la richiesta di conoscere l\u2019orientamento religioso delle famiglie di immigrati, dal momento che essa contrasta con il diritto individuale di professare liberamente la propria fede religiosa, garantito dall&#8217;art. 19 della Costituzione;<\/p>\n<p>in base a quale criterio scientifico il Ministero della Salute, nella brochure informativa appena pubblicata, ha equiparato le due pratiche tradizionali \u2013 la circoncisione maschile e le mutilazioni genitali femminili \u2013 che non condividono n\u00e9 origini n\u00e9 soprattutto conseguenze psico-fisiche;<\/p>\n<p>quali sono le strategie per il contrasto e la prevenzione delle mutilazioni genitali previste, in conformit\u00e0 alla legge 9 gennaio 2006, n. 7, dal Ministero della Salute e dal Ministero per le Pari Opportunit\u00e0 per l\u2019anno 2008 e quali azioni intenda attuare il Governo per rafforzare i meccanismi di prevenzione e di informazione previsti dalla medesima legge.<\/p>\n","protected":false},"excerpt":{"rendered":"<p>Oggi i senatori radicali Bonino, Poretti e Perduca e i deputati Farina Coscioni, Bernardini, Mecacci, Beltrandi, Turco e Zamparutti, in collaborazione con Non c\u2019\u00e8 Pace Senza Giustizia, hanno depositato alla [&hellip;]<\/p>\n","protected":false},"author":13,"featured_media":248631,"comment_status":"closed","ping_status":"closed","sticky":false,"template":"","format":"standard","meta":{"_et_pb_use_builder":"","_et_pb_old_content":"","_et_gb_content_width":"","footnotes":""},"categories":[129],"tags":[764,720,236],"cp_meta_data":{"_wpml_word_count":["{\"total\":1151,\"to_translate\":{\"en\":1151}}"],"_edit_lock":["1688142348:11"],"_edit_last":["4"],"_wpml_media_featured":["1"],"_wpml_media_duplicate":["1"],"_wpml_location_migration_done":["1"],"_encloseme":["1"],"eg_sources_html5_mp4":[""],"eg_sources_youtube":[""],"eg_sources_vimeo":[""],"eg_sources_wistia":[""],"eg_sources_image":[""],"eg_sources_iframe":[""],"eg_sources_soundcloud":[""],"eg_vimeo_ratio":["1"],"eg_youtube_ratio":["1"],"eg_wistia_ratio":["1"],"eg_html5_ratio":["1"],"eg_soundcloud_ratio":["1"],"eg_sources_essgrid":[""],"eg_featured_grid":[""],"eg_settings_custom_meta_skin":[""],"eg_settings_custom_meta_element":[""],"eg_settings_custom_meta_setting":[""],"eg_settings_custom_meta_style":[""],"eg_custom_meta_216":["true"],"eg_votes_count":["0"],"_et_post_bg_color":["#ffffff"],"_et_post_bg_layout":["light"],"_et_pb_show_title":["on"],"_et_pb_post_hide_nav":["default"],"_et_pb_page_layout":["et_right_sidebar"],"_et_pb_side_nav":["off"],"_et_pb_use_builder":[""],"_et_pb_first_image":[""],"_et_pb_truncate_post":[""],"_et_pb_truncate_post_date":[""],"_et_pb_old_content":[""],"_wp_old_date":["2023-06-23"],"_et_builder_dynamic_assets_loading_attr_threshold":["2"],"_thumbnail_id":["248631"],"_wpml_media_has_media":["1"],"_et_dynamic_cached_shortcodes":["a:8:{i:0;s:13:\"et_pb_section\";i:1;s:9:\"et_pb_row\";i:2;s:12:\"et_pb_column\";i:8;s:11:\"et_pb_blurb\";i:12;s:10:\"et_pb_code\";i:31;s:11:\"et_pb_image\";i:34;s:10:\"et_pb_menu\";i:50;s:10:\"et_pb_text\";}"],"_et_dynamic_cached_attributes":["a:3:{s:9:\"fullwidth\";a:1:{i:0;s:2:\"on\";}s:17:\"use_custom_gutter\";a:1:{i:0;s:2:\"on\";}s:9:\"font_icon\";a:1:{i:0;s:19:\"&#xe010;||divi||400\";}}"],"et_enqueued_post_fonts":["a:3:{s:6:\"family\";a:1:{s:12:\"et-gf-roboto\";s:91:\"Roboto:100,100italic,300,300italic,regular,italic,500,500italic,700,700italic,900,900italic\";}s:6:\"subset\";a:2:{i:0;s:5:\"latin\";i:1;s:9:\"latin-ext\";}s:9:\"cache_key\";s:75:\"{\"gph\":-1,\"divi\":\"4.25.0\",\"wp\":\"6.5.2\",\"enable_all_character_sets\":\"false\"}\";}"],"_et_builder_module_features_cache":["a:2:{i:0;s:86:\"{\"gph\":-1,\"divi\":\"4.25.0\",\"wp\":\"6.5.2\",\"tb\":{\"255786\":\"2024-05-09 18:48:34\"},\"wpe\":[]}\";i:1;a:23:{s:46:\"et_pb_section_82ee6d19694244f4273784c3b485c394\";a:5:{s:4:\"cuma\";b:1;s:4:\"mawi\";b:1;s:4:\"bosh\";b:1;s:5:\"mapac\";b:1;s:4:\"anim\";b:1;}s:46:\"et_pb_section_406a8e8b44e6b40e00c07e27d40672ad\";a:6:{s:4:\"cuma\";b:1;s:4:\"mawi\";b:1;s:4:\"bosh\";b:1;s:3:\"pos\";b:1;s:5:\"mapac\";b:1;s:4:\"anim\";b:1;}s:42:\"et_pb_row_3ada6f3380c5b5c9398b259deb22dc56\";a:6:{s:4:\"cuma\";b:1;s:4:\"mawi\";b:1;s:4:\"bosh\";b:1;s:3:\"pos\";b:1;s:5:\"mapac\";b:1;s:4:\"anim\";b:1;}s:45:\"et_pb_column_edca411123513a4f6124a44a0d670b36\";a:5:{s:4:\"cuma\";b:1;s:4:\"bosh\";b:1;s:3:\"pos\";b:1;s:5:\"mapac\";b:1;s:4:\"anim\";b:1;}s:43:\"et_pb_text_56594042cc8b70224eaa9339857e0fb8\";a:9:{s:4:\"glde\";a:10:{s:14:\"text_font_size\";s:2:\"14\";s:19:\"text_letter_spacing\";s:3:\"0px\";s:16:\"text_line_height\";s:5:\"1.7em\";s:16:\"header_font_size\";s:4:\"30px\";s:21:\"header_letter_spacing\";s:3:\"0px\";s:18:\"header_line_height\";s:3:\"1em\";s:15:\"background_size\";s:5:\"cover\";s:19:\"background_position\";s:6:\"center\";s:17:\"background_repeat\";s:9:\"no-repeat\";s:16:\"background_blend\";s:6:\"normal\";}s:4:\"foop\";b:1;s:4:\"tesh\";b:1;s:4:\"cuma\";b:1;s:4:\"mawi\";b:1;s:4:\"bosh\";b:1;s:3:\"pos\";b:1;s:5:\"mapac\";b:1;s:4:\"anim\";b:1;}s:43:\"et_pb_text_88c2e9e8cd20311fb18cca642ff02758\";a:7:{s:4:\"glde\";a:10:{s:14:\"text_font_size\";s:2:\"14\";s:19:\"text_letter_spacing\";s:3:\"0px\";s:16:\"text_line_height\";s:5:\"1.7em\";s:16:\"header_font_size\";s:4:\"30px\";s:21:\"header_letter_spacing\";s:3:\"0px\";s:18:\"header_line_height\";s:3:\"1em\";s:15:\"background_size\";s:5:\"cover\";s:19:\"background_position\";s:6:\"center\";s:17:\"background_repeat\";s:9:\"no-repeat\";s:16:\"background_blend\";s:6:\"normal\";}s:4:\"foop\";b:1;s:4:\"tesh\";b:1;s:4:\"mawi\";b:1;s:4:\"bosh\";b:1;s:3:\"pos\";b:1;s:4:\"anim\";b:1;}s:45:\"et_pb_column_6be1189de9678b5ee5b9d0e513762aa2\";a:3:{s:4:\"bosh\";b:1;s:3:\"pos\";b:1;s:4:\"anim\";b:1;}s:44:\"et_pb_blurb_08e1f4d3ddb4eff1d9ebfdcc25f5d638\";a:10:{s:4:\"glde\";a:10:{s:16:\"header_font_size\";s:2:\"18\";s:21:\"header_letter_spacing\";s:3:\"0px\";s:18:\"header_line_height\";s:3:\"1em\";s:14:\"body_font_size\";s:2:\"14\";s:19:\"body_letter_spacing\";s:3:\"0px\";s:16:\"body_line_height\";s:5:\"1.7em\";s:15:\"background_size\";s:5:\"cover\";s:19:\"background_position\";s:6:\"center\";s:17:\"background_repeat\";s:9:\"no-repeat\";s:16:\"background_blend\";s:6:\"normal\";}s:4:\"foop\";b:1;s:4:\"tesh\";b:1;s:3:\"bor\";b:1;s:4:\"cuma\";b:1;s:4:\"mawi\";b:1;s:4:\"bosh\";b:1;s:3:\"pos\";b:1;s:5:\"mapac\";b:1;s:4:\"anim\";b:1;}s:44:\"et_pb_blurb_6620894d25e34f91757c9c8d546bf56d\";a:10:{s:4:\"glde\";a:10:{s:16:\"header_font_size\";s:2:\"18\";s:21:\"header_letter_spacing\";s:3:\"0px\";s:18:\"header_line_height\";s:3:\"1em\";s:14:\"body_font_size\";s:2:\"14\";s:19:\"body_letter_spacing\";s:3:\"0px\";s:16:\"body_line_height\";s:5:\"1.7em\";s:15:\"background_size\";s:5:\"cover\";s:19:\"background_position\";s:6:\"center\";s:17:\"background_repeat\";s:9:\"no-repeat\";s:16:\"background_blend\";s:6:\"normal\";}s:4:\"foop\";b:1;s:4:\"tesh\";b:1;s:3:\"bor\";b:1;s:4:\"cuma\";b:1;s:4:\"mawi\";b:1;s:4:\"bosh\";b:1;s:3:\"pos\";b:1;s:5:\"mapac\";b:1;s:4:\"anim\";b:1;}s:42:\"et_pb_row_1b7d45b14552d621c776706a09ce1361\";a:5:{s:4:\"cuma\";b:1;s:4:\"mawi\";b:1;s:4:\"bosh\";b:1;s:5:\"mapac\";b:1;s:4:\"anim\";b:1;}s:45:\"et_pb_column_6be4578023f3cde46a7fff6b3861c85c\";a:3:{s:4:\"bosh\";b:1;s:3:\"pos\";b:1;s:4:\"anim\";b:1;}s:44:\"et_pb_image_f4b71cd486196a93a74e6b072b773cd7\";a:4:{s:4:\"mawi\";b:1;s:4:\"bosh\";b:1;s:3:\"pos\";b:1;s:4:\"anim\";b:1;}s:43:\"et_pb_text_68a785c2177cf68bf2397748ef31114a\";a:9:{s:4:\"glde\";a:10:{s:14:\"text_font_size\";s:2:\"14\";s:19:\"text_letter_spacing\";s:3:\"0px\";s:16:\"text_line_height\";s:5:\"1.7em\";s:16:\"header_font_size\";s:4:\"30px\";s:21:\"header_letter_spacing\";s:3:\"0px\";s:18:\"header_line_height\";s:3:\"1em\";s:15:\"background_size\";s:5:\"cover\";s:19:\"background_position\";s:6:\"center\";s:17:\"background_repeat\";s:9:\"no-repeat\";s:16:\"background_blend\";s:6:\"normal\";}s:4:\"foop\";b:1;s:4:\"tesh\";b:1;s:4:\"cuma\";b:1;s:4:\"mawi\";b:1;s:4:\"bosh\";b:1;s:3:\"pos\";b:1;s:5:\"mapac\";b:1;s:4:\"anim\";b:1;}s:43:\"et_pb_text_3642f8068fd50cdad33116023389e383\";a:7:{s:4:\"glde\";a:10:{s:14:\"text_font_size\";s:2:\"14\";s:19:\"text_letter_spacing\";s:3:\"0px\";s:16:\"text_line_height\";s:5:\"1.7em\";s:16:\"header_font_size\";s:4:\"30px\";s:21:\"header_letter_spacing\";s:3:\"0px\";s:18:\"header_line_height\";s:3:\"1em\";s:15:\"background_size\";s:5:\"cover\";s:19:\"background_position\";s:6:\"center\";s:17:\"background_repeat\";s:9:\"no-repeat\";s:16:\"background_blend\";s:6:\"normal\";}s:4:\"foop\";b:1;s:4:\"tesh\";b:1;s:4:\"mawi\";b:1;s:4:\"bosh\";b:1;s:3:\"pos\";b:1;s:4:\"anim\";b:1;}s:45:\"et_pb_column_61470a52d1c01da65c8eda69e71a300d\";a:3:{s:4:\"bosh\";b:1;s:3:\"pos\";b:1;s:4:\"anim\";b:1;}s:43:\"et_pb_text_44809c70b99abfae5616162a84587174\";a:9:{s:4:\"glde\";a:10:{s:14:\"text_font_size\";s:2:\"14\";s:19:\"text_letter_spacing\";s:3:\"0px\";s:16:\"text_line_height\";s:5:\"1.7em\";s:16:\"header_font_size\";s:4:\"30px\";s:21:\"header_letter_spacing\";s:3:\"0px\";s:18:\"header_line_height\";s:3:\"1em\";s:15:\"background_size\";s:5:\"cover\";s:19:\"background_position\";s:6:\"center\";s:17:\"background_repeat\";s:9:\"no-repeat\";s:16:\"background_blend\";s:6:\"normal\";}s:4:\"foop\";b:1;s:4:\"tesh\";b:1;s:4:\"cuma\";b:1;s:4:\"mawi\";b:1;s:4:\"bosh\";b:1;s:3:\"pos\";b:1;s:5:\"mapac\";b:1;s:4:\"anim\";b:1;}s:43:\"et_pb_menu_297b684d24550aa8b2571341edaf9e90\";a:7:{s:4:\"glde\";a:4:{s:15:\"background_size\";s:5:\"cover\";s:19:\"background_position\";s:6:\"center\";s:17:\"background_repeat\";s:9:\"no-repeat\";s:16:\"background_blend\";s:6:\"normal\";}s:4:\"foop\";b:1;s:4:\"tesh\";b:1;s:4:\"mawi\";b:1;s:4:\"bosh\";b:1;s:3:\"pos\";b:1;s:4:\"anim\";b:1;}s:43:\"et_pb_code_de2fa3e840d2bede7feae3cb2cbe00a6\";a:4:{s:4:\"mawi\";b:1;s:4:\"bosh\";b:1;s:3:\"pos\";b:1;s:4:\"anim\";b:1;}s:45:\"et_pb_column_e2708011566793ec19ae40db4b27b312\";a:3:{s:4:\"bosh\";b:1;s:3:\"pos\";b:1;s:4:\"anim\";b:1;}s:43:\"et_pb_text_32d4add8287168f7a7da67ca55597756\";a:9:{s:4:\"glde\";a:10:{s:14:\"text_font_size\";s:2:\"14\";s:19:\"text_letter_spacing\";s:3:\"0px\";s:16:\"text_line_height\";s:5:\"1.7em\";s:16:\"header_font_size\";s:4:\"30px\";s:21:\"header_letter_spacing\";s:3:\"0px\";s:18:\"header_line_height\";s:3:\"1em\";s:15:\"background_size\";s:5:\"cover\";s:19:\"background_position\";s:6:\"center\";s:17:\"background_repeat\";s:9:\"no-repeat\";s:16:\"background_blend\";s:6:\"normal\";}s:4:\"foop\";b:1;s:4:\"tesh\";b:1;s:4:\"cuma\";b:1;s:4:\"mawi\";b:1;s:4:\"bosh\";b:1;s:3:\"pos\";b:1;s:5:\"mapac\";b:1;s:4:\"anim\";b:1;}s:43:\"et_pb_menu_94f3665884d8aa31151e380083e94578\";a:7:{s:4:\"glde\";a:4:{s:15:\"background_size\";s:5:\"cover\";s:19:\"background_position\";s:6:\"center\";s:17:\"background_repeat\";s:9:\"no-repeat\";s:16:\"background_blend\";s:6:\"normal\";}s:4:\"foop\";b:1;s:4:\"tesh\";b:1;s:4:\"mawi\";b:1;s:4:\"bosh\";b:1;s:3:\"pos\";b:1;s:4:\"anim\";b:1;}s:42:\"et_pb_row_0f8322e628e82528f04ddcc5d0d4e92d\";a:5:{s:4:\"cuma\";b:1;s:4:\"mawi\";b:1;s:4:\"bosh\";b:1;s:5:\"mapac\";b:1;s:4:\"anim\";b:1;}s:43:\"et_pb_menu_561f4b31a77b791752927479423dde05\";a:7:{s:4:\"glde\";a:4:{s:15:\"background_size\";s:5:\"cover\";s:19:\"background_position\";s:6:\"center\";s:17:\"background_repeat\";s:9:\"no-repeat\";s:16:\"background_blend\";s:6:\"normal\";}s:4:\"foop\";b:1;s:4:\"tesh\";b:1;s:4:\"mawi\";b:1;s:4:\"bosh\";b:1;s:3:\"pos\";b:1;s:4:\"anim\";b:1;}}}"]},"yoast_head":"<!-- This site is optimized with the Yoast SEO plugin v22.6 - https:\/\/yoast.com\/wordpress\/plugins\/seo\/ -->\n<title>Infibulazione: i parlamentari Radicali interrogano il Governo - NPWJ<\/title>\n<meta name=\"robots\" content=\"index, follow, max-snippet:-1, max-image-preview:large, max-video-preview:-1\" \/>\n<link rel=\"canonical\" href=\"https:\/\/www.npwj.org\/statement\/infibulazione-i-parlamentari-radicali-interrogano-il-governo\/\" \/>\n<meta property=\"og:locale\" content=\"it_IT\" \/>\n<meta property=\"og:type\" content=\"article\" \/>\n<meta property=\"og:title\" content=\"Infibulazione: i parlamentari Radicali interrogano il Governo - NPWJ\" \/>\n<meta property=\"og:description\" content=\"Oggi i senatori radicali Bonino, Poretti e Perduca e i deputati Farina Coscioni, Bernardini, Mecacci, Beltrandi, Turco e Zamparutti, in collaborazione con Non c\u2019\u00e8 Pace Senza Giustizia, hanno depositato alla [&hellip;]\" \/>\n<meta property=\"og:url\" content=\"https:\/\/www.npwj.org\/statement\/infibulazione-i-parlamentari-radicali-interrogano-il-governo\/\" \/>\n<meta property=\"og:site_name\" content=\"NPWJ\" \/>\n<meta property=\"article:publisher\" content=\"https:\/\/www.facebook.com\/npwj.org\/\" \/>\n<meta property=\"article:published_time\" content=\"2008-09-24T14:09:06+00:00\" \/>\n<meta property=\"article:modified_time\" content=\"2024-04-11T20:20:51+00:00\" \/>\n<meta property=\"og:image\" content=\"https:\/\/www.npwj.org\/wp-content\/uploads\/2008\/09\/Pictures-of-the-Migration-Process.png\" \/>\n\t<meta property=\"og:image:width\" content=\"1200\" \/>\n\t<meta property=\"og:image:height\" content=\"630\" \/>\n\t<meta property=\"og:image:type\" content=\"image\/png\" \/>\n<meta name=\"author\" content=\"Camilla Taddei\" \/>\n<meta name=\"twitter:card\" content=\"summary_large_image\" \/>\n<meta name=\"twitter:creator\" content=\"@npwjpress\" \/>\n<meta name=\"twitter:site\" content=\"@npwjpress\" \/>\n<script type=\"application\/ld+json\" class=\"yoast-schema-graph\">{\"@context\":\"https:\/\/schema.org\",\"@graph\":[{\"@type\":\"Article\",\"@id\":\"https:\/\/www.npwj.org\/statement\/infibulazione-i-parlamentari-radicali-interrogano-il-governo\/#article\",\"isPartOf\":{\"@id\":\"https:\/\/www.npwj.org\/statement\/infibulazione-i-parlamentari-radicali-interrogano-il-governo\/\"},\"author\":{\"name\":\"Camilla Taddei\",\"@id\":\"https:\/\/www.npwj.org\/#\/schema\/person\/34a0caf021283c18f10ee9de813d1cb4\"},\"headline\":\"Infibulazione: i parlamentari Radicali interrogano il Governo\",\"datePublished\":\"2008-09-24T14:09:06+00:00\",\"dateModified\":\"2024-04-11T20:20:51+00:00\",\"mainEntityOfPage\":{\"@id\":\"https:\/\/www.npwj.org\/statement\/infibulazione-i-parlamentari-radicali-interrogano-il-governo\/\"},\"wordCount\":1117,\"publisher\":{\"@id\":\"https:\/\/www.npwj.org\/#organization\"},\"image\":{\"@id\":\"https:\/\/www.npwj.org\/statement\/infibulazione-i-parlamentari-radicali-interrogano-il-governo\/#primaryimage\"},\"thumbnailUrl\":\"https:\/\/www.npwj.org\/wp-content\/uploads\/2008\/09\/Pictures-of-the-Migration-Process.png\",\"keywords\":[\"Europa\",\"Italia\",\"MGF\"],\"articleSection\":[\"Dichiarazione\"],\"inLanguage\":\"it-IT\"},{\"@type\":\"WebPage\",\"@id\":\"https:\/\/www.npwj.org\/statement\/infibulazione-i-parlamentari-radicali-interrogano-il-governo\/\",\"url\":\"https:\/\/www.npwj.org\/statement\/infibulazione-i-parlamentari-radicali-interrogano-il-governo\/\",\"name\":\"Infibulazione: i parlamentari Radicali interrogano il Governo - NPWJ\",\"isPartOf\":{\"@id\":\"https:\/\/www.npwj.org\/#website\"},\"primaryImageOfPage\":{\"@id\":\"https:\/\/www.npwj.org\/statement\/infibulazione-i-parlamentari-radicali-interrogano-il-governo\/#primaryimage\"},\"image\":{\"@id\":\"https:\/\/www.npwj.org\/statement\/infibulazione-i-parlamentari-radicali-interrogano-il-governo\/#primaryimage\"},\"thumbnailUrl\":\"https:\/\/www.npwj.org\/wp-content\/uploads\/2008\/09\/Pictures-of-the-Migration-Process.png\",\"datePublished\":\"2008-09-24T14:09:06+00:00\",\"dateModified\":\"2024-04-11T20:20:51+00:00\",\"breadcrumb\":{\"@id\":\"https:\/\/www.npwj.org\/statement\/infibulazione-i-parlamentari-radicali-interrogano-il-governo\/#breadcrumb\"},\"inLanguage\":\"it-IT\",\"potentialAction\":[{\"@type\":\"ReadAction\",\"target\":[\"https:\/\/www.npwj.org\/statement\/infibulazione-i-parlamentari-radicali-interrogano-il-governo\/\"]}]},{\"@type\":\"ImageObject\",\"inLanguage\":\"it-IT\",\"@id\":\"https:\/\/www.npwj.org\/statement\/infibulazione-i-parlamentari-radicali-interrogano-il-governo\/#primaryimage\",\"url\":\"https:\/\/www.npwj.org\/wp-content\/uploads\/2008\/09\/Pictures-of-the-Migration-Process.png\",\"contentUrl\":\"https:\/\/www.npwj.org\/wp-content\/uploads\/2008\/09\/Pictures-of-the-Migration-Process.png\",\"width\":1200,\"height\":630},{\"@type\":\"BreadcrumbList\",\"@id\":\"https:\/\/www.npwj.org\/statement\/infibulazione-i-parlamentari-radicali-interrogano-il-governo\/#breadcrumb\",\"itemListElement\":[{\"@type\":\"ListItem\",\"position\":1,\"name\":\"Home\",\"item\":\"https:\/\/www.npwj.org\/\"},{\"@type\":\"ListItem\",\"position\":2,\"name\":\"Infibulazione: i parlamentari Radicali interrogano il Governo\"}]},{\"@type\":\"WebSite\",\"@id\":\"https:\/\/www.npwj.org\/#website\",\"url\":\"https:\/\/www.npwj.org\/\",\"name\":\"NPWJ\",\"description\":\"No Peace Without Justice\",\"publisher\":{\"@id\":\"https:\/\/www.npwj.org\/#organization\"},\"alternateName\":\"NPWJ\",\"potentialAction\":[{\"@type\":\"SearchAction\",\"target\":{\"@type\":\"EntryPoint\",\"urlTemplate\":\"https:\/\/www.npwj.org\/?s={search_term_string}\"},\"query-input\":\"required name=search_term_string\"}],\"inLanguage\":\"it-IT\"},{\"@type\":\"Organization\",\"@id\":\"https:\/\/www.npwj.org\/#organization\",\"name\":\"No Peace Without Justice\",\"alternateName\":\"NPWJ\",\"url\":\"https:\/\/www.npwj.org\/\",\"logo\":{\"@type\":\"ImageObject\",\"inLanguage\":\"it-IT\",\"@id\":\"https:\/\/www.npwj.org\/#\/schema\/logo\/image\/\",\"url\":\"https:\/\/www.npwj.org\/wp-content\/uploads\/2024\/05\/logo-npwj-npsg.png\",\"contentUrl\":\"https:\/\/www.npwj.org\/wp-content\/uploads\/2024\/05\/logo-npwj-npsg.png\",\"width\":1080,\"height\":1080,\"caption\":\"No Peace Without Justice\"},\"image\":{\"@id\":\"https:\/\/www.npwj.org\/#\/schema\/logo\/image\/\"},\"sameAs\":[\"https:\/\/www.facebook.com\/npwj.org\/\",\"https:\/\/x.com\/npwjpress\",\"https:\/\/www.instagram.com\/npwj_\/\"]},{\"@type\":\"Person\",\"@id\":\"https:\/\/www.npwj.org\/#\/schema\/person\/34a0caf021283c18f10ee9de813d1cb4\",\"name\":\"Camilla Taddei\",\"image\":{\"@type\":\"ImageObject\",\"inLanguage\":\"it-IT\",\"@id\":\"https:\/\/www.npwj.org\/#\/schema\/person\/image\/\",\"url\":\"https:\/\/secure.gravatar.com\/avatar\/20a32c2a373bb247d074e0ebf44709a4?s=96&d=mm&r=g\",\"contentUrl\":\"https:\/\/secure.gravatar.com\/avatar\/20a32c2a373bb247d074e0ebf44709a4?s=96&d=mm&r=g\",\"caption\":\"Camilla Taddei\"}}]}<\/script>\n<!-- \/ Yoast SEO plugin. -->","yoast_head_json":{"title":"Infibulazione: i parlamentari Radicali interrogano il Governo - NPWJ","robots":{"index":"index","follow":"follow","max-snippet":"max-snippet:-1","max-image-preview":"max-image-preview:large","max-video-preview":"max-video-preview:-1"},"canonical":"https:\/\/www.npwj.org\/statement\/infibulazione-i-parlamentari-radicali-interrogano-il-governo\/","og_locale":"it_IT","og_type":"article","og_title":"Infibulazione: i parlamentari Radicali interrogano il Governo - NPWJ","og_description":"Oggi i senatori radicali Bonino, Poretti e Perduca e i deputati Farina Coscioni, Bernardini, Mecacci, Beltrandi, Turco e Zamparutti, in collaborazione con Non c\u2019\u00e8 Pace Senza Giustizia, hanno depositato alla [&hellip;]","og_url":"https:\/\/www.npwj.org\/statement\/infibulazione-i-parlamentari-radicali-interrogano-il-governo\/","og_site_name":"NPWJ","article_publisher":"https:\/\/www.facebook.com\/npwj.org\/","article_published_time":"2008-09-24T14:09:06+00:00","article_modified_time":"2024-04-11T20:20:51+00:00","og_image":[{"width":1200,"height":630,"url":"https:\/\/www.npwj.org\/wp-content\/uploads\/2008\/09\/Pictures-of-the-Migration-Process.png","type":"image\/png"}],"author":"Camilla Taddei","twitter_card":"summary_large_image","twitter_creator":"@npwjpress","twitter_site":"@npwjpress","schema":{"@context":"https:\/\/schema.org","@graph":[{"@type":"Article","@id":"https:\/\/www.npwj.org\/statement\/infibulazione-i-parlamentari-radicali-interrogano-il-governo\/#article","isPartOf":{"@id":"https:\/\/www.npwj.org\/statement\/infibulazione-i-parlamentari-radicali-interrogano-il-governo\/"},"author":{"name":"Camilla Taddei","@id":"https:\/\/www.npwj.org\/#\/schema\/person\/34a0caf021283c18f10ee9de813d1cb4"},"headline":"Infibulazione: i parlamentari Radicali interrogano il Governo","datePublished":"2008-09-24T14:09:06+00:00","dateModified":"2024-04-11T20:20:51+00:00","mainEntityOfPage":{"@id":"https:\/\/www.npwj.org\/statement\/infibulazione-i-parlamentari-radicali-interrogano-il-governo\/"},"wordCount":1117,"publisher":{"@id":"https:\/\/www.npwj.org\/#organization"},"image":{"@id":"https:\/\/www.npwj.org\/statement\/infibulazione-i-parlamentari-radicali-interrogano-il-governo\/#primaryimage"},"thumbnailUrl":"https:\/\/www.npwj.org\/wp-content\/uploads\/2008\/09\/Pictures-of-the-Migration-Process.png","keywords":["Europa","Italia","MGF"],"articleSection":["Dichiarazione"],"inLanguage":"it-IT"},{"@type":"WebPage","@id":"https:\/\/www.npwj.org\/statement\/infibulazione-i-parlamentari-radicali-interrogano-il-governo\/","url":"https:\/\/www.npwj.org\/statement\/infibulazione-i-parlamentari-radicali-interrogano-il-governo\/","name":"Infibulazione: i parlamentari Radicali interrogano il Governo - NPWJ","isPartOf":{"@id":"https:\/\/www.npwj.org\/#website"},"primaryImageOfPage":{"@id":"https:\/\/www.npwj.org\/statement\/infibulazione-i-parlamentari-radicali-interrogano-il-governo\/#primaryimage"},"image":{"@id":"https:\/\/www.npwj.org\/statement\/infibulazione-i-parlamentari-radicali-interrogano-il-governo\/#primaryimage"},"thumbnailUrl":"https:\/\/www.npwj.org\/wp-content\/uploads\/2008\/09\/Pictures-of-the-Migration-Process.png","datePublished":"2008-09-24T14:09:06+00:00","dateModified":"2024-04-11T20:20:51+00:00","breadcrumb":{"@id":"https:\/\/www.npwj.org\/statement\/infibulazione-i-parlamentari-radicali-interrogano-il-governo\/#breadcrumb"},"inLanguage":"it-IT","potentialAction":[{"@type":"ReadAction","target":["https:\/\/www.npwj.org\/statement\/infibulazione-i-parlamentari-radicali-interrogano-il-governo\/"]}]},{"@type":"ImageObject","inLanguage":"it-IT","@id":"https:\/\/www.npwj.org\/statement\/infibulazione-i-parlamentari-radicali-interrogano-il-governo\/#primaryimage","url":"https:\/\/www.npwj.org\/wp-content\/uploads\/2008\/09\/Pictures-of-the-Migration-Process.png","contentUrl":"https:\/\/www.npwj.org\/wp-content\/uploads\/2008\/09\/Pictures-of-the-Migration-Process.png","width":1200,"height":630},{"@type":"BreadcrumbList","@id":"https:\/\/www.npwj.org\/statement\/infibulazione-i-parlamentari-radicali-interrogano-il-governo\/#breadcrumb","itemListElement":[{"@type":"ListItem","position":1,"name":"Home","item":"https:\/\/www.npwj.org\/"},{"@type":"ListItem","position":2,"name":"Infibulazione: i parlamentari Radicali interrogano il Governo"}]},{"@type":"WebSite","@id":"https:\/\/www.npwj.org\/#website","url":"https:\/\/www.npwj.org\/","name":"NPWJ","description":"No Peace Without Justice","publisher":{"@id":"https:\/\/www.npwj.org\/#organization"},"alternateName":"NPWJ","potentialAction":[{"@type":"SearchAction","target":{"@type":"EntryPoint","urlTemplate":"https:\/\/www.npwj.org\/?s={search_term_string}"},"query-input":"required name=search_term_string"}],"inLanguage":"it-IT"},{"@type":"Organization","@id":"https:\/\/www.npwj.org\/#organization","name":"No Peace Without Justice","alternateName":"NPWJ","url":"https:\/\/www.npwj.org\/","logo":{"@type":"ImageObject","inLanguage":"it-IT","@id":"https:\/\/www.npwj.org\/#\/schema\/logo\/image\/","url":"https:\/\/www.npwj.org\/wp-content\/uploads\/2024\/05\/logo-npwj-npsg.png","contentUrl":"https:\/\/www.npwj.org\/wp-content\/uploads\/2024\/05\/logo-npwj-npsg.png","width":1080,"height":1080,"caption":"No Peace Without Justice"},"image":{"@id":"https:\/\/www.npwj.org\/#\/schema\/logo\/image\/"},"sameAs":["https:\/\/www.facebook.com\/npwj.org\/","https:\/\/x.com\/npwjpress","https:\/\/www.instagram.com\/npwj_\/"]},{"@type":"Person","@id":"https:\/\/www.npwj.org\/#\/schema\/person\/34a0caf021283c18f10ee9de813d1cb4","name":"Camilla Taddei","image":{"@type":"ImageObject","inLanguage":"it-IT","@id":"https:\/\/www.npwj.org\/#\/schema\/person\/image\/","url":"https:\/\/secure.gravatar.com\/avatar\/20a32c2a373bb247d074e0ebf44709a4?s=96&d=mm&r=g","contentUrl":"https:\/\/secure.gravatar.com\/avatar\/20a32c2a373bb247d074e0ebf44709a4?s=96&d=mm&r=g","caption":"Camilla Taddei"}}]}},"_links":{"self":[{"href":"https:\/\/www.npwj.org\/it\/wp-json\/wp\/v2\/posts\/248210"}],"collection":[{"href":"https:\/\/www.npwj.org\/it\/wp-json\/wp\/v2\/posts"}],"about":[{"href":"https:\/\/www.npwj.org\/it\/wp-json\/wp\/v2\/types\/post"}],"author":[{"embeddable":true,"href":"https:\/\/www.npwj.org\/it\/wp-json\/wp\/v2\/users\/13"}],"replies":[{"embeddable":true,"href":"https:\/\/www.npwj.org\/it\/wp-json\/wp\/v2\/comments?post=248210"}],"version-history":[{"count":2,"href":"https:\/\/www.npwj.org\/it\/wp-json\/wp\/v2\/posts\/248210\/revisions"}],"predecessor-version":[{"id":248633,"href":"https:\/\/www.npwj.org\/it\/wp-json\/wp\/v2\/posts\/248210\/revisions\/248633"}],"wp:featuredmedia":[{"embeddable":true,"href":"https:\/\/www.npwj.org\/it\/wp-json\/wp\/v2\/media\/248631"}],"wp:attachment":[{"href":"https:\/\/www.npwj.org\/it\/wp-json\/wp\/v2\/media?parent=248210"}],"wp:term":[{"taxonomy":"category","embeddable":true,"href":"https:\/\/www.npwj.org\/it\/wp-json\/wp\/v2\/categories?post=248210"},{"taxonomy":"post_tag","embeddable":true,"href":"https:\/\/www.npwj.org\/it\/wp-json\/wp\/v2\/tags?post=248210"}],"curies":[{"name":"wp","href":"https:\/\/api.w.org\/{rel}","templated":true}]}}