{"id":248307,"date":"2009-12-18T14:34:24","date_gmt":"2009-12-18T13:34:24","guid":{"rendered":"https:\/\/www.npwj.org\/?p=248307"},"modified":"2024-04-11T22:09:40","modified_gmt":"2024-04-11T20:09:40","slug":"un-passo-avanti-verso-la-messa-al-bando-delle-mutilazioni-genitali-femminili-nel-mondo-non-ce-pace-senza-giustizia-si-congratula-con-il-ministro-frattini","status":"publish","type":"post","link":"https:\/\/www.npwj.org\/it\/dichiarazione\/un-passo-avanti-verso-la-messa-al-bando-delle-mutilazioni-genitali-femminili-nel-mondo-non-ce-pace-senza-giustizia-si-congratula-con-il-ministro-frattini\/","title":{"rendered":"Un passo avanti verso la messa al bando delle mutilazioni genitali femminili nel mondo: Non c\u2019\u00e8 Pace Senza Giustizia si congratula con il ministro Frattini"},"content":{"rendered":"<div class=\"content\">\n<p>L\u2019associazione radicale Non c&#8217;\u00e8 Pace Senza Giustizia (NPSG) e il Partito Radicale Nonviolento, Trasnazionale e Transpartito, si felicitano per l\u2019adozione da parte dell\u2019Assemblea generale delle Nazioni Unite di una risoluzione sui diritti delle bambine presa oggi, che grazie anche all\u2019impegno del Governo Italiano riafferma l\u2019obiettivo dell\u2019abbandono delle mgf entro una generazione.<\/p>\n<p><strong>Dichiarazione di Sergio Stanzani e Niccol\u00f2 Figa-Talamanca, Presidente e Segretario Generale di Non c&#8217;\u00e8 Pace Senza Giustizia:<\/strong><\/p>\n<p>Ci congratuliamo con il Ministro Frattini\u00a0 per l\u2019ottimo risultato raggiunto oggi: un passo decisamente importante affinch\u00e9\u00a0 l&#8217;Italia\u00a0 prosegua con determinazione, in collaborazione con i Paesi africani e con gli altri Stati impegnati per contrastare le mutilazioni genitali femminili la campagna per la messa al bando mondiale e definitiva delle mutilazioni genitali femminili da parte dell\u2019Assemblea Generale.<\/p>\n<p>Crediamo che il risultato raggiunto oggi sia un ultieriore ed incoraggiante tassello nella costruzione di un&#8217;iniziativa che ha un obiettivo ambizioso ,quello di riuscire a liberare le donne da una pratica ingiusta ed arcaica che viola la loro integirta\u2019 personale, la dignit\u00e0 di esseri umani e la libert\u00e0 sessuale. Molto ancora c\u2019\u00e8 da fare, ed \u00e8 per questo che il 2010 sar\u00e0 l\u2019anno\u00a0 decisivo e di svolta per il totale abbandono delle mutilazioni genitali femminili nel mondo.<\/p>\n<p>Per ulteriori informazioni, contattare Alvilda Jablonko, Coordinatrice del Programma sulle mutilazioni genitali femminili, al seguente indirizzo di posta elettronica:\u00a0<a href=\"mailto:ajablonko@npwj.org\">ajablonko@npwj.org<\/a>\u00a0; oppure Carla Craccio ai seguenti recapiti:\u00a0<a href=\"mailto:ccaraccio@npwj.org\">ccaraccio@npwj.org<\/a> ; (06)689 79 262.<\/p>\n<\/div>\n","protected":false},"excerpt":{"rendered":"<p>L\u2019associazione radicale Non c&#8217;\u00e8 Pace Senza Giustizia (NPSG) e il Partito Radicale Nonviolento, Trasnazionale e Transpartito, si felicitano per l\u2019adozione da parte dell\u2019Assemblea generale delle Nazioni Unite di una risoluzione [&hellip;]<\/p>\n","protected":false},"author":13,"featured_media":248310,"comment_status":"closed","ping_status":"closed","sticky":false,"template":"","format":"standard","meta":{"_et_pb_use_builder":"","_et_pb_old_content":"","_et_gb_content_width":"","footnotes":""},"categories":[129],"tags":[720,236],"cp_meta_data":{"_wpml_word_count":["{\"total\":289,\"to_translate\":{\"en\":289}}"],"_edit_lock":["1688042536:11"],"_edit_last":["4"],"_encloseme":["1"],"eg_sources_html5_mp4":[""],"eg_sources_youtube":[""],"eg_sources_vimeo":[""],"eg_sources_wistia":[""],"eg_sources_image":[""],"eg_sources_iframe":[""],"eg_sources_soundcloud":[""],"eg_vimeo_ratio":["1"],"eg_youtube_ratio":["1"],"eg_wistia_ratio":["1"],"eg_html5_ratio":["1"],"eg_soundcloud_ratio":["1"],"eg_sources_essgrid":[""],"eg_featured_grid":[""],"eg_settings_custom_meta_skin":[""],"eg_settings_custom_meta_element":[""],"eg_settings_custom_meta_setting":[""],"eg_settings_custom_meta_style":[""],"eg_custom_meta_216":["true"],"eg_votes_count":["0"],"_et_post_bg_color":["#ffffff"],"_et_post_bg_layout":["light"],"_et_pb_show_title":["on"],"_et_pb_post_hide_nav":["default"],"_et_pb_page_layout":["et_right_sidebar"],"_et_pb_side_nav":["off"],"_et_pb_use_builder":[""],"_et_pb_first_image":[""],"_et_pb_truncate_post":[""],"_et_pb_truncate_post_date":[""],"_et_pb_old_content":[""],"_wp_old_date":["2023-06-29"],"_wpml_media_duplicate":["1"],"_wpml_media_featured":["1"],"_wpml_location_migration_done":["1"],"_thumbnail_id":["248310"],"_wpml_media_has_media":["1"],"_et_builder_dynamic_assets_loading_attr_threshold":["2"],"_et_dynamic_cached_shortcodes":["a:8:{i:0;s:13:\"et_pb_section\";i:1;s:9:\"et_pb_row\";i:2;s:12:\"et_pb_column\";i:8;s:11:\"et_pb_blurb\";i:12;s:10:\"et_pb_code\";i:31;s:11:\"et_pb_image\";i:34;s:10:\"et_pb_menu\";i:50;s:10:\"et_pb_text\";}"],"_et_dynamic_cached_attributes":["a:3:{s:9:\"fullwidth\";a:1:{i:0;s:2:\"on\";}s:17:\"use_custom_gutter\";a:1:{i:0;s:2:\"on\";}s:9:\"font_icon\";a:1:{i:0;s:19:\"&#xe010;||divi||400\";}}"],"et_enqueued_post_fonts":["a:3:{s:6:\"family\";a:1:{s:12:\"et-gf-roboto\";s:91:\"Roboto:100,100italic,300,300italic,regular,italic,500,500italic,700,700italic,900,900italic\";}s:6:\"subset\";a:2:{i:0;s:5:\"latin\";i:1;s:9:\"latin-ext\";}s:9:\"cache_key\";s:75:\"{\"gph\":-1,\"divi\":\"4.25.0\",\"wp\":\"6.5.2\",\"enable_all_character_sets\":\"false\"}\";}"],"_et_builder_module_features_cache":["a:2:{i:0;s:86:\"{\"gph\":-1,\"divi\":\"4.25.0\",\"wp\":\"6.5.2\",\"tb\":{\"255786\":\"2024-05-09 18:48:34\"},\"wpe\":[]}\";i:1;a:23:{s:46:\"et_pb_section_82ee6d19694244f4273784c3b485c394\";a:5:{s:4:\"cuma\";b:1;s:4:\"mawi\";b:1;s:4:\"bosh\";b:1;s:5:\"mapac\";b:1;s:4:\"anim\";b:1;}s:46:\"et_pb_section_406a8e8b44e6b40e00c07e27d40672ad\";a:6:{s:4:\"cuma\";b:1;s:4:\"mawi\";b:1;s:4:\"bosh\";b:1;s:3:\"pos\";b:1;s:5:\"mapac\";b:1;s:4:\"anim\";b:1;}s:42:\"et_pb_row_3ada6f3380c5b5c9398b259deb22dc56\";a:6:{s:4:\"cuma\";b:1;s:4:\"mawi\";b:1;s:4:\"bosh\";b:1;s:3:\"pos\";b:1;s:5:\"mapac\";b:1;s:4:\"anim\";b:1;}s:45:\"et_pb_column_edca411123513a4f6124a44a0d670b36\";a:5:{s:4:\"cuma\";b:1;s:4:\"bosh\";b:1;s:3:\"pos\";b:1;s:5:\"mapac\";b:1;s:4:\"anim\";b:1;}s:43:\"et_pb_text_56594042cc8b70224eaa9339857e0fb8\";a:9:{s:4:\"glde\";a:10:{s:14:\"text_font_size\";s:2:\"14\";s:19:\"text_letter_spacing\";s:3:\"0px\";s:16:\"text_line_height\";s:5:\"1.7em\";s:16:\"header_font_size\";s:4:\"30px\";s:21:\"header_letter_spacing\";s:3:\"0px\";s:18:\"header_line_height\";s:3:\"1em\";s:15:\"background_size\";s:5:\"cover\";s:19:\"background_position\";s:6:\"center\";s:17:\"background_repeat\";s:9:\"no-repeat\";s:16:\"background_blend\";s:6:\"normal\";}s:4:\"foop\";b:1;s:4:\"tesh\";b:1;s:4:\"cuma\";b:1;s:4:\"mawi\";b:1;s:4:\"bosh\";b:1;s:3:\"pos\";b:1;s:5:\"mapac\";b:1;s:4:\"anim\";b:1;}s:43:\"et_pb_text_88c2e9e8cd20311fb18cca642ff02758\";a:7:{s:4:\"glde\";a:10:{s:14:\"text_font_size\";s:2:\"14\";s:19:\"text_letter_spacing\";s:3:\"0px\";s:16:\"text_line_height\";s:5:\"1.7em\";s:16:\"header_font_size\";s:4:\"30px\";s:21:\"header_letter_spacing\";s:3:\"0px\";s:18:\"header_line_height\";s:3:\"1em\";s:15:\"background_size\";s:5:\"cover\";s:19:\"background_position\";s:6:\"center\";s:17:\"background_repeat\";s:9:\"no-repeat\";s:16:\"background_blend\";s:6:\"normal\";}s:4:\"foop\";b:1;s:4:\"tesh\";b:1;s:4:\"mawi\";b:1;s:4:\"bosh\";b:1;s:3:\"pos\";b:1;s:4:\"anim\";b:1;}s:45:\"et_pb_column_6be1189de9678b5ee5b9d0e513762aa2\";a:3:{s:4:\"bosh\";b:1;s:3:\"pos\";b:1;s:4:\"anim\";b:1;}s:44:\"et_pb_blurb_08e1f4d3ddb4eff1d9ebfdcc25f5d638\";a:10:{s:4:\"glde\";a:10:{s:16:\"header_font_size\";s:2:\"18\";s:21:\"header_letter_spacing\";s:3:\"0px\";s:18:\"header_line_height\";s:3:\"1em\";s:14:\"body_font_size\";s:2:\"14\";s:19:\"body_letter_spacing\";s:3:\"0px\";s:16:\"body_line_height\";s:5:\"1.7em\";s:15:\"background_size\";s:5:\"cover\";s:19:\"background_position\";s:6:\"center\";s:17:\"background_repeat\";s:9:\"no-repeat\";s:16:\"background_blend\";s:6:\"normal\";}s:4:\"foop\";b:1;s:4:\"tesh\";b:1;s:3:\"bor\";b:1;s:4:\"cuma\";b:1;s:4:\"mawi\";b:1;s:4:\"bosh\";b:1;s:3:\"pos\";b:1;s:5:\"mapac\";b:1;s:4:\"anim\";b:1;}s:44:\"et_pb_blurb_6620894d25e34f91757c9c8d546bf56d\";a:10:{s:4:\"glde\";a:10:{s:16:\"header_font_size\";s:2:\"18\";s:21:\"header_letter_spacing\";s:3:\"0px\";s:18:\"header_line_height\";s:3:\"1em\";s:14:\"body_font_size\";s:2:\"14\";s:19:\"body_letter_spacing\";s:3:\"0px\";s:16:\"body_line_height\";s:5:\"1.7em\";s:15:\"background_size\";s:5:\"cover\";s:19:\"background_position\";s:6:\"center\";s:17:\"background_repeat\";s:9:\"no-repeat\";s:16:\"background_blend\";s:6:\"normal\";}s:4:\"foop\";b:1;s:4:\"tesh\";b:1;s:3:\"bor\";b:1;s:4:\"cuma\";b:1;s:4:\"mawi\";b:1;s:4:\"bosh\";b:1;s:3:\"pos\";b:1;s:5:\"mapac\";b:1;s:4:\"anim\";b:1;}s:42:\"et_pb_row_1b7d45b14552d621c776706a09ce1361\";a:5:{s:4:\"cuma\";b:1;s:4:\"mawi\";b:1;s:4:\"bosh\";b:1;s:5:\"mapac\";b:1;s:4:\"anim\";b:1;}s:45:\"et_pb_column_6be4578023f3cde46a7fff6b3861c85c\";a:3:{s:4:\"bosh\";b:1;s:3:\"pos\";b:1;s:4:\"anim\";b:1;}s:44:\"et_pb_image_f4b71cd486196a93a74e6b072b773cd7\";a:4:{s:4:\"mawi\";b:1;s:4:\"bosh\";b:1;s:3:\"pos\";b:1;s:4:\"anim\";b:1;}s:43:\"et_pb_text_68a785c2177cf68bf2397748ef31114a\";a:9:{s:4:\"glde\";a:10:{s:14:\"text_font_size\";s:2:\"14\";s:19:\"text_letter_spacing\";s:3:\"0px\";s:16:\"text_line_height\";s:5:\"1.7em\";s:16:\"header_font_size\";s:4:\"30px\";s:21:\"header_letter_spacing\";s:3:\"0px\";s:18:\"header_line_height\";s:3:\"1em\";s:15:\"background_size\";s:5:\"cover\";s:19:\"background_position\";s:6:\"center\";s:17:\"background_repeat\";s:9:\"no-repeat\";s:16:\"background_blend\";s:6:\"normal\";}s:4:\"foop\";b:1;s:4:\"tesh\";b:1;s:4:\"cuma\";b:1;s:4:\"mawi\";b:1;s:4:\"bosh\";b:1;s:3:\"pos\";b:1;s:5:\"mapac\";b:1;s:4:\"anim\";b:1;}s:43:\"et_pb_text_3642f8068fd50cdad33116023389e383\";a:7:{s:4:\"glde\";a:10:{s:14:\"text_font_size\";s:2:\"14\";s:19:\"text_letter_spacing\";s:3:\"0px\";s:16:\"text_line_height\";s:5:\"1.7em\";s:16:\"header_font_size\";s:4:\"30px\";s:21:\"header_letter_spacing\";s:3:\"0px\";s:18:\"header_line_height\";s:3:\"1em\";s:15:\"background_size\";s:5:\"cover\";s:19:\"background_position\";s:6:\"center\";s:17:\"background_repeat\";s:9:\"no-repeat\";s:16:\"background_blend\";s:6:\"normal\";}s:4:\"foop\";b:1;s:4:\"tesh\";b:1;s:4:\"mawi\";b:1;s:4:\"bosh\";b:1;s:3:\"pos\";b:1;s:4:\"anim\";b:1;}s:45:\"et_pb_column_61470a52d1c01da65c8eda69e71a300d\";a:3:{s:4:\"bosh\";b:1;s:3:\"pos\";b:1;s:4:\"anim\";b:1;}s:43:\"et_pb_text_44809c70b99abfae5616162a84587174\";a:9:{s:4:\"glde\";a:10:{s:14:\"text_font_size\";s:2:\"14\";s:19:\"text_letter_spacing\";s:3:\"0px\";s:16:\"text_line_height\";s:5:\"1.7em\";s:16:\"header_font_size\";s:4:\"30px\";s:21:\"header_letter_spacing\";s:3:\"0px\";s:18:\"header_line_height\";s:3:\"1em\";s:15:\"background_size\";s:5:\"cover\";s:19:\"background_position\";s:6:\"center\";s:17:\"background_repeat\";s:9:\"no-repeat\";s:16:\"background_blend\";s:6:\"normal\";}s:4:\"foop\";b:1;s:4:\"tesh\";b:1;s:4:\"cuma\";b:1;s:4:\"mawi\";b:1;s:4:\"bosh\";b:1;s:3:\"pos\";b:1;s:5:\"mapac\";b:1;s:4:\"anim\";b:1;}s:43:\"et_pb_menu_297b684d24550aa8b2571341edaf9e90\";a:7:{s:4:\"glde\";a:4:{s:15:\"background_size\";s:5:\"cover\";s:19:\"background_position\";s:6:\"center\";s:17:\"background_repeat\";s:9:\"no-repeat\";s:16:\"background_blend\";s:6:\"normal\";}s:4:\"foop\";b:1;s:4:\"tesh\";b:1;s:4:\"mawi\";b:1;s:4:\"bosh\";b:1;s:3:\"pos\";b:1;s:4:\"anim\";b:1;}s:43:\"et_pb_code_de2fa3e840d2bede7feae3cb2cbe00a6\";a:4:{s:4:\"mawi\";b:1;s:4:\"bosh\";b:1;s:3:\"pos\";b:1;s:4:\"anim\";b:1;}s:45:\"et_pb_column_e2708011566793ec19ae40db4b27b312\";a:3:{s:4:\"bosh\";b:1;s:3:\"pos\";b:1;s:4:\"anim\";b:1;}s:43:\"et_pb_text_32d4add8287168f7a7da67ca55597756\";a:9:{s:4:\"glde\";a:10:{s:14:\"text_font_size\";s:2:\"14\";s:19:\"text_letter_spacing\";s:3:\"0px\";s:16:\"text_line_height\";s:5:\"1.7em\";s:16:\"header_font_size\";s:4:\"30px\";s:21:\"header_letter_spacing\";s:3:\"0px\";s:18:\"header_line_height\";s:3:\"1em\";s:15:\"background_size\";s:5:\"cover\";s:19:\"background_position\";s:6:\"center\";s:17:\"background_repeat\";s:9:\"no-repeat\";s:16:\"background_blend\";s:6:\"normal\";}s:4:\"foop\";b:1;s:4:\"tesh\";b:1;s:4:\"cuma\";b:1;s:4:\"mawi\";b:1;s:4:\"bosh\";b:1;s:3:\"pos\";b:1;s:5:\"mapac\";b:1;s:4:\"anim\";b:1;}s:43:\"et_pb_menu_94f3665884d8aa31151e380083e94578\";a:7:{s:4:\"glde\";a:4:{s:15:\"background_size\";s:5:\"cover\";s:19:\"background_position\";s:6:\"center\";s:17:\"background_repeat\";s:9:\"no-repeat\";s:16:\"background_blend\";s:6:\"normal\";}s:4:\"foop\";b:1;s:4:\"tesh\";b:1;s:4:\"mawi\";b:1;s:4:\"bosh\";b:1;s:3:\"pos\";b:1;s:4:\"anim\";b:1;}s:42:\"et_pb_row_0f8322e628e82528f04ddcc5d0d4e92d\";a:5:{s:4:\"cuma\";b:1;s:4:\"mawi\";b:1;s:4:\"bosh\";b:1;s:5:\"mapac\";b:1;s:4:\"anim\";b:1;}s:43:\"et_pb_menu_561f4b31a77b791752927479423dde05\";a:7:{s:4:\"glde\";a:4:{s:15:\"background_size\";s:5:\"cover\";s:19:\"background_position\";s:6:\"center\";s:17:\"background_repeat\";s:9:\"no-repeat\";s:16:\"background_blend\";s:6:\"normal\";}s:4:\"foop\";b:1;s:4:\"tesh\";b:1;s:4:\"mawi\";b:1;s:4:\"bosh\";b:1;s:3:\"pos\";b:1;s:4:\"anim\";b:1;}}}"]},"yoast_head":"<!-- This site is optimized with the Yoast SEO plugin v22.6 - https:\/\/yoast.com\/wordpress\/plugins\/seo\/ -->\n<title>Un passo avanti verso la messa al bando delle mutilazioni genitali femminili nel mondo: Non c\u2019\u00e8 Pace Senza Giustizia si congratula con il ministro Frattini - NPWJ<\/title>\n<meta name=\"robots\" content=\"index, follow, max-snippet:-1, max-image-preview:large, max-video-preview:-1\" \/>\n<link rel=\"canonical\" href=\"https:\/\/www.npwj.org\/statement\/un-passo-avanti-verso-la-messa-al-bando-delle-mutilazioni-genitali-femminili-nel-mondo-non-ce-pace-senza-giustizia-si-congratula-con-il-ministro-frattini\/\" \/>\n<meta property=\"og:locale\" content=\"it_IT\" \/>\n<meta property=\"og:type\" content=\"article\" \/>\n<meta property=\"og:title\" content=\"Un passo avanti verso la messa al bando delle mutilazioni genitali femminili nel mondo: Non c\u2019\u00e8 Pace Senza Giustizia si congratula con il ministro Frattini - NPWJ\" \/>\n<meta property=\"og:description\" content=\"L\u2019associazione radicale Non c&#8217;\u00e8 Pace Senza Giustizia (NPSG) e il Partito Radicale Nonviolento, Trasnazionale e Transpartito, si felicitano per l\u2019adozione da parte dell\u2019Assemblea generale delle Nazioni Unite di una risoluzione [&hellip;]\" \/>\n<meta property=\"og:url\" content=\"https:\/\/www.npwj.org\/statement\/un-passo-avanti-verso-la-messa-al-bando-delle-mutilazioni-genitali-femminili-nel-mondo-non-ce-pace-senza-giustizia-si-congratula-con-il-ministro-frattini\/\" \/>\n<meta property=\"og:site_name\" content=\"NPWJ\" \/>\n<meta property=\"article:publisher\" content=\"https:\/\/www.facebook.com\/npwj.org\/\" \/>\n<meta property=\"article:published_time\" content=\"2009-12-18T13:34:24+00:00\" \/>\n<meta property=\"article:modified_time\" content=\"2024-04-11T20:09:40+00:00\" \/>\n<meta property=\"og:image\" content=\"https:\/\/www.npwj.org\/wp-content\/uploads\/2009\/12\/UN-Flag.png\" \/>\n\t<meta property=\"og:image:width\" content=\"1200\" \/>\n\t<meta property=\"og:image:height\" content=\"630\" \/>\n\t<meta property=\"og:image:type\" content=\"image\/png\" \/>\n<meta name=\"author\" content=\"Camilla Taddei\" \/>\n<meta name=\"twitter:card\" content=\"summary_large_image\" \/>\n<meta name=\"twitter:creator\" content=\"@npwjpress\" \/>\n<meta name=\"twitter:site\" content=\"@npwjpress\" \/>\n<script type=\"application\/ld+json\" class=\"yoast-schema-graph\">{\"@context\":\"https:\/\/schema.org\",\"@graph\":[{\"@type\":\"Article\",\"@id\":\"https:\/\/www.npwj.org\/statement\/un-passo-avanti-verso-la-messa-al-bando-delle-mutilazioni-genitali-femminili-nel-mondo-non-ce-pace-senza-giustizia-si-congratula-con-il-ministro-frattini\/#article\",\"isPartOf\":{\"@id\":\"https:\/\/www.npwj.org\/statement\/un-passo-avanti-verso-la-messa-al-bando-delle-mutilazioni-genitali-femminili-nel-mondo-non-ce-pace-senza-giustizia-si-congratula-con-il-ministro-frattini\/\"},\"author\":{\"name\":\"Camilla Taddei\",\"@id\":\"https:\/\/www.npwj.org\/#\/schema\/person\/34a0caf021283c18f10ee9de813d1cb4\"},\"headline\":\"Un passo avanti verso la messa al bando delle mutilazioni genitali femminili nel mondo: Non c\u2019\u00e8 Pace Senza Giustizia si congratula con il ministro Frattini\",\"datePublished\":\"2009-12-18T13:34:24+00:00\",\"dateModified\":\"2024-04-11T20:09:40+00:00\",\"mainEntityOfPage\":{\"@id\":\"https:\/\/www.npwj.org\/statement\/un-passo-avanti-verso-la-messa-al-bando-delle-mutilazioni-genitali-femminili-nel-mondo-non-ce-pace-senza-giustizia-si-congratula-con-il-ministro-frattini\/\"},\"wordCount\":264,\"publisher\":{\"@id\":\"https:\/\/www.npwj.org\/#organization\"},\"image\":{\"@id\":\"https:\/\/www.npwj.org\/statement\/un-passo-avanti-verso-la-messa-al-bando-delle-mutilazioni-genitali-femminili-nel-mondo-non-ce-pace-senza-giustizia-si-congratula-con-il-ministro-frattini\/#primaryimage\"},\"thumbnailUrl\":\"https:\/\/www.npwj.org\/wp-content\/uploads\/2009\/12\/UN-Flag.png\",\"keywords\":[\"Italia\",\"MGF\"],\"articleSection\":[\"Dichiarazione\"],\"inLanguage\":\"it-IT\"},{\"@type\":\"WebPage\",\"@id\":\"https:\/\/www.npwj.org\/statement\/un-passo-avanti-verso-la-messa-al-bando-delle-mutilazioni-genitali-femminili-nel-mondo-non-ce-pace-senza-giustizia-si-congratula-con-il-ministro-frattini\/\",\"url\":\"https:\/\/www.npwj.org\/statement\/un-passo-avanti-verso-la-messa-al-bando-delle-mutilazioni-genitali-femminili-nel-mondo-non-ce-pace-senza-giustizia-si-congratula-con-il-ministro-frattini\/\",\"name\":\"Un passo avanti verso la messa al bando delle mutilazioni genitali femminili nel mondo: Non c\u2019\u00e8 Pace Senza Giustizia si congratula con il ministro Frattini - NPWJ\",\"isPartOf\":{\"@id\":\"https:\/\/www.npwj.org\/#website\"},\"primaryImageOfPage\":{\"@id\":\"https:\/\/www.npwj.org\/statement\/un-passo-avanti-verso-la-messa-al-bando-delle-mutilazioni-genitali-femminili-nel-mondo-non-ce-pace-senza-giustizia-si-congratula-con-il-ministro-frattini\/#primaryimage\"},\"image\":{\"@id\":\"https:\/\/www.npwj.org\/statement\/un-passo-avanti-verso-la-messa-al-bando-delle-mutilazioni-genitali-femminili-nel-mondo-non-ce-pace-senza-giustizia-si-congratula-con-il-ministro-frattini\/#primaryimage\"},\"thumbnailUrl\":\"https:\/\/www.npwj.org\/wp-content\/uploads\/2009\/12\/UN-Flag.png\",\"datePublished\":\"2009-12-18T13:34:24+00:00\",\"dateModified\":\"2024-04-11T20:09:40+00:00\",\"breadcrumb\":{\"@id\":\"https:\/\/www.npwj.org\/statement\/un-passo-avanti-verso-la-messa-al-bando-delle-mutilazioni-genitali-femminili-nel-mondo-non-ce-pace-senza-giustizia-si-congratula-con-il-ministro-frattini\/#breadcrumb\"},\"inLanguage\":\"it-IT\",\"potentialAction\":[{\"@type\":\"ReadAction\",\"target\":[\"https:\/\/www.npwj.org\/statement\/un-passo-avanti-verso-la-messa-al-bando-delle-mutilazioni-genitali-femminili-nel-mondo-non-ce-pace-senza-giustizia-si-congratula-con-il-ministro-frattini\/\"]}]},{\"@type\":\"ImageObject\",\"inLanguage\":\"it-IT\",\"@id\":\"https:\/\/www.npwj.org\/statement\/un-passo-avanti-verso-la-messa-al-bando-delle-mutilazioni-genitali-femminili-nel-mondo-non-ce-pace-senza-giustizia-si-congratula-con-il-ministro-frattini\/#primaryimage\",\"url\":\"https:\/\/www.npwj.org\/wp-content\/uploads\/2009\/12\/UN-Flag.png\",\"contentUrl\":\"https:\/\/www.npwj.org\/wp-content\/uploads\/2009\/12\/UN-Flag.png\",\"width\":1200,\"height\":630},{\"@type\":\"BreadcrumbList\",\"@id\":\"https:\/\/www.npwj.org\/statement\/un-passo-avanti-verso-la-messa-al-bando-delle-mutilazioni-genitali-femminili-nel-mondo-non-ce-pace-senza-giustizia-si-congratula-con-il-ministro-frattini\/#breadcrumb\",\"itemListElement\":[{\"@type\":\"ListItem\",\"position\":1,\"name\":\"Home\",\"item\":\"https:\/\/www.npwj.org\/\"},{\"@type\":\"ListItem\",\"position\":2,\"name\":\"Un passo avanti verso la messa al bando delle mutilazioni genitali femminili nel mondo: Non c\u2019\u00e8 Pace Senza Giustizia si congratula con il ministro Frattini\"}]},{\"@type\":\"WebSite\",\"@id\":\"https:\/\/www.npwj.org\/#website\",\"url\":\"https:\/\/www.npwj.org\/\",\"name\":\"NPWJ\",\"description\":\"No Peace Without Justice\",\"publisher\":{\"@id\":\"https:\/\/www.npwj.org\/#organization\"},\"alternateName\":\"NPWJ\",\"potentialAction\":[{\"@type\":\"SearchAction\",\"target\":{\"@type\":\"EntryPoint\",\"urlTemplate\":\"https:\/\/www.npwj.org\/?s={search_term_string}\"},\"query-input\":\"required name=search_term_string\"}],\"inLanguage\":\"it-IT\"},{\"@type\":\"Organization\",\"@id\":\"https:\/\/www.npwj.org\/#organization\",\"name\":\"No Peace Without Justice\",\"alternateName\":\"NPWJ\",\"url\":\"https:\/\/www.npwj.org\/\",\"logo\":{\"@type\":\"ImageObject\",\"inLanguage\":\"it-IT\",\"@id\":\"https:\/\/www.npwj.org\/#\/schema\/logo\/image\/\",\"url\":\"https:\/\/www.npwj.org\/wp-content\/uploads\/2024\/05\/logo-npwj-npsg.png\",\"contentUrl\":\"https:\/\/www.npwj.org\/wp-content\/uploads\/2024\/05\/logo-npwj-npsg.png\",\"width\":1080,\"height\":1080,\"caption\":\"No Peace Without Justice\"},\"image\":{\"@id\":\"https:\/\/www.npwj.org\/#\/schema\/logo\/image\/\"},\"sameAs\":[\"https:\/\/www.facebook.com\/npwj.org\/\",\"https:\/\/x.com\/npwjpress\",\"https:\/\/www.instagram.com\/npwj_\/\"]},{\"@type\":\"Person\",\"@id\":\"https:\/\/www.npwj.org\/#\/schema\/person\/34a0caf021283c18f10ee9de813d1cb4\",\"name\":\"Camilla Taddei\",\"image\":{\"@type\":\"ImageObject\",\"inLanguage\":\"it-IT\",\"@id\":\"https:\/\/www.npwj.org\/#\/schema\/person\/image\/\",\"url\":\"https:\/\/secure.gravatar.com\/avatar\/20a32c2a373bb247d074e0ebf44709a4?s=96&d=mm&r=g\",\"contentUrl\":\"https:\/\/secure.gravatar.com\/avatar\/20a32c2a373bb247d074e0ebf44709a4?s=96&d=mm&r=g\",\"caption\":\"Camilla Taddei\"}}]}<\/script>\n<!-- \/ Yoast SEO plugin. -->","yoast_head_json":{"title":"Un passo avanti verso la messa al bando delle mutilazioni genitali femminili nel mondo: Non c\u2019\u00e8 Pace Senza Giustizia si congratula con il ministro Frattini - NPWJ","robots":{"index":"index","follow":"follow","max-snippet":"max-snippet:-1","max-image-preview":"max-image-preview:large","max-video-preview":"max-video-preview:-1"},"canonical":"https:\/\/www.npwj.org\/statement\/un-passo-avanti-verso-la-messa-al-bando-delle-mutilazioni-genitali-femminili-nel-mondo-non-ce-pace-senza-giustizia-si-congratula-con-il-ministro-frattini\/","og_locale":"it_IT","og_type":"article","og_title":"Un passo avanti verso la messa al bando delle mutilazioni genitali femminili nel mondo: Non c\u2019\u00e8 Pace Senza Giustizia si congratula con il ministro Frattini - NPWJ","og_description":"L\u2019associazione radicale Non c&#8217;\u00e8 Pace Senza Giustizia (NPSG) e il Partito Radicale Nonviolento, Trasnazionale e Transpartito, si felicitano per l\u2019adozione da parte dell\u2019Assemblea generale delle Nazioni Unite di una risoluzione [&hellip;]","og_url":"https:\/\/www.npwj.org\/statement\/un-passo-avanti-verso-la-messa-al-bando-delle-mutilazioni-genitali-femminili-nel-mondo-non-ce-pace-senza-giustizia-si-congratula-con-il-ministro-frattini\/","og_site_name":"NPWJ","article_publisher":"https:\/\/www.facebook.com\/npwj.org\/","article_published_time":"2009-12-18T13:34:24+00:00","article_modified_time":"2024-04-11T20:09:40+00:00","og_image":[{"width":1200,"height":630,"url":"https:\/\/www.npwj.org\/wp-content\/uploads\/2009\/12\/UN-Flag.png","type":"image\/png"}],"author":"Camilla Taddei","twitter_card":"summary_large_image","twitter_creator":"@npwjpress","twitter_site":"@npwjpress","schema":{"@context":"https:\/\/schema.org","@graph":[{"@type":"Article","@id":"https:\/\/www.npwj.org\/statement\/un-passo-avanti-verso-la-messa-al-bando-delle-mutilazioni-genitali-femminili-nel-mondo-non-ce-pace-senza-giustizia-si-congratula-con-il-ministro-frattini\/#article","isPartOf":{"@id":"https:\/\/www.npwj.org\/statement\/un-passo-avanti-verso-la-messa-al-bando-delle-mutilazioni-genitali-femminili-nel-mondo-non-ce-pace-senza-giustizia-si-congratula-con-il-ministro-frattini\/"},"author":{"name":"Camilla Taddei","@id":"https:\/\/www.npwj.org\/#\/schema\/person\/34a0caf021283c18f10ee9de813d1cb4"},"headline":"Un passo avanti verso la messa al bando delle mutilazioni genitali femminili nel mondo: Non c\u2019\u00e8 Pace Senza Giustizia si congratula con il ministro Frattini","datePublished":"2009-12-18T13:34:24+00:00","dateModified":"2024-04-11T20:09:40+00:00","mainEntityOfPage":{"@id":"https:\/\/www.npwj.org\/statement\/un-passo-avanti-verso-la-messa-al-bando-delle-mutilazioni-genitali-femminili-nel-mondo-non-ce-pace-senza-giustizia-si-congratula-con-il-ministro-frattini\/"},"wordCount":264,"publisher":{"@id":"https:\/\/www.npwj.org\/#organization"},"image":{"@id":"https:\/\/www.npwj.org\/statement\/un-passo-avanti-verso-la-messa-al-bando-delle-mutilazioni-genitali-femminili-nel-mondo-non-ce-pace-senza-giustizia-si-congratula-con-il-ministro-frattini\/#primaryimage"},"thumbnailUrl":"https:\/\/www.npwj.org\/wp-content\/uploads\/2009\/12\/UN-Flag.png","keywords":["Italia","MGF"],"articleSection":["Dichiarazione"],"inLanguage":"it-IT"},{"@type":"WebPage","@id":"https:\/\/www.npwj.org\/statement\/un-passo-avanti-verso-la-messa-al-bando-delle-mutilazioni-genitali-femminili-nel-mondo-non-ce-pace-senza-giustizia-si-congratula-con-il-ministro-frattini\/","url":"https:\/\/www.npwj.org\/statement\/un-passo-avanti-verso-la-messa-al-bando-delle-mutilazioni-genitali-femminili-nel-mondo-non-ce-pace-senza-giustizia-si-congratula-con-il-ministro-frattini\/","name":"Un passo avanti verso la messa al bando delle mutilazioni genitali femminili nel mondo: Non c\u2019\u00e8 Pace Senza Giustizia si congratula con il ministro Frattini - NPWJ","isPartOf":{"@id":"https:\/\/www.npwj.org\/#website"},"primaryImageOfPage":{"@id":"https:\/\/www.npwj.org\/statement\/un-passo-avanti-verso-la-messa-al-bando-delle-mutilazioni-genitali-femminili-nel-mondo-non-ce-pace-senza-giustizia-si-congratula-con-il-ministro-frattini\/#primaryimage"},"image":{"@id":"https:\/\/www.npwj.org\/statement\/un-passo-avanti-verso-la-messa-al-bando-delle-mutilazioni-genitali-femminili-nel-mondo-non-ce-pace-senza-giustizia-si-congratula-con-il-ministro-frattini\/#primaryimage"},"thumbnailUrl":"https:\/\/www.npwj.org\/wp-content\/uploads\/2009\/12\/UN-Flag.png","datePublished":"2009-12-18T13:34:24+00:00","dateModified":"2024-04-11T20:09:40+00:00","breadcrumb":{"@id":"https:\/\/www.npwj.org\/statement\/un-passo-avanti-verso-la-messa-al-bando-delle-mutilazioni-genitali-femminili-nel-mondo-non-ce-pace-senza-giustizia-si-congratula-con-il-ministro-frattini\/#breadcrumb"},"inLanguage":"it-IT","potentialAction":[{"@type":"ReadAction","target":["https:\/\/www.npwj.org\/statement\/un-passo-avanti-verso-la-messa-al-bando-delle-mutilazioni-genitali-femminili-nel-mondo-non-ce-pace-senza-giustizia-si-congratula-con-il-ministro-frattini\/"]}]},{"@type":"ImageObject","inLanguage":"it-IT","@id":"https:\/\/www.npwj.org\/statement\/un-passo-avanti-verso-la-messa-al-bando-delle-mutilazioni-genitali-femminili-nel-mondo-non-ce-pace-senza-giustizia-si-congratula-con-il-ministro-frattini\/#primaryimage","url":"https:\/\/www.npwj.org\/wp-content\/uploads\/2009\/12\/UN-Flag.png","contentUrl":"https:\/\/www.npwj.org\/wp-content\/uploads\/2009\/12\/UN-Flag.png","width":1200,"height":630},{"@type":"BreadcrumbList","@id":"https:\/\/www.npwj.org\/statement\/un-passo-avanti-verso-la-messa-al-bando-delle-mutilazioni-genitali-femminili-nel-mondo-non-ce-pace-senza-giustizia-si-congratula-con-il-ministro-frattini\/#breadcrumb","itemListElement":[{"@type":"ListItem","position":1,"name":"Home","item":"https:\/\/www.npwj.org\/"},{"@type":"ListItem","position":2,"name":"Un passo avanti verso la messa al bando delle mutilazioni genitali femminili nel mondo: Non c\u2019\u00e8 Pace Senza Giustizia si congratula con il ministro Frattini"}]},{"@type":"WebSite","@id":"https:\/\/www.npwj.org\/#website","url":"https:\/\/www.npwj.org\/","name":"NPWJ","description":"No Peace Without Justice","publisher":{"@id":"https:\/\/www.npwj.org\/#organization"},"alternateName":"NPWJ","potentialAction":[{"@type":"SearchAction","target":{"@type":"EntryPoint","urlTemplate":"https:\/\/www.npwj.org\/?s={search_term_string}"},"query-input":"required name=search_term_string"}],"inLanguage":"it-IT"},{"@type":"Organization","@id":"https:\/\/www.npwj.org\/#organization","name":"No Peace Without Justice","alternateName":"NPWJ","url":"https:\/\/www.npwj.org\/","logo":{"@type":"ImageObject","inLanguage":"it-IT","@id":"https:\/\/www.npwj.org\/#\/schema\/logo\/image\/","url":"https:\/\/www.npwj.org\/wp-content\/uploads\/2024\/05\/logo-npwj-npsg.png","contentUrl":"https:\/\/www.npwj.org\/wp-content\/uploads\/2024\/05\/logo-npwj-npsg.png","width":1080,"height":1080,"caption":"No Peace Without Justice"},"image":{"@id":"https:\/\/www.npwj.org\/#\/schema\/logo\/image\/"},"sameAs":["https:\/\/www.facebook.com\/npwj.org\/","https:\/\/x.com\/npwjpress","https:\/\/www.instagram.com\/npwj_\/"]},{"@type":"Person","@id":"https:\/\/www.npwj.org\/#\/schema\/person\/34a0caf021283c18f10ee9de813d1cb4","name":"Camilla Taddei","image":{"@type":"ImageObject","inLanguage":"it-IT","@id":"https:\/\/www.npwj.org\/#\/schema\/person\/image\/","url":"https:\/\/secure.gravatar.com\/avatar\/20a32c2a373bb247d074e0ebf44709a4?s=96&d=mm&r=g","contentUrl":"https:\/\/secure.gravatar.com\/avatar\/20a32c2a373bb247d074e0ebf44709a4?s=96&d=mm&r=g","caption":"Camilla Taddei"}}]}},"_links":{"self":[{"href":"https:\/\/www.npwj.org\/it\/wp-json\/wp\/v2\/posts\/248307"}],"collection":[{"href":"https:\/\/www.npwj.org\/it\/wp-json\/wp\/v2\/posts"}],"about":[{"href":"https:\/\/www.npwj.org\/it\/wp-json\/wp\/v2\/types\/post"}],"author":[{"embeddable":true,"href":"https:\/\/www.npwj.org\/it\/wp-json\/wp\/v2\/users\/13"}],"replies":[{"embeddable":true,"href":"https:\/\/www.npwj.org\/it\/wp-json\/wp\/v2\/comments?post=248307"}],"version-history":[{"count":1,"href":"https:\/\/www.npwj.org\/it\/wp-json\/wp\/v2\/posts\/248307\/revisions"}],"predecessor-version":[{"id":248308,"href":"https:\/\/www.npwj.org\/it\/wp-json\/wp\/v2\/posts\/248307\/revisions\/248308"}],"wp:featuredmedia":[{"embeddable":true,"href":"https:\/\/www.npwj.org\/it\/wp-json\/wp\/v2\/media\/248310"}],"wp:attachment":[{"href":"https:\/\/www.npwj.org\/it\/wp-json\/wp\/v2\/media?parent=248307"}],"wp:term":[{"taxonomy":"category","embeddable":true,"href":"https:\/\/www.npwj.org\/it\/wp-json\/wp\/v2\/categories?post=248307"},{"taxonomy":"post_tag","embeddable":true,"href":"https:\/\/www.npwj.org\/it\/wp-json\/wp\/v2\/tags?post=248307"}],"curies":[{"name":"wp","href":"https:\/\/api.w.org\/{rel}","templated":true}]}}