{"id":248431,"date":"2012-07-21T20:55:26","date_gmt":"2012-07-21T18:55:26","guid":{"rendered":"https:\/\/www.npwj.org\/?p=248431"},"modified":"2024-04-11T22:19:34","modified_gmt":"2024-04-11T20:19:34","slug":"le-frecce-nellarco-della-corte-penale-internazionale","status":"publish","type":"post","link":"https:\/\/www.npwj.org\/it\/pubblicazioni\/le-frecce-nellarco-della-corte-penale-internazionale\/","title":{"rendered":"Le frecce nell\u2019arco della Corte penale internazionale"},"content":{"rendered":"<p><strong>Leggi l&#8217;articolo pubblicato in<\/strong>\u00a0<a href=\"http:\/\/www.affarinternazionali.it\/articolo.asp?ID=2092\">Affari Internazionali<\/a><\/p>\n<p>Il 13 luglio scorso, mentre ci si apprestava a celebrare il quattordicesimo anniversario dell&#8217;adozione dello Statuto della Corte penale internazionale, avvenuta a Roma il 17 luglio 1998, il ministro della giustizia del Mali scriveva al Procuratore della Corte all&#8217;Aja per chiedere formalmente il deferimento del suo paese alla giurisdizione della Corte stessa &#8220;nella misura in cui la giurisdizione maliana \u00e8 nell&#8217;impossibilit\u00e0 di perseguire o giudicare gli autori&#8221;.<\/p>\n<p>Il ministro elencava poi una serie di gravi crimini commessi in Mali a partire dal gennaio 2012: esecuzioni sommarie, stupri, massacri di civili, arruolamento di bambini, torture, saccheggi, rapimenti, distruzione di simboli religiosi. Crimini, precisava, che ricadevano sotto gli articoli 7 e 8 dello Statuto della Corte.<\/p>\n<p>Innegabilmente, il mondo \u00e8 molto cambiato da quando lo Statuto \u00e8 entrato in vigore il primo luglio 2002. Dieci anni fa non esisteva alcun organismo permanente che avesse giurisdizione su crimini attinenti al diritto internazionale. Il fatto che la Corte sia riuscita a rimanere in vita tutti questi anni nonostante lo scetticismo sparso a piene mani e le forti opposizioni, \u00e8 di per s\u00e9 gi\u00e0 foriero di risultati promettenti.<\/p>\n<p><strong>Deterrenza<\/strong><br \/>\nIl primo risultato, come dimostra il recente caso maliano, \u00e8 che le vittime hanno la possibilit\u00e0 di vedere riconosciute le ingiustizie subite, il che non era pensabile dieci anni fa.<\/p>\n<p>Anche per questo, misurare il successo della Corte sul numero di indagini, procedimenti giudiziari o condanne \u00e8 alquanto singolare. Anzi, se questo dovesse essere il metro di giudizio allora si potrebbe dire che il massimo successo la Corte lo avr\u00e0 raggiunto quando non avr\u00e0 pi\u00f9 alcun caso da trattare, visto che opera in base al principio della complementariet\u00e0 che lascia agli Stati la responsabilit\u00e0 primaria in materia di indagine e, nel caso, di condanna.<\/p>\n<p>Non si tratta quindi di fare un balletto sulle cifre &#8211; che rischia di banalizzare il contesto &#8211; ma piuttosto di guardare alla rilevanza e all&#8217;impatto che la Corte ha, e pu\u00f2 avere, come deterrente.<\/p>\n<p>Ebbene, nonostante la realpolitik imperante, gli effetti deterrenti della Corte hanno iniziato a dispiegarsi. Il loro &#8220;sfruttamento&#8221; da parte di politici e attivisti a livello nazionale ha messo un freno alla violenza, anche senza il coinvolgimento diretto della Corte. L&#8217;effetto deterrente \u00e8 accresciuto dalla strategia dell&#8217;accusa di concentrarsi su coloro che hanno le responsabilit\u00e0 pi\u00f9 gravi per i crimini commessi dall&#8217;insieme, il che comporta attribuire le responsabilit\u00e0 a chi effettivamente ne \u00e8 titolare, evitando cos\u00ec di criminalizzare interi gruppi, inclusi quelli etnici.<br \/>\n<strong><br \/>\nLotta all\u2019impunit\u00e0<\/strong><br \/>\nMa l&#8217;impatto principale della Corte a livello globale \u00e8 che oggi non \u00e8 pi\u00f9 possibile ignorare le responsabilit\u00e0, guardando dall&#8217;altra parte. Qualsiasi situazione che veda massicce violazioni incrocia, ad un certo punto, la questione dell&#8217;impunit\u00e0, anche dove esistono dinamiche politiche che proteggono i perpetratori, come nel caso della Siria.<\/p>\n<p>Oggi per queste situazioni esiste un canale, che presuppone per\u00f2 una volont\u00e0 politica: quello del Consiglio di sicurezza dell&#8217;Onu. Dieci anni fa l&#8217;unica opzione percorribile era la creazione di tribunali ad hoc, mentre adesso \u00e8 disponibile una giurisdizione alla quale il Cds pu\u00f2 deferire dei casi. E se alcuni membri permanenti oppongono il veto, ora se ne conoscono nome e cognome.<\/p>\n<p>Un altro effetto collaterale della Corte \u00e8 la rivisitazione delle vittime come persone sopravvissute titolari di diritti, pi\u00f9 che come oggetti di piet\u00e0, come pure il fatto che la necessit\u00e0 di lottare contro l&#8217;impunit\u00e0 abbia permeato la questione nei suoi termini generali a livello internazionale. La Corte ha anche aiutato a rafforzare l&#8217;azione punitiva rispetto ai crimini contro donne, giovani e bambini. La condanna a 14 anni di detenzione comminata al congolese Thomas Lubanga, che arruolava bambini soldato, \u00e8 in questo senso un precedente significativo.<\/p>\n<p><strong>Armi spuntate<\/strong><br \/>\nTuttavia, la Corte \u00e8 spesso disarmata di fronte ai mandati di arresto che non vengono eseguiti a causa di certi Stati che si mettono di traverso, violando gli obblighi previsti dallo Statuto. Siamo in assenza di un meccanismo sanzionatorio. Lo scorso anno, ad esempio, numerosi Stati contraenti hanno impunemente ricevuto Omar Al Bashir, il presidente del Sudan contro il quale la Corte ha spiccato un mandato di cattura. Per questo, la recente e coraggiosa decisione del piccolo Malawi di non ospitare la sessione di luglio 2012 dell&#8217;Unione africana, che prevedeva la presenza di Al Bashir, \u00e8 stata una ventata di aria fresca.<\/p>\n<p>D&#8217;altra parte, il rifiuto di cooperare con la Corte da parte dell&#8217;Unione africana rappresenta un&#8217;ovvia contraddizione con l&#8217;impegno, scritto nel suo atto costitutivo, di lottare contro l&#8217;impunit\u00e0 e per l&#8217;affermazione della giustizia penale internazionale. Ai detrattori africani della Corte, che vedono in essa uno strumento parziale, va ricordato: gli Stati africani non ne sono il bersaglio privilegiato ma ne sono i principali utilizzatori. In effetti, non solo hanno svolto un ruolo prezioso nel suo processo di creazione, ma si sono anche rivelati tra i paesi pi\u00f9 attivi nel deferimento volontario alla Corte.<\/p>\n<p>Neppure l&#8217;Italia pu\u00f2 sottrarsi da un esame di coscienza. Dopo essere stato uno dei paesi che pi\u00f9 si \u00e8 speso a livello diplomatico per rendere possibile la Corte e tra i primi a ratificarne lo Statuto, ad oggi non ha ancora adeguato il suo ordinamento interno. L&#8217;esame del disegno di legge di adeguamento \u00e8 iniziato alla Camera dei deputati nel 2009 e, da quel momento, \u00e8 rimasto ostaggio di un&#8217;interminabile ping-pong tra i due rami del Parlamento.<\/p>\n<p>Come denunciato durante la tavola rotonda organizzata al Senato il 17 luglio dall&#8217;associazione radicale &#8220;Non c&#8217;\u00e8 Pace senza Giustizia&#8221;, questo clamoroso ritardo fa s\u00ec che le autorit\u00e0 italiane non possano cooperare con la Corte nelle sue attivit\u00e0 inquirenti e giudicanti e, di fatto, pone l&#8217;Italia in posizione di flagrante inadempienza, facendone un potenziale rifugio per gli autori dei pi\u00f9 efferati crimini contro l&#8217;umanit\u00e0. Se per ipotesi il gi\u00e0 citato Omar al-Bashir si trovasse sul nostro territorio, il giudice italiano non avrebbe alcuno strumento normativo per eseguire il mandato di arresto.<\/p>\n<p><strong>Nessuna pace senza giustizia<\/strong><br \/>\nCerto, la Corte non \u00e8 sempre la risposta pi\u00f9 adeguata ma la sua esistenza ha generato l&#8217;aspettativa per cui silenzio e inerzia a fronte di atrocit\u00e0 non sono pi\u00f9 un&#8217;opzione possibile. Per mantenere e rafforzare il suo ruolo, la Corte deve tuttavia mostrare di avere i denti per mordere: per farlo deve essere stabilmente finanziata e politicamente sostenuta; e deve migliorare il proprio metodo di lavoro, soprattutto sul terreno con i rappresentanti delle organizzazione per i diritti umani e con le comunit\u00e0 locali.<\/p>\n<p>Per quanto imperfetta possa essere, la Corte contribuisce al raggiungimento di un ideale per il quale migliaia di militanti ad ogni latitudine hanno lottato e continuano a lottare con tenacia. Ed \u00e8 anche frutto di una convinzione profonda: la pace &#8211; quella durevole fondata sulla supremazia del diritto &#8211; e la giustizia sono due facce della stessa medaglia. Ristabilire l&#8217;una non pu\u00f2 avvenire senza la piena affermazione dell&#8217;altra. E viceversa.<\/p>\n<p><em>*<strong>Niccol\u00f2 Fig\u00e0-Talamanca<\/strong>\u00a0\u00e8 Segretario generale di &#8220;Non c&#8217;\u00e8 Pace senza Giustizia&#8221;.<\/em><\/p>\n","protected":false},"excerpt":{"rendered":"<p>Leggi l&#8217;articolo pubblicato in\u00a0Affari Internazionali Il 13 luglio scorso, mentre ci si apprestava a celebrare il quattordicesimo anniversario dell&#8217;adozione dello Statuto della Corte penale internazionale, avvenuta a Roma il 17 [&hellip;]<\/p>\n","protected":false},"author":13,"featured_media":248432,"comment_status":"closed","ping_status":"closed","sticky":false,"template":"","format":"standard","meta":{"_et_pb_use_builder":"","_et_pb_old_content":"","_et_gb_content_width":"","footnotes":""},"categories":[123],"tags":[131,178,235,236],"cp_meta_data":{"_wpml_word_count":["{\"total\":1184,\"to_translate\":{\"en\":1184}}"],"_edit_lock":["1688065390:11"],"_edit_last":["4"],"_thumbnail_id":["248432"],"_encloseme":["1"],"eg_sources_html5_mp4":[""],"eg_sources_youtube":[""],"eg_sources_vimeo":[""],"eg_sources_wistia":[""],"eg_sources_image":[""],"eg_sources_iframe":[""],"eg_sources_soundcloud":[""],"eg_vimeo_ratio":["1"],"eg_youtube_ratio":["1"],"eg_wistia_ratio":["1"],"eg_html5_ratio":["1"],"eg_soundcloud_ratio":["1"],"eg_sources_essgrid":[""],"eg_featured_grid":[""],"eg_settings_custom_meta_skin":[""],"eg_settings_custom_meta_element":[""],"eg_settings_custom_meta_setting":[""],"eg_settings_custom_meta_style":[""],"eg_custom_meta_216":["true"],"eg_votes_count":["0"],"_et_post_bg_color":["#ffffff"],"_et_post_bg_layout":["light"],"_et_pb_show_title":["on"],"_et_pb_post_hide_nav":["default"],"_et_pb_page_layout":["et_right_sidebar"],"_et_pb_side_nav":["off"],"_et_pb_use_builder":[""],"_et_pb_first_image":[""],"_et_pb_truncate_post":[""],"_et_pb_truncate_post_date":[""],"_et_pb_old_content":[""],"_wp_old_date":["2023-06-29"],"_wpml_media_has_media":["1"],"_wpml_media_duplicate":["1"],"_wpml_media_featured":["1"],"_wpml_location_migration_done":["1"],"_et_builder_dynamic_assets_loading_attr_threshold":["2"],"_et_dynamic_cached_shortcodes":["a:13:{i:0;s:18:\"et_pb_column_inner\";i:1;s:18:\"et_pb_post_content\";i:2;s:13:\"et_pb_section\";i:3;s:9:\"et_pb_row\";i:4;s:12:\"et_pb_column\";i:5;s:15:\"et_pb_row_inner\";i:6;s:11:\"et_pb_blurb\";i:7;s:10:\"et_pb_code\";i:8;s:11:\"et_pb_image\";i:9;s:10:\"et_pb_menu\";i:10;s:16:\"et_pb_post_title\";i:11;s:13:\"et_pb_sidebar\";i:12;s:10:\"et_pb_text\";}"],"_et_dynamic_cached_attributes":["a:5:{s:9:\"specialty\";a:1:{i:0;s:2:\"on\";}s:17:\"use_custom_gutter\";a:1:{i:0;s:2:\"on\";}s:12:\"gutter_width\";a:1:{i:0;s:1:\"1\";}s:9:\"fullwidth\";a:1:{i:0;s:2:\"on\";}s:9:\"font_icon\";a:1:{i:0;s:19:\"&#xe010;||divi||400\";}}"],"et_enqueued_post_fonts":["a:3:{s:6:\"family\";a:1:{s:12:\"et-gf-roboto\";s:91:\"Roboto:100,100italic,300,300italic,regular,italic,500,500italic,700,700italic,900,900italic\";}s:6:\"subset\";a:2:{i:0;s:5:\"latin\";i:1;s:9:\"latin-ext\";}s:9:\"cache_key\";s:75:\"{\"gph\":-1,\"divi\":\"4.25.0\",\"wp\":\"6.5.2\",\"enable_all_character_sets\":\"false\"}\";}"],"_et_builder_module_features_cache":["a:2:{i:0;s:117:\"{\"gph\":-1,\"divi\":\"4.25.0\",\"wp\":\"6.5.2\",\"tb\":{\"255689\":\"2024-05-07 07:28:05\",\"255786\":\"2024-05-09 18:48:34\"},\"wpe\":[]}\";i:1;a:32:{s:46:\"et_pb_section_5afa4e695821d24f0e16cb528a154e44\";a:3:{s:4:\"mawi\";b:1;s:4:\"bosh\";b:1;s:4:\"anim\";b:1;}s:45:\"et_pb_column_c2f99ed31f38cee8be19b6c38f243437\";a:5:{s:4:\"cuma\";b:1;s:4:\"bosh\";b:1;s:3:\"pos\";b:1;s:5:\"mapac\";b:1;s:4:\"anim\";b:1;}s:48:\"et_pb_row_inner_de2fa3e840d2bede7feae3cb2cbe00a6\";a:3:{s:4:\"mawi\";b:1;s:4:\"bosh\";b:1;s:4:\"anim\";b:1;}s:51:\"et_pb_column_inner_3cdf90163e0e0f340994bb090ee342fc\";a:3:{s:4:\"bosh\";b:1;s:3:\"pos\";b:1;s:4:\"anim\";b:1;}s:49:\"et_pb_post_title_1b9af4722e6e4f401e6c9563d959ee66\";a:9:{s:4:\"glde\";a:11:{s:15:\"title_font_size\";s:4:\"26px\";s:20:\"title_letter_spacing\";s:3:\"0px\";s:17:\"title_line_height\";s:3:\"1em\";s:14:\"meta_font_size\";s:2:\"14\";s:19:\"meta_letter_spacing\";s:3:\"0px\";s:16:\"meta_line_height\";s:3:\"1em\";s:8:\"parallax\";s:3:\"off\";s:15:\"background_size\";s:5:\"cover\";s:19:\"background_position\";s:6:\"center\";s:17:\"background_repeat\";s:9:\"no-repeat\";s:16:\"background_blend\";s:6:\"normal\";}s:4:\"foop\";b:1;s:4:\"tesh\";b:1;s:4:\"cuma\";b:1;s:4:\"mawi\";b:1;s:4:\"bosh\";b:1;s:3:\"pos\";b:1;s:5:\"mapac\";b:1;s:4:\"anim\";b:1;}s:48:\"et_pb_row_inner_6a9d929b24109f8d1d33378557fe007c\";a:5:{s:4:\"cuma\";b:1;s:4:\"mawi\";b:1;s:4:\"bosh\";b:1;s:5:\"mapac\";b:1;s:4:\"anim\";b:1;}s:51:\"et_pb_post_content_cbaaaccb69f4acaf3b51e3f74d00e204\";a:9:{s:4:\"foop\";b:1;s:4:\"tesh\";b:1;s:3:\"bor\";b:1;s:4:\"cuma\";b:1;s:4:\"mawi\";b:1;s:4:\"bosh\";b:1;s:3:\"pos\";b:1;s:5:\"mapac\";b:1;s:4:\"anim\";b:1;}s:45:\"et_pb_column_fcdc69ff297ebe4b032eec6fe8213fc1\";a:5:{s:4:\"cuma\";b:1;s:4:\"bosh\";b:1;s:3:\"pos\";b:1;s:5:\"mapac\";b:1;s:4:\"anim\";b:1;}s:46:\"et_pb_sidebar_f0c5e7a3bf7753ffd1bda41d7ffb2e8d\";a:10:{s:4:\"glde\";a:6:{s:16:\"header_font_size\";s:2:\"18\";s:21:\"header_letter_spacing\";s:3:\"0px\";s:18:\"header_line_height\";s:3:\"1em\";s:14:\"body_font_size\";s:2:\"14\";s:19:\"body_letter_spacing\";s:3:\"0px\";s:16:\"body_line_height\";s:5:\"1.7em\";}s:4:\"foop\";b:1;s:4:\"tesh\";b:1;s:3:\"bor\";b:1;s:4:\"cuma\";b:1;s:4:\"mawi\";b:1;s:4:\"bosh\";b:1;s:3:\"pos\";b:1;s:5:\"mapac\";b:1;s:4:\"anim\";b:1;}s:46:\"et_pb_section_82ee6d19694244f4273784c3b485c394\";a:5:{s:4:\"cuma\";b:1;s:4:\"mawi\";b:1;s:4:\"bosh\";b:1;s:5:\"mapac\";b:1;s:4:\"anim\";b:1;}s:46:\"et_pb_section_406a8e8b44e6b40e00c07e27d40672ad\";a:6:{s:4:\"cuma\";b:1;s:4:\"mawi\";b:1;s:4:\"bosh\";b:1;s:3:\"pos\";b:1;s:5:\"mapac\";b:1;s:4:\"anim\";b:1;}s:42:\"et_pb_row_3ada6f3380c5b5c9398b259deb22dc56\";a:6:{s:4:\"cuma\";b:1;s:4:\"mawi\";b:1;s:4:\"bosh\";b:1;s:3:\"pos\";b:1;s:5:\"mapac\";b:1;s:4:\"anim\";b:1;}s:45:\"et_pb_column_edca411123513a4f6124a44a0d670b36\";a:5:{s:4:\"cuma\";b:1;s:4:\"bosh\";b:1;s:3:\"pos\";b:1;s:5:\"mapac\";b:1;s:4:\"anim\";b:1;}s:43:\"et_pb_text_56594042cc8b70224eaa9339857e0fb8\";a:9:{s:4:\"glde\";a:10:{s:14:\"text_font_size\";s:2:\"14\";s:19:\"text_letter_spacing\";s:3:\"0px\";s:16:\"text_line_height\";s:5:\"1.7em\";s:16:\"header_font_size\";s:4:\"30px\";s:21:\"header_letter_spacing\";s:3:\"0px\";s:18:\"header_line_height\";s:3:\"1em\";s:15:\"background_size\";s:5:\"cover\";s:19:\"background_position\";s:6:\"center\";s:17:\"background_repeat\";s:9:\"no-repeat\";s:16:\"background_blend\";s:6:\"normal\";}s:4:\"foop\";b:1;s:4:\"tesh\";b:1;s:4:\"cuma\";b:1;s:4:\"mawi\";b:1;s:4:\"bosh\";b:1;s:3:\"pos\";b:1;s:5:\"mapac\";b:1;s:4:\"anim\";b:1;}s:43:\"et_pb_text_88c2e9e8cd20311fb18cca642ff02758\";a:7:{s:4:\"glde\";a:10:{s:14:\"text_font_size\";s:2:\"14\";s:19:\"text_letter_spacing\";s:3:\"0px\";s:16:\"text_line_height\";s:5:\"1.7em\";s:16:\"header_font_size\";s:4:\"30px\";s:21:\"header_letter_spacing\";s:3:\"0px\";s:18:\"header_line_height\";s:3:\"1em\";s:15:\"background_size\";s:5:\"cover\";s:19:\"background_position\";s:6:\"center\";s:17:\"background_repeat\";s:9:\"no-repeat\";s:16:\"background_blend\";s:6:\"normal\";}s:4:\"foop\";b:1;s:4:\"tesh\";b:1;s:4:\"mawi\";b:1;s:4:\"bosh\";b:1;s:3:\"pos\";b:1;s:4:\"anim\";b:1;}s:45:\"et_pb_column_6be1189de9678b5ee5b9d0e513762aa2\";a:3:{s:4:\"bosh\";b:1;s:3:\"pos\";b:1;s:4:\"anim\";b:1;}s:44:\"et_pb_blurb_08e1f4d3ddb4eff1d9ebfdcc25f5d638\";a:10:{s:4:\"glde\";a:10:{s:16:\"header_font_size\";s:2:\"18\";s:21:\"header_letter_spacing\";s:3:\"0px\";s:18:\"header_line_height\";s:3:\"1em\";s:14:\"body_font_size\";s:2:\"14\";s:19:\"body_letter_spacing\";s:3:\"0px\";s:16:\"body_line_height\";s:5:\"1.7em\";s:15:\"background_size\";s:5:\"cover\";s:19:\"background_position\";s:6:\"center\";s:17:\"background_repeat\";s:9:\"no-repeat\";s:16:\"background_blend\";s:6:\"normal\";}s:4:\"foop\";b:1;s:4:\"tesh\";b:1;s:3:\"bor\";b:1;s:4:\"cuma\";b:1;s:4:\"mawi\";b:1;s:4:\"bosh\";b:1;s:3:\"pos\";b:1;s:5:\"mapac\";b:1;s:4:\"anim\";b:1;}s:44:\"et_pb_blurb_6620894d25e34f91757c9c8d546bf56d\";a:10:{s:4:\"glde\";a:10:{s:16:\"header_font_size\";s:2:\"18\";s:21:\"header_letter_spacing\";s:3:\"0px\";s:18:\"header_line_height\";s:3:\"1em\";s:14:\"body_font_size\";s:2:\"14\";s:19:\"body_letter_spacing\";s:3:\"0px\";s:16:\"body_line_height\";s:5:\"1.7em\";s:15:\"background_size\";s:5:\"cover\";s:19:\"background_position\";s:6:\"center\";s:17:\"background_repeat\";s:9:\"no-repeat\";s:16:\"background_blend\";s:6:\"normal\";}s:4:\"foop\";b:1;s:4:\"tesh\";b:1;s:3:\"bor\";b:1;s:4:\"cuma\";b:1;s:4:\"mawi\";b:1;s:4:\"bosh\";b:1;s:3:\"pos\";b:1;s:5:\"mapac\";b:1;s:4:\"anim\";b:1;}s:42:\"et_pb_row_1b7d45b14552d621c776706a09ce1361\";a:5:{s:4:\"cuma\";b:1;s:4:\"mawi\";b:1;s:4:\"bosh\";b:1;s:5:\"mapac\";b:1;s:4:\"anim\";b:1;}s:45:\"et_pb_column_6be4578023f3cde46a7fff6b3861c85c\";a:3:{s:4:\"bosh\";b:1;s:3:\"pos\";b:1;s:4:\"anim\";b:1;}s:44:\"et_pb_image_f4b71cd486196a93a74e6b072b773cd7\";a:4:{s:4:\"mawi\";b:1;s:4:\"bosh\";b:1;s:3:\"pos\";b:1;s:4:\"anim\";b:1;}s:43:\"et_pb_text_68a785c2177cf68bf2397748ef31114a\";a:9:{s:4:\"glde\";a:10:{s:14:\"text_font_size\";s:2:\"14\";s:19:\"text_letter_spacing\";s:3:\"0px\";s:16:\"text_line_height\";s:5:\"1.7em\";s:16:\"header_font_size\";s:4:\"30px\";s:21:\"header_letter_spacing\";s:3:\"0px\";s:18:\"header_line_height\";s:3:\"1em\";s:15:\"background_size\";s:5:\"cover\";s:19:\"background_position\";s:6:\"center\";s:17:\"background_repeat\";s:9:\"no-repeat\";s:16:\"background_blend\";s:6:\"normal\";}s:4:\"foop\";b:1;s:4:\"tesh\";b:1;s:4:\"cuma\";b:1;s:4:\"mawi\";b:1;s:4:\"bosh\";b:1;s:3:\"pos\";b:1;s:5:\"mapac\";b:1;s:4:\"anim\";b:1;}s:43:\"et_pb_text_3642f8068fd50cdad33116023389e383\";a:7:{s:4:\"glde\";a:10:{s:14:\"text_font_size\";s:2:\"14\";s:19:\"text_letter_spacing\";s:3:\"0px\";s:16:\"text_line_height\";s:5:\"1.7em\";s:16:\"header_font_size\";s:4:\"30px\";s:21:\"header_letter_spacing\";s:3:\"0px\";s:18:\"header_line_height\";s:3:\"1em\";s:15:\"background_size\";s:5:\"cover\";s:19:\"background_position\";s:6:\"center\";s:17:\"background_repeat\";s:9:\"no-repeat\";s:16:\"background_blend\";s:6:\"normal\";}s:4:\"foop\";b:1;s:4:\"tesh\";b:1;s:4:\"mawi\";b:1;s:4:\"bosh\";b:1;s:3:\"pos\";b:1;s:4:\"anim\";b:1;}s:45:\"et_pb_column_61470a52d1c01da65c8eda69e71a300d\";a:3:{s:4:\"bosh\";b:1;s:3:\"pos\";b:1;s:4:\"anim\";b:1;}s:43:\"et_pb_text_44809c70b99abfae5616162a84587174\";a:9:{s:4:\"glde\";a:10:{s:14:\"text_font_size\";s:2:\"14\";s:19:\"text_letter_spacing\";s:3:\"0px\";s:16:\"text_line_height\";s:5:\"1.7em\";s:16:\"header_font_size\";s:4:\"30px\";s:21:\"header_letter_spacing\";s:3:\"0px\";s:18:\"header_line_height\";s:3:\"1em\";s:15:\"background_size\";s:5:\"cover\";s:19:\"background_position\";s:6:\"center\";s:17:\"background_repeat\";s:9:\"no-repeat\";s:16:\"background_blend\";s:6:\"normal\";}s:4:\"foop\";b:1;s:4:\"tesh\";b:1;s:4:\"cuma\";b:1;s:4:\"mawi\";b:1;s:4:\"bosh\";b:1;s:3:\"pos\";b:1;s:5:\"mapac\";b:1;s:4:\"anim\";b:1;}s:43:\"et_pb_menu_297b684d24550aa8b2571341edaf9e90\";a:7:{s:4:\"glde\";a:4:{s:15:\"background_size\";s:5:\"cover\";s:19:\"background_position\";s:6:\"center\";s:17:\"background_repeat\";s:9:\"no-repeat\";s:16:\"background_blend\";s:6:\"normal\";}s:4:\"foop\";b:1;s:4:\"tesh\";b:1;s:4:\"mawi\";b:1;s:4:\"bosh\";b:1;s:3:\"pos\";b:1;s:4:\"anim\";b:1;}s:43:\"et_pb_code_de2fa3e840d2bede7feae3cb2cbe00a6\";a:4:{s:4:\"mawi\";b:1;s:4:\"bosh\";b:1;s:3:\"pos\";b:1;s:4:\"anim\";b:1;}s:45:\"et_pb_column_e2708011566793ec19ae40db4b27b312\";a:3:{s:4:\"bosh\";b:1;s:3:\"pos\";b:1;s:4:\"anim\";b:1;}s:43:\"et_pb_text_32d4add8287168f7a7da67ca55597756\";a:9:{s:4:\"glde\";a:10:{s:14:\"text_font_size\";s:2:\"14\";s:19:\"text_letter_spacing\";s:3:\"0px\";s:16:\"text_line_height\";s:5:\"1.7em\";s:16:\"header_font_size\";s:4:\"30px\";s:21:\"header_letter_spacing\";s:3:\"0px\";s:18:\"header_line_height\";s:3:\"1em\";s:15:\"background_size\";s:5:\"cover\";s:19:\"background_position\";s:6:\"center\";s:17:\"background_repeat\";s:9:\"no-repeat\";s:16:\"background_blend\";s:6:\"normal\";}s:4:\"foop\";b:1;s:4:\"tesh\";b:1;s:4:\"cuma\";b:1;s:4:\"mawi\";b:1;s:4:\"bosh\";b:1;s:3:\"pos\";b:1;s:5:\"mapac\";b:1;s:4:\"anim\";b:1;}s:43:\"et_pb_menu_94f3665884d8aa31151e380083e94578\";a:7:{s:4:\"glde\";a:4:{s:15:\"background_size\";s:5:\"cover\";s:19:\"background_position\";s:6:\"center\";s:17:\"background_repeat\";s:9:\"no-repeat\";s:16:\"background_blend\";s:6:\"normal\";}s:4:\"foop\";b:1;s:4:\"tesh\";b:1;s:4:\"mawi\";b:1;s:4:\"bosh\";b:1;s:3:\"pos\";b:1;s:4:\"anim\";b:1;}s:42:\"et_pb_row_0f8322e628e82528f04ddcc5d0d4e92d\";a:5:{s:4:\"cuma\";b:1;s:4:\"mawi\";b:1;s:4:\"bosh\";b:1;s:5:\"mapac\";b:1;s:4:\"anim\";b:1;}s:43:\"et_pb_menu_561f4b31a77b791752927479423dde05\";a:7:{s:4:\"glde\";a:4:{s:15:\"background_size\";s:5:\"cover\";s:19:\"background_position\";s:6:\"center\";s:17:\"background_repeat\";s:9:\"no-repeat\";s:16:\"background_blend\";s:6:\"normal\";}s:4:\"foop\";b:1;s:4:\"tesh\";b:1;s:4:\"mawi\";b:1;s:4:\"bosh\";b:1;s:3:\"pos\";b:1;s:4:\"anim\";b:1;}}}"]},"yoast_head":"<!-- This site is optimized with the Yoast SEO plugin v22.6 - https:\/\/yoast.com\/wordpress\/plugins\/seo\/ -->\n<title>Le frecce nell\u2019arco della Corte penale internazionale - NPWJ<\/title>\n<meta name=\"robots\" content=\"index, follow, max-snippet:-1, max-image-preview:large, max-video-preview:-1\" \/>\n<link rel=\"canonical\" href=\"https:\/\/www.npwj.org\/publications\/le-frecce-nellarco-della-corte-penale-internazionale\/\" \/>\n<meta property=\"og:locale\" content=\"it_IT\" \/>\n<meta property=\"og:type\" content=\"article\" \/>\n<meta property=\"og:title\" content=\"Le frecce nell\u2019arco della Corte penale internazionale - NPWJ\" \/>\n<meta property=\"og:description\" content=\"Leggi l&#8217;articolo pubblicato in\u00a0Affari Internazionali Il 13 luglio scorso, mentre ci si apprestava a celebrare il quattordicesimo anniversario dell&#8217;adozione dello Statuto della Corte penale internazionale, avvenuta a Roma il 17 [&hellip;]\" \/>\n<meta property=\"og:url\" content=\"https:\/\/www.npwj.org\/publications\/le-frecce-nellarco-della-corte-penale-internazionale\/\" \/>\n<meta property=\"og:site_name\" content=\"NPWJ\" \/>\n<meta property=\"article:publisher\" content=\"https:\/\/www.facebook.com\/npwj.org\/\" \/>\n<meta property=\"article:published_time\" content=\"2012-07-21T18:55:26+00:00\" \/>\n<meta property=\"article:modified_time\" content=\"2024-04-11T20:19:34+00:00\" \/>\n<meta property=\"og:image\" content=\"https:\/\/www.npwj.org\/wp-content\/uploads\/2023\/06\/Copy-of-Img-articoli-sito-1-2.png\" \/>\n\t<meta property=\"og:image:width\" content=\"1200\" \/>\n\t<meta property=\"og:image:height\" content=\"630\" \/>\n\t<meta property=\"og:image:type\" content=\"image\/png\" \/>\n<meta name=\"author\" content=\"Camilla Taddei\" \/>\n<meta name=\"twitter:card\" content=\"summary_large_image\" \/>\n<meta name=\"twitter:creator\" content=\"@npwjpress\" \/>\n<meta name=\"twitter:site\" content=\"@npwjpress\" \/>\n<script type=\"application\/ld+json\" class=\"yoast-schema-graph\">{\"@context\":\"https:\/\/schema.org\",\"@graph\":[{\"@type\":\"Article\",\"@id\":\"https:\/\/www.npwj.org\/publications\/le-frecce-nellarco-della-corte-penale-internazionale\/#article\",\"isPartOf\":{\"@id\":\"https:\/\/www.npwj.org\/publications\/le-frecce-nellarco-della-corte-penale-internazionale\/\"},\"author\":{\"name\":\"Camilla Taddei\",\"@id\":\"https:\/\/www.npwj.org\/#\/schema\/person\/34a0caf021283c18f10ee9de813d1cb4\"},\"headline\":\"Le frecce nell\u2019arco della Corte penale internazionale\",\"datePublished\":\"2012-07-21T18:55:26+00:00\",\"dateModified\":\"2024-04-11T20:19:34+00:00\",\"mainEntityOfPage\":{\"@id\":\"https:\/\/www.npwj.org\/publications\/le-frecce-nellarco-della-corte-penale-internazionale\/\"},\"wordCount\":1117,\"publisher\":{\"@id\":\"https:\/\/www.npwj.org\/#organization\"},\"image\":{\"@id\":\"https:\/\/www.npwj.org\/publications\/le-frecce-nellarco-della-corte-penale-internazionale\/#primaryimage\"},\"thumbnailUrl\":\"https:\/\/www.npwj.org\/wp-content\/uploads\/2023\/06\/Copy-of-Img-articoli-sito-1-2.png\",\"keywords\":[\"Africa\",\"CPI\",\"Mali\",\"MGF\"],\"articleSection\":[\"Pubblicazioni\"],\"inLanguage\":\"it-IT\"},{\"@type\":\"WebPage\",\"@id\":\"https:\/\/www.npwj.org\/publications\/le-frecce-nellarco-della-corte-penale-internazionale\/\",\"url\":\"https:\/\/www.npwj.org\/publications\/le-frecce-nellarco-della-corte-penale-internazionale\/\",\"name\":\"Le frecce nell\u2019arco della Corte penale internazionale - NPWJ\",\"isPartOf\":{\"@id\":\"https:\/\/www.npwj.org\/#website\"},\"primaryImageOfPage\":{\"@id\":\"https:\/\/www.npwj.org\/publications\/le-frecce-nellarco-della-corte-penale-internazionale\/#primaryimage\"},\"image\":{\"@id\":\"https:\/\/www.npwj.org\/publications\/le-frecce-nellarco-della-corte-penale-internazionale\/#primaryimage\"},\"thumbnailUrl\":\"https:\/\/www.npwj.org\/wp-content\/uploads\/2023\/06\/Copy-of-Img-articoli-sito-1-2.png\",\"datePublished\":\"2012-07-21T18:55:26+00:00\",\"dateModified\":\"2024-04-11T20:19:34+00:00\",\"breadcrumb\":{\"@id\":\"https:\/\/www.npwj.org\/publications\/le-frecce-nellarco-della-corte-penale-internazionale\/#breadcrumb\"},\"inLanguage\":\"it-IT\",\"potentialAction\":[{\"@type\":\"ReadAction\",\"target\":[\"https:\/\/www.npwj.org\/publications\/le-frecce-nellarco-della-corte-penale-internazionale\/\"]}]},{\"@type\":\"ImageObject\",\"inLanguage\":\"it-IT\",\"@id\":\"https:\/\/www.npwj.org\/publications\/le-frecce-nellarco-della-corte-penale-internazionale\/#primaryimage\",\"url\":\"https:\/\/www.npwj.org\/wp-content\/uploads\/2023\/06\/Copy-of-Img-articoli-sito-1-2.png\",\"contentUrl\":\"https:\/\/www.npwj.org\/wp-content\/uploads\/2023\/06\/Copy-of-Img-articoli-sito-1-2.png\",\"width\":1200,\"height\":630},{\"@type\":\"BreadcrumbList\",\"@id\":\"https:\/\/www.npwj.org\/publications\/le-frecce-nellarco-della-corte-penale-internazionale\/#breadcrumb\",\"itemListElement\":[{\"@type\":\"ListItem\",\"position\":1,\"name\":\"Home\",\"item\":\"https:\/\/www.npwj.org\/\"},{\"@type\":\"ListItem\",\"position\":2,\"name\":\"Le frecce nell\u2019arco della Corte penale internazionale\"}]},{\"@type\":\"WebSite\",\"@id\":\"https:\/\/www.npwj.org\/#website\",\"url\":\"https:\/\/www.npwj.org\/\",\"name\":\"NPWJ\",\"description\":\"No Peace Without Justice\",\"publisher\":{\"@id\":\"https:\/\/www.npwj.org\/#organization\"},\"alternateName\":\"NPWJ\",\"potentialAction\":[{\"@type\":\"SearchAction\",\"target\":{\"@type\":\"EntryPoint\",\"urlTemplate\":\"https:\/\/www.npwj.org\/?s={search_term_string}\"},\"query-input\":\"required name=search_term_string\"}],\"inLanguage\":\"it-IT\"},{\"@type\":\"Organization\",\"@id\":\"https:\/\/www.npwj.org\/#organization\",\"name\":\"No Peace Without Justice\",\"alternateName\":\"NPWJ\",\"url\":\"https:\/\/www.npwj.org\/\",\"logo\":{\"@type\":\"ImageObject\",\"inLanguage\":\"it-IT\",\"@id\":\"https:\/\/www.npwj.org\/#\/schema\/logo\/image\/\",\"url\":\"https:\/\/www.npwj.org\/wp-content\/uploads\/2024\/05\/logo-npwj-npsg.png\",\"contentUrl\":\"https:\/\/www.npwj.org\/wp-content\/uploads\/2024\/05\/logo-npwj-npsg.png\",\"width\":1080,\"height\":1080,\"caption\":\"No Peace Without Justice\"},\"image\":{\"@id\":\"https:\/\/www.npwj.org\/#\/schema\/logo\/image\/\"},\"sameAs\":[\"https:\/\/www.facebook.com\/npwj.org\/\",\"https:\/\/x.com\/npwjpress\",\"https:\/\/www.instagram.com\/npwj_\/\"]},{\"@type\":\"Person\",\"@id\":\"https:\/\/www.npwj.org\/#\/schema\/person\/34a0caf021283c18f10ee9de813d1cb4\",\"name\":\"Camilla Taddei\",\"image\":{\"@type\":\"ImageObject\",\"inLanguage\":\"it-IT\",\"@id\":\"https:\/\/www.npwj.org\/#\/schema\/person\/image\/\",\"url\":\"https:\/\/secure.gravatar.com\/avatar\/20a32c2a373bb247d074e0ebf44709a4?s=96&d=mm&r=g\",\"contentUrl\":\"https:\/\/secure.gravatar.com\/avatar\/20a32c2a373bb247d074e0ebf44709a4?s=96&d=mm&r=g\",\"caption\":\"Camilla Taddei\"}}]}<\/script>\n<!-- \/ Yoast SEO plugin. -->","yoast_head_json":{"title":"Le frecce nell\u2019arco della Corte penale internazionale - NPWJ","robots":{"index":"index","follow":"follow","max-snippet":"max-snippet:-1","max-image-preview":"max-image-preview:large","max-video-preview":"max-video-preview:-1"},"canonical":"https:\/\/www.npwj.org\/publications\/le-frecce-nellarco-della-corte-penale-internazionale\/","og_locale":"it_IT","og_type":"article","og_title":"Le frecce nell\u2019arco della Corte penale internazionale - NPWJ","og_description":"Leggi l&#8217;articolo pubblicato in\u00a0Affari Internazionali Il 13 luglio scorso, mentre ci si apprestava a celebrare il quattordicesimo anniversario dell&#8217;adozione dello Statuto della Corte penale internazionale, avvenuta a Roma il 17 [&hellip;]","og_url":"https:\/\/www.npwj.org\/publications\/le-frecce-nellarco-della-corte-penale-internazionale\/","og_site_name":"NPWJ","article_publisher":"https:\/\/www.facebook.com\/npwj.org\/","article_published_time":"2012-07-21T18:55:26+00:00","article_modified_time":"2024-04-11T20:19:34+00:00","og_image":[{"width":1200,"height":630,"url":"https:\/\/www.npwj.org\/wp-content\/uploads\/2023\/06\/Copy-of-Img-articoli-sito-1-2.png","type":"image\/png"}],"author":"Camilla Taddei","twitter_card":"summary_large_image","twitter_creator":"@npwjpress","twitter_site":"@npwjpress","schema":{"@context":"https:\/\/schema.org","@graph":[{"@type":"Article","@id":"https:\/\/www.npwj.org\/publications\/le-frecce-nellarco-della-corte-penale-internazionale\/#article","isPartOf":{"@id":"https:\/\/www.npwj.org\/publications\/le-frecce-nellarco-della-corte-penale-internazionale\/"},"author":{"name":"Camilla Taddei","@id":"https:\/\/www.npwj.org\/#\/schema\/person\/34a0caf021283c18f10ee9de813d1cb4"},"headline":"Le frecce nell\u2019arco della Corte penale internazionale","datePublished":"2012-07-21T18:55:26+00:00","dateModified":"2024-04-11T20:19:34+00:00","mainEntityOfPage":{"@id":"https:\/\/www.npwj.org\/publications\/le-frecce-nellarco-della-corte-penale-internazionale\/"},"wordCount":1117,"publisher":{"@id":"https:\/\/www.npwj.org\/#organization"},"image":{"@id":"https:\/\/www.npwj.org\/publications\/le-frecce-nellarco-della-corte-penale-internazionale\/#primaryimage"},"thumbnailUrl":"https:\/\/www.npwj.org\/wp-content\/uploads\/2023\/06\/Copy-of-Img-articoli-sito-1-2.png","keywords":["Africa","CPI","Mali","MGF"],"articleSection":["Pubblicazioni"],"inLanguage":"it-IT"},{"@type":"WebPage","@id":"https:\/\/www.npwj.org\/publications\/le-frecce-nellarco-della-corte-penale-internazionale\/","url":"https:\/\/www.npwj.org\/publications\/le-frecce-nellarco-della-corte-penale-internazionale\/","name":"Le frecce nell\u2019arco della Corte penale internazionale - NPWJ","isPartOf":{"@id":"https:\/\/www.npwj.org\/#website"},"primaryImageOfPage":{"@id":"https:\/\/www.npwj.org\/publications\/le-frecce-nellarco-della-corte-penale-internazionale\/#primaryimage"},"image":{"@id":"https:\/\/www.npwj.org\/publications\/le-frecce-nellarco-della-corte-penale-internazionale\/#primaryimage"},"thumbnailUrl":"https:\/\/www.npwj.org\/wp-content\/uploads\/2023\/06\/Copy-of-Img-articoli-sito-1-2.png","datePublished":"2012-07-21T18:55:26+00:00","dateModified":"2024-04-11T20:19:34+00:00","breadcrumb":{"@id":"https:\/\/www.npwj.org\/publications\/le-frecce-nellarco-della-corte-penale-internazionale\/#breadcrumb"},"inLanguage":"it-IT","potentialAction":[{"@type":"ReadAction","target":["https:\/\/www.npwj.org\/publications\/le-frecce-nellarco-della-corte-penale-internazionale\/"]}]},{"@type":"ImageObject","inLanguage":"it-IT","@id":"https:\/\/www.npwj.org\/publications\/le-frecce-nellarco-della-corte-penale-internazionale\/#primaryimage","url":"https:\/\/www.npwj.org\/wp-content\/uploads\/2023\/06\/Copy-of-Img-articoli-sito-1-2.png","contentUrl":"https:\/\/www.npwj.org\/wp-content\/uploads\/2023\/06\/Copy-of-Img-articoli-sito-1-2.png","width":1200,"height":630},{"@type":"BreadcrumbList","@id":"https:\/\/www.npwj.org\/publications\/le-frecce-nellarco-della-corte-penale-internazionale\/#breadcrumb","itemListElement":[{"@type":"ListItem","position":1,"name":"Home","item":"https:\/\/www.npwj.org\/"},{"@type":"ListItem","position":2,"name":"Le frecce nell\u2019arco della Corte penale internazionale"}]},{"@type":"WebSite","@id":"https:\/\/www.npwj.org\/#website","url":"https:\/\/www.npwj.org\/","name":"NPWJ","description":"No Peace Without Justice","publisher":{"@id":"https:\/\/www.npwj.org\/#organization"},"alternateName":"NPWJ","potentialAction":[{"@type":"SearchAction","target":{"@type":"EntryPoint","urlTemplate":"https:\/\/www.npwj.org\/?s={search_term_string}"},"query-input":"required name=search_term_string"}],"inLanguage":"it-IT"},{"@type":"Organization","@id":"https:\/\/www.npwj.org\/#organization","name":"No Peace Without Justice","alternateName":"NPWJ","url":"https:\/\/www.npwj.org\/","logo":{"@type":"ImageObject","inLanguage":"it-IT","@id":"https:\/\/www.npwj.org\/#\/schema\/logo\/image\/","url":"https:\/\/www.npwj.org\/wp-content\/uploads\/2024\/05\/logo-npwj-npsg.png","contentUrl":"https:\/\/www.npwj.org\/wp-content\/uploads\/2024\/05\/logo-npwj-npsg.png","width":1080,"height":1080,"caption":"No Peace Without Justice"},"image":{"@id":"https:\/\/www.npwj.org\/#\/schema\/logo\/image\/"},"sameAs":["https:\/\/www.facebook.com\/npwj.org\/","https:\/\/x.com\/npwjpress","https:\/\/www.instagram.com\/npwj_\/"]},{"@type":"Person","@id":"https:\/\/www.npwj.org\/#\/schema\/person\/34a0caf021283c18f10ee9de813d1cb4","name":"Camilla Taddei","image":{"@type":"ImageObject","inLanguage":"it-IT","@id":"https:\/\/www.npwj.org\/#\/schema\/person\/image\/","url":"https:\/\/secure.gravatar.com\/avatar\/20a32c2a373bb247d074e0ebf44709a4?s=96&d=mm&r=g","contentUrl":"https:\/\/secure.gravatar.com\/avatar\/20a32c2a373bb247d074e0ebf44709a4?s=96&d=mm&r=g","caption":"Camilla Taddei"}}]}},"_links":{"self":[{"href":"https:\/\/www.npwj.org\/it\/wp-json\/wp\/v2\/posts\/248431"}],"collection":[{"href":"https:\/\/www.npwj.org\/it\/wp-json\/wp\/v2\/posts"}],"about":[{"href":"https:\/\/www.npwj.org\/it\/wp-json\/wp\/v2\/types\/post"}],"author":[{"embeddable":true,"href":"https:\/\/www.npwj.org\/it\/wp-json\/wp\/v2\/users\/13"}],"replies":[{"embeddable":true,"href":"https:\/\/www.npwj.org\/it\/wp-json\/wp\/v2\/comments?post=248431"}],"version-history":[{"count":1,"href":"https:\/\/www.npwj.org\/it\/wp-json\/wp\/v2\/posts\/248431\/revisions"}],"predecessor-version":[{"id":248434,"href":"https:\/\/www.npwj.org\/it\/wp-json\/wp\/v2\/posts\/248431\/revisions\/248434"}],"wp:featuredmedia":[{"embeddable":true,"href":"https:\/\/www.npwj.org\/it\/wp-json\/wp\/v2\/media\/248432"}],"wp:attachment":[{"href":"https:\/\/www.npwj.org\/it\/wp-json\/wp\/v2\/media?parent=248431"}],"wp:term":[{"taxonomy":"category","embeddable":true,"href":"https:\/\/www.npwj.org\/it\/wp-json\/wp\/v2\/categories?post=248431"},{"taxonomy":"post_tag","embeddable":true,"href":"https:\/\/www.npwj.org\/it\/wp-json\/wp\/v2\/tags?post=248431"}],"curies":[{"name":"wp","href":"https:\/\/api.w.org\/{rel}","templated":true}]}}