{"id":249419,"date":"2011-05-26T13:00:47","date_gmt":"2011-05-26T11:00:47","guid":{"rendered":"https:\/\/www.npwj.org\/?p=249419"},"modified":"2023-07-11T13:03:48","modified_gmt":"2023-07-11T11:03:48","slug":"arresto-mladic-bonino-trionfo-della-giustizia-sulla-violenza","status":"publish","type":"post","link":"https:\/\/www.npwj.org\/it\/dichiarazione\/arresto-mladic-bonino-trionfo-della-giustizia-sulla-violenza\/","title":{"rendered":"Arresto Mladi\u0107\/Bonino: trionfo della giustizia sulla violenza"},"content":{"rendered":"<p><strong>Dichiarazione di Emma Bonino, fondatrice di Non c&#8217;\u00e8 Pace Senza Giustizia e Vicepresidente del Senato:<\/strong><\/p>\n<p>&#8220;Non c&#8217;\u00e8 Pace Senza Giustizia e il Partito Radicale Nonviolento considerano l&#8217;arresto del generale Ratko Mladi\u0107 avvenuto oggi, il segno tangibile del prevalere della giustizia sulla violenza e sull&#8217;impunit\u00e0, oltre che un passo avanti cruciale nel processo di normalizzazione della ex-Jugoslavia.<\/p>\n<p>&#8220;Durante tutti questi anni di latitanza di Mladi\u0107, abbiamo sempre sostenuto la necessit\u00e0 che il Tribunale Penale Internazionale per l&#8217;ex-Jugoslavia rimanesse in funzione finch\u00e9 il generale non fosse stato tradotto all&#8217;Aja per rispondere delle accuse a suo carico. Agire altrimenti sarebbe stato un affronto non solo alla memoria delle migliaia di vittime della strage di Srebrenica del luglio 1995, ma di tutte quelle che nel mondo hanno perso la vita per atti di violenza ispirati dall&#8217;odio etnico. La determinazione di quanti hanno lavorato per veder arrivare questo giorno, che hanno fatto s\u00ec che la Serbia cooperasse con le strutture del Tribunale e con gli altri Stati della ex Repubblica Federale, \u00e8 stata finalmente ripagata.<\/p>\n<p>&#8220;Questo per\u00f2 \u00e8 solo l&#8217;inizio. Adesso occorre mettere il Tribunale Penale nelle condizioni anche finanziarie di celebrare il processo, di far fronte agli eventuali ricorsi e di fare tutto il necessario affinch\u00e9 le vittime, in Bosnia come in Serbia o altrove, possano seguire gli sviluppi in sede giudiziaria e avere la percezione che la giustizia sta facendo il suo corso.<\/p>\n<p>&#8220;L&#8217;arresto di Mladi\u0107 \u00e8 il segno della nuova Serbia europea che si affaccia al mondo, un successo che spezza la catena d&#8217;impunit\u00e0 che la teneva ancorata ad un passato di violenze sanguinose, permettendole di procedere verso il suo meritato futuro di Paese democratico.\u00a0Siamo convinti che il processo del generale Mladi\u0107 dimostrer\u00e0 che la violenza non pu\u00f2 pi\u00f9 prevalere oltre sulla giustizia&#8221;.<\/p>\n","protected":false},"excerpt":{"rendered":"<p>Dichiarazione di Emma Bonino, fondatrice di Non c&#8217;\u00e8 Pace Senza Giustizia e Vicepresidente del Senato: &#8220;Non c&#8217;\u00e8 Pace Senza Giustizia e il Partito Radicale Nonviolento considerano l&#8217;arresto del generale Ratko [&hellip;]<\/p>\n","protected":false},"author":13,"featured_media":247856,"comment_status":"closed","ping_status":"closed","sticky":false,"template":"","format":"standard","meta":{"_et_pb_use_builder":"","_et_pb_old_content":"","_et_gb_content_width":"","footnotes":""},"categories":[129],"tags":[903,479,500],"cp_meta_data":{"_wpml_word_count":["{\"total\":0,\"to_translate\":{\"en\":2,\"it\":2}}"],"_edit_lock":["1689073315:14"],"_edit_last":["14"],"_wpml_media_duplicate":["1"],"_wpml_media_featured":["1"],"_et_pb_page_layout":["et_right_sidebar"],"_et_pb_side_nav":["off"],"_et_pb_post_hide_nav":["default"],"_et_pb_show_title":["on"],"_et_pb_use_builder":[""],"_et_post_bg_color":["#ffffff"],"_et_post_bg_layout":["light"],"_thumbnail_id":["247856"],"_last_translation_edit_mode":["native-editor"],"_encloseme":["1"],"eg_sources_html5_mp4":[""],"eg_sources_youtube":[""],"eg_sources_vimeo":[""],"eg_sources_wistia":[""],"eg_sources_image":[""],"eg_sources_iframe":[""],"eg_sources_soundcloud":[""],"eg_vimeo_ratio":["1"],"eg_youtube_ratio":["1"],"eg_wistia_ratio":["1"],"eg_html5_ratio":["1"],"eg_soundcloud_ratio":["1"],"eg_sources_essgrid":[""],"eg_featured_grid":[""],"eg_settings_custom_meta_skin":[""],"eg_settings_custom_meta_element":[""],"eg_settings_custom_meta_setting":[""],"eg_settings_custom_meta_style":[""],"eg_custom_meta_216":["true"],"eg_votes_count":["0"],"_et_pb_first_image":[""],"_et_pb_truncate_post":[""],"_et_pb_truncate_post_date":[""],"_et_pb_old_content":[""],"_et_dynamic_cached_shortcodes":["a:8:{i:0;s:13:\"et_pb_section\";i:1;s:9:\"et_pb_row\";i:2;s:12:\"et_pb_column\";i:8;s:11:\"et_pb_blurb\";i:12;s:10:\"et_pb_code\";i:31;s:11:\"et_pb_image\";i:34;s:10:\"et_pb_menu\";i:50;s:10:\"et_pb_text\";}"],"_et_dynamic_cached_attributes":["a:3:{s:9:\"fullwidth\";a:1:{i:0;s:2:\"on\";}s:17:\"use_custom_gutter\";a:1:{i:0;s:2:\"on\";}s:9:\"font_icon\";a:1:{i:0;s:19:\"&#xe010;||divi||400\";}}"],"et_enqueued_post_fonts":["a:3:{s:6:\"family\";a:1:{s:12:\"et-gf-roboto\";s:91:\"Roboto:100,100italic,300,300italic,regular,italic,500,500italic,700,700italic,900,900italic\";}s:6:\"subset\";a:2:{i:0;s:5:\"latin\";i:1;s:9:\"latin-ext\";}s:9:\"cache_key\";s:75:\"{\"gph\":-1,\"divi\":\"4.25.0\",\"wp\":\"6.5.2\",\"enable_all_character_sets\":\"false\"}\";}"],"_et_builder_module_features_cache":["a:2:{i:0;s:86:\"{\"gph\":-1,\"divi\":\"4.25.0\",\"wp\":\"6.5.2\",\"tb\":{\"255786\":\"2024-05-09 18:48:34\"},\"wpe\":[]}\";i:1;a:23:{s:46:\"et_pb_section_82ee6d19694244f4273784c3b485c394\";a:5:{s:4:\"cuma\";b:1;s:4:\"mawi\";b:1;s:4:\"bosh\";b:1;s:5:\"mapac\";b:1;s:4:\"anim\";b:1;}s:46:\"et_pb_section_406a8e8b44e6b40e00c07e27d40672ad\";a:6:{s:4:\"cuma\";b:1;s:4:\"mawi\";b:1;s:4:\"bosh\";b:1;s:3:\"pos\";b:1;s:5:\"mapac\";b:1;s:4:\"anim\";b:1;}s:42:\"et_pb_row_3ada6f3380c5b5c9398b259deb22dc56\";a:6:{s:4:\"cuma\";b:1;s:4:\"mawi\";b:1;s:4:\"bosh\";b:1;s:3:\"pos\";b:1;s:5:\"mapac\";b:1;s:4:\"anim\";b:1;}s:45:\"et_pb_column_edca411123513a4f6124a44a0d670b36\";a:5:{s:4:\"cuma\";b:1;s:4:\"bosh\";b:1;s:3:\"pos\";b:1;s:5:\"mapac\";b:1;s:4:\"anim\";b:1;}s:43:\"et_pb_text_56594042cc8b70224eaa9339857e0fb8\";a:9:{s:4:\"glde\";a:10:{s:14:\"text_font_size\";s:2:\"14\";s:19:\"text_letter_spacing\";s:3:\"0px\";s:16:\"text_line_height\";s:5:\"1.7em\";s:16:\"header_font_size\";s:4:\"30px\";s:21:\"header_letter_spacing\";s:3:\"0px\";s:18:\"header_line_height\";s:3:\"1em\";s:15:\"background_size\";s:5:\"cover\";s:19:\"background_position\";s:6:\"center\";s:17:\"background_repeat\";s:9:\"no-repeat\";s:16:\"background_blend\";s:6:\"normal\";}s:4:\"foop\";b:1;s:4:\"tesh\";b:1;s:4:\"cuma\";b:1;s:4:\"mawi\";b:1;s:4:\"bosh\";b:1;s:3:\"pos\";b:1;s:5:\"mapac\";b:1;s:4:\"anim\";b:1;}s:43:\"et_pb_text_88c2e9e8cd20311fb18cca642ff02758\";a:7:{s:4:\"glde\";a:10:{s:14:\"text_font_size\";s:2:\"14\";s:19:\"text_letter_spacing\";s:3:\"0px\";s:16:\"text_line_height\";s:5:\"1.7em\";s:16:\"header_font_size\";s:4:\"30px\";s:21:\"header_letter_spacing\";s:3:\"0px\";s:18:\"header_line_height\";s:3:\"1em\";s:15:\"background_size\";s:5:\"cover\";s:19:\"background_position\";s:6:\"center\";s:17:\"background_repeat\";s:9:\"no-repeat\";s:16:\"background_blend\";s:6:\"normal\";}s:4:\"foop\";b:1;s:4:\"tesh\";b:1;s:4:\"mawi\";b:1;s:4:\"bosh\";b:1;s:3:\"pos\";b:1;s:4:\"anim\";b:1;}s:45:\"et_pb_column_6be1189de9678b5ee5b9d0e513762aa2\";a:3:{s:4:\"bosh\";b:1;s:3:\"pos\";b:1;s:4:\"anim\";b:1;}s:44:\"et_pb_blurb_08e1f4d3ddb4eff1d9ebfdcc25f5d638\";a:10:{s:4:\"glde\";a:10:{s:16:\"header_font_size\";s:2:\"18\";s:21:\"header_letter_spacing\";s:3:\"0px\";s:18:\"header_line_height\";s:3:\"1em\";s:14:\"body_font_size\";s:2:\"14\";s:19:\"body_letter_spacing\";s:3:\"0px\";s:16:\"body_line_height\";s:5:\"1.7em\";s:15:\"background_size\";s:5:\"cover\";s:19:\"background_position\";s:6:\"center\";s:17:\"background_repeat\";s:9:\"no-repeat\";s:16:\"background_blend\";s:6:\"normal\";}s:4:\"foop\";b:1;s:4:\"tesh\";b:1;s:3:\"bor\";b:1;s:4:\"cuma\";b:1;s:4:\"mawi\";b:1;s:4:\"bosh\";b:1;s:3:\"pos\";b:1;s:5:\"mapac\";b:1;s:4:\"anim\";b:1;}s:44:\"et_pb_blurb_6620894d25e34f91757c9c8d546bf56d\";a:10:{s:4:\"glde\";a:10:{s:16:\"header_font_size\";s:2:\"18\";s:21:\"header_letter_spacing\";s:3:\"0px\";s:18:\"header_line_height\";s:3:\"1em\";s:14:\"body_font_size\";s:2:\"14\";s:19:\"body_letter_spacing\";s:3:\"0px\";s:16:\"body_line_height\";s:5:\"1.7em\";s:15:\"background_size\";s:5:\"cover\";s:19:\"background_position\";s:6:\"center\";s:17:\"background_repeat\";s:9:\"no-repeat\";s:16:\"background_blend\";s:6:\"normal\";}s:4:\"foop\";b:1;s:4:\"tesh\";b:1;s:3:\"bor\";b:1;s:4:\"cuma\";b:1;s:4:\"mawi\";b:1;s:4:\"bosh\";b:1;s:3:\"pos\";b:1;s:5:\"mapac\";b:1;s:4:\"anim\";b:1;}s:42:\"et_pb_row_1b7d45b14552d621c776706a09ce1361\";a:5:{s:4:\"cuma\";b:1;s:4:\"mawi\";b:1;s:4:\"bosh\";b:1;s:5:\"mapac\";b:1;s:4:\"anim\";b:1;}s:45:\"et_pb_column_6be4578023f3cde46a7fff6b3861c85c\";a:3:{s:4:\"bosh\";b:1;s:3:\"pos\";b:1;s:4:\"anim\";b:1;}s:44:\"et_pb_image_f4b71cd486196a93a74e6b072b773cd7\";a:4:{s:4:\"mawi\";b:1;s:4:\"bosh\";b:1;s:3:\"pos\";b:1;s:4:\"anim\";b:1;}s:43:\"et_pb_text_68a785c2177cf68bf2397748ef31114a\";a:9:{s:4:\"glde\";a:10:{s:14:\"text_font_size\";s:2:\"14\";s:19:\"text_letter_spacing\";s:3:\"0px\";s:16:\"text_line_height\";s:5:\"1.7em\";s:16:\"header_font_size\";s:4:\"30px\";s:21:\"header_letter_spacing\";s:3:\"0px\";s:18:\"header_line_height\";s:3:\"1em\";s:15:\"background_size\";s:5:\"cover\";s:19:\"background_position\";s:6:\"center\";s:17:\"background_repeat\";s:9:\"no-repeat\";s:16:\"background_blend\";s:6:\"normal\";}s:4:\"foop\";b:1;s:4:\"tesh\";b:1;s:4:\"cuma\";b:1;s:4:\"mawi\";b:1;s:4:\"bosh\";b:1;s:3:\"pos\";b:1;s:5:\"mapac\";b:1;s:4:\"anim\";b:1;}s:43:\"et_pb_text_3642f8068fd50cdad33116023389e383\";a:7:{s:4:\"glde\";a:10:{s:14:\"text_font_size\";s:2:\"14\";s:19:\"text_letter_spacing\";s:3:\"0px\";s:16:\"text_line_height\";s:5:\"1.7em\";s:16:\"header_font_size\";s:4:\"30px\";s:21:\"header_letter_spacing\";s:3:\"0px\";s:18:\"header_line_height\";s:3:\"1em\";s:15:\"background_size\";s:5:\"cover\";s:19:\"background_position\";s:6:\"center\";s:17:\"background_repeat\";s:9:\"no-repeat\";s:16:\"background_blend\";s:6:\"normal\";}s:4:\"foop\";b:1;s:4:\"tesh\";b:1;s:4:\"mawi\";b:1;s:4:\"bosh\";b:1;s:3:\"pos\";b:1;s:4:\"anim\";b:1;}s:45:\"et_pb_column_61470a52d1c01da65c8eda69e71a300d\";a:3:{s:4:\"bosh\";b:1;s:3:\"pos\";b:1;s:4:\"anim\";b:1;}s:43:\"et_pb_text_44809c70b99abfae5616162a84587174\";a:9:{s:4:\"glde\";a:10:{s:14:\"text_font_size\";s:2:\"14\";s:19:\"text_letter_spacing\";s:3:\"0px\";s:16:\"text_line_height\";s:5:\"1.7em\";s:16:\"header_font_size\";s:4:\"30px\";s:21:\"header_letter_spacing\";s:3:\"0px\";s:18:\"header_line_height\";s:3:\"1em\";s:15:\"background_size\";s:5:\"cover\";s:19:\"background_position\";s:6:\"center\";s:17:\"background_repeat\";s:9:\"no-repeat\";s:16:\"background_blend\";s:6:\"normal\";}s:4:\"foop\";b:1;s:4:\"tesh\";b:1;s:4:\"cuma\";b:1;s:4:\"mawi\";b:1;s:4:\"bosh\";b:1;s:3:\"pos\";b:1;s:5:\"mapac\";b:1;s:4:\"anim\";b:1;}s:43:\"et_pb_menu_297b684d24550aa8b2571341edaf9e90\";a:7:{s:4:\"glde\";a:4:{s:15:\"background_size\";s:5:\"cover\";s:19:\"background_position\";s:6:\"center\";s:17:\"background_repeat\";s:9:\"no-repeat\";s:16:\"background_blend\";s:6:\"normal\";}s:4:\"foop\";b:1;s:4:\"tesh\";b:1;s:4:\"mawi\";b:1;s:4:\"bosh\";b:1;s:3:\"pos\";b:1;s:4:\"anim\";b:1;}s:43:\"et_pb_code_de2fa3e840d2bede7feae3cb2cbe00a6\";a:4:{s:4:\"mawi\";b:1;s:4:\"bosh\";b:1;s:3:\"pos\";b:1;s:4:\"anim\";b:1;}s:45:\"et_pb_column_e2708011566793ec19ae40db4b27b312\";a:3:{s:4:\"bosh\";b:1;s:3:\"pos\";b:1;s:4:\"anim\";b:1;}s:43:\"et_pb_text_32d4add8287168f7a7da67ca55597756\";a:9:{s:4:\"glde\";a:10:{s:14:\"text_font_size\";s:2:\"14\";s:19:\"text_letter_spacing\";s:3:\"0px\";s:16:\"text_line_height\";s:5:\"1.7em\";s:16:\"header_font_size\";s:4:\"30px\";s:21:\"header_letter_spacing\";s:3:\"0px\";s:18:\"header_line_height\";s:3:\"1em\";s:15:\"background_size\";s:5:\"cover\";s:19:\"background_position\";s:6:\"center\";s:17:\"background_repeat\";s:9:\"no-repeat\";s:16:\"background_blend\";s:6:\"normal\";}s:4:\"foop\";b:1;s:4:\"tesh\";b:1;s:4:\"cuma\";b:1;s:4:\"mawi\";b:1;s:4:\"bosh\";b:1;s:3:\"pos\";b:1;s:5:\"mapac\";b:1;s:4:\"anim\";b:1;}s:43:\"et_pb_menu_94f3665884d8aa31151e380083e94578\";a:7:{s:4:\"glde\";a:4:{s:15:\"background_size\";s:5:\"cover\";s:19:\"background_position\";s:6:\"center\";s:17:\"background_repeat\";s:9:\"no-repeat\";s:16:\"background_blend\";s:6:\"normal\";}s:4:\"foop\";b:1;s:4:\"tesh\";b:1;s:4:\"mawi\";b:1;s:4:\"bosh\";b:1;s:3:\"pos\";b:1;s:4:\"anim\";b:1;}s:42:\"et_pb_row_0f8322e628e82528f04ddcc5d0d4e92d\";a:5:{s:4:\"cuma\";b:1;s:4:\"mawi\";b:1;s:4:\"bosh\";b:1;s:5:\"mapac\";b:1;s:4:\"anim\";b:1;}s:43:\"et_pb_menu_561f4b31a77b791752927479423dde05\";a:7:{s:4:\"glde\";a:4:{s:15:\"background_size\";s:5:\"cover\";s:19:\"background_position\";s:6:\"center\";s:17:\"background_repeat\";s:9:\"no-repeat\";s:16:\"background_blend\";s:6:\"normal\";}s:4:\"foop\";b:1;s:4:\"tesh\";b:1;s:4:\"mawi\";b:1;s:4:\"bosh\";b:1;s:3:\"pos\";b:1;s:4:\"anim\";b:1;}}}"]},"yoast_head":"<!-- This site is optimized with the Yoast SEO plugin v22.6 - https:\/\/yoast.com\/wordpress\/plugins\/seo\/ -->\n<title>Arresto Mladi\u0107\/Bonino: trionfo della giustizia sulla violenza - NPWJ<\/title>\n<meta name=\"robots\" content=\"index, follow, max-snippet:-1, max-image-preview:large, max-video-preview:-1\" \/>\n<link rel=\"canonical\" href=\"https:\/\/www.npwj.org\/statement\/general-mladic-arrested-triumph-of-justice-over-violence\/\" \/>\n<meta property=\"og:locale\" content=\"it_IT\" \/>\n<meta property=\"og:type\" content=\"article\" \/>\n<meta property=\"og:title\" content=\"Arresto Mladi\u0107\/Bonino: trionfo della giustizia sulla violenza - NPWJ\" \/>\n<meta property=\"og:description\" content=\"Dichiarazione di Emma Bonino, fondatrice di Non c&#8217;\u00e8 Pace Senza Giustizia e Vicepresidente del Senato: &#8220;Non c&#8217;\u00e8 Pace Senza Giustizia e il Partito Radicale Nonviolento considerano l&#8217;arresto del generale Ratko [&hellip;]\" \/>\n<meta property=\"og:url\" content=\"https:\/\/www.npwj.org\/statement\/general-mladic-arrested-triumph-of-justice-over-violence\/\" \/>\n<meta property=\"og:site_name\" content=\"NPWJ\" \/>\n<meta property=\"article:publisher\" content=\"https:\/\/www.facebook.com\/npwj.org\/\" \/>\n<meta property=\"article:published_time\" content=\"2011-05-26T11:00:47+00:00\" \/>\n<meta property=\"article:modified_time\" content=\"2023-07-11T11:03:48+00:00\" \/>\n<meta property=\"og:image\" content=\"https:\/\/www.npwj.org\/wp-content\/uploads\/2009\/03\/header_4-1.jpg\" \/>\n\t<meta property=\"og:image:width\" content=\"754\" \/>\n\t<meta property=\"og:image:height\" content=\"81\" \/>\n\t<meta property=\"og:image:type\" content=\"image\/jpeg\" \/>\n<meta name=\"author\" content=\"Camilla Taddei\" \/>\n<meta name=\"twitter:card\" content=\"summary_large_image\" \/>\n<meta name=\"twitter:creator\" content=\"@npwjpress\" \/>\n<meta name=\"twitter:site\" content=\"@npwjpress\" \/>\n<script type=\"application\/ld+json\" class=\"yoast-schema-graph\">{\"@context\":\"https:\/\/schema.org\",\"@graph\":[{\"@type\":\"Article\",\"@id\":\"https:\/\/www.npwj.org\/statement\/general-mladic-arrested-triumph-of-justice-over-violence\/#article\",\"isPartOf\":{\"@id\":\"https:\/\/www.npwj.org\/statement\/general-mladic-arrested-triumph-of-justice-over-violence\/\"},\"author\":{\"name\":\"Camilla Taddei\",\"@id\":\"https:\/\/www.npwj.org\/#\/schema\/person\/34a0caf021283c18f10ee9de813d1cb4\"},\"headline\":\"Arresto Mladi\u0107\/Bonino: trionfo della giustizia sulla violenza\",\"datePublished\":\"2011-05-26T11:00:47+00:00\",\"dateModified\":\"2023-07-11T11:03:48+00:00\",\"mainEntityOfPage\":{\"@id\":\"https:\/\/www.npwj.org\/statement\/general-mladic-arrested-triumph-of-justice-over-violence\/\"},\"wordCount\":296,\"publisher\":{\"@id\":\"https:\/\/www.npwj.org\/#organization\"},\"image\":{\"@id\":\"https:\/\/www.npwj.org\/statement\/general-mladic-arrested-triumph-of-justice-over-violence\/#primaryimage\"},\"thumbnailUrl\":\"https:\/\/www.npwj.org\/wp-content\/uploads\/2009\/03\/header_4-1.jpg\",\"keywords\":[\"Arresto\",\"Bonino\",\"Mladic\"],\"articleSection\":[\"Dichiarazione\"],\"inLanguage\":\"it-IT\"},{\"@type\":\"WebPage\",\"@id\":\"https:\/\/www.npwj.org\/statement\/general-mladic-arrested-triumph-of-justice-over-violence\/\",\"url\":\"https:\/\/www.npwj.org\/statement\/general-mladic-arrested-triumph-of-justice-over-violence\/\",\"name\":\"Arresto Mladi\u0107\/Bonino: trionfo della giustizia sulla violenza - NPWJ\",\"isPartOf\":{\"@id\":\"https:\/\/www.npwj.org\/#website\"},\"primaryImageOfPage\":{\"@id\":\"https:\/\/www.npwj.org\/statement\/general-mladic-arrested-triumph-of-justice-over-violence\/#primaryimage\"},\"image\":{\"@id\":\"https:\/\/www.npwj.org\/statement\/general-mladic-arrested-triumph-of-justice-over-violence\/#primaryimage\"},\"thumbnailUrl\":\"https:\/\/www.npwj.org\/wp-content\/uploads\/2009\/03\/header_4-1.jpg\",\"datePublished\":\"2011-05-26T11:00:47+00:00\",\"dateModified\":\"2023-07-11T11:03:48+00:00\",\"breadcrumb\":{\"@id\":\"https:\/\/www.npwj.org\/statement\/general-mladic-arrested-triumph-of-justice-over-violence\/#breadcrumb\"},\"inLanguage\":\"it-IT\",\"potentialAction\":[{\"@type\":\"ReadAction\",\"target\":[\"https:\/\/www.npwj.org\/statement\/general-mladic-arrested-triumph-of-justice-over-violence\/\"]}]},{\"@type\":\"ImageObject\",\"inLanguage\":\"it-IT\",\"@id\":\"https:\/\/www.npwj.org\/statement\/general-mladic-arrested-triumph-of-justice-over-violence\/#primaryimage\",\"url\":\"https:\/\/www.npwj.org\/wp-content\/uploads\/2009\/03\/header_4-1.jpg\",\"contentUrl\":\"https:\/\/www.npwj.org\/wp-content\/uploads\/2009\/03\/header_4-1.jpg\",\"width\":754,\"height\":81},{\"@type\":\"BreadcrumbList\",\"@id\":\"https:\/\/www.npwj.org\/statement\/general-mladic-arrested-triumph-of-justice-over-violence\/#breadcrumb\",\"itemListElement\":[{\"@type\":\"ListItem\",\"position\":1,\"name\":\"Home\",\"item\":\"https:\/\/www.npwj.org\/\"},{\"@type\":\"ListItem\",\"position\":2,\"name\":\"Arresto Mladi\u0107\/Bonino: trionfo della giustizia sulla violenza\"}]},{\"@type\":\"WebSite\",\"@id\":\"https:\/\/www.npwj.org\/#website\",\"url\":\"https:\/\/www.npwj.org\/\",\"name\":\"NPWJ\",\"description\":\"No Peace Without Justice\",\"publisher\":{\"@id\":\"https:\/\/www.npwj.org\/#organization\"},\"alternateName\":\"NPWJ\",\"potentialAction\":[{\"@type\":\"SearchAction\",\"target\":{\"@type\":\"EntryPoint\",\"urlTemplate\":\"https:\/\/www.npwj.org\/?s={search_term_string}\"},\"query-input\":\"required name=search_term_string\"}],\"inLanguage\":\"it-IT\"},{\"@type\":\"Organization\",\"@id\":\"https:\/\/www.npwj.org\/#organization\",\"name\":\"No Peace Without Justice\",\"alternateName\":\"NPWJ\",\"url\":\"https:\/\/www.npwj.org\/\",\"logo\":{\"@type\":\"ImageObject\",\"inLanguage\":\"it-IT\",\"@id\":\"https:\/\/www.npwj.org\/#\/schema\/logo\/image\/\",\"url\":\"https:\/\/www.npwj.org\/wp-content\/uploads\/2024\/05\/logo-npwj-npsg.png\",\"contentUrl\":\"https:\/\/www.npwj.org\/wp-content\/uploads\/2024\/05\/logo-npwj-npsg.png\",\"width\":1080,\"height\":1080,\"caption\":\"No Peace Without Justice\"},\"image\":{\"@id\":\"https:\/\/www.npwj.org\/#\/schema\/logo\/image\/\"},\"sameAs\":[\"https:\/\/www.facebook.com\/npwj.org\/\",\"https:\/\/x.com\/npwjpress\",\"https:\/\/www.instagram.com\/npwj_\/\"]},{\"@type\":\"Person\",\"@id\":\"https:\/\/www.npwj.org\/#\/schema\/person\/34a0caf021283c18f10ee9de813d1cb4\",\"name\":\"Camilla Taddei\",\"image\":{\"@type\":\"ImageObject\",\"inLanguage\":\"it-IT\",\"@id\":\"https:\/\/www.npwj.org\/#\/schema\/person\/image\/\",\"url\":\"https:\/\/secure.gravatar.com\/avatar\/20a32c2a373bb247d074e0ebf44709a4?s=96&d=mm&r=g\",\"contentUrl\":\"https:\/\/secure.gravatar.com\/avatar\/20a32c2a373bb247d074e0ebf44709a4?s=96&d=mm&r=g\",\"caption\":\"Camilla Taddei\"}}]}<\/script>\n<!-- \/ Yoast SEO plugin. -->","yoast_head_json":{"title":"Arresto Mladi\u0107\/Bonino: trionfo della giustizia sulla violenza - NPWJ","robots":{"index":"index","follow":"follow","max-snippet":"max-snippet:-1","max-image-preview":"max-image-preview:large","max-video-preview":"max-video-preview:-1"},"canonical":"https:\/\/www.npwj.org\/statement\/general-mladic-arrested-triumph-of-justice-over-violence\/","og_locale":"it_IT","og_type":"article","og_title":"Arresto Mladi\u0107\/Bonino: trionfo della giustizia sulla violenza - NPWJ","og_description":"Dichiarazione di Emma Bonino, fondatrice di Non c&#8217;\u00e8 Pace Senza Giustizia e Vicepresidente del Senato: &#8220;Non c&#8217;\u00e8 Pace Senza Giustizia e il Partito Radicale Nonviolento considerano l&#8217;arresto del generale Ratko [&hellip;]","og_url":"https:\/\/www.npwj.org\/statement\/general-mladic-arrested-triumph-of-justice-over-violence\/","og_site_name":"NPWJ","article_publisher":"https:\/\/www.facebook.com\/npwj.org\/","article_published_time":"2011-05-26T11:00:47+00:00","article_modified_time":"2023-07-11T11:03:48+00:00","og_image":[{"width":754,"height":81,"url":"https:\/\/www.npwj.org\/wp-content\/uploads\/2009\/03\/header_4-1.jpg","type":"image\/jpeg"}],"author":"Camilla Taddei","twitter_card":"summary_large_image","twitter_creator":"@npwjpress","twitter_site":"@npwjpress","schema":{"@context":"https:\/\/schema.org","@graph":[{"@type":"Article","@id":"https:\/\/www.npwj.org\/statement\/general-mladic-arrested-triumph-of-justice-over-violence\/#article","isPartOf":{"@id":"https:\/\/www.npwj.org\/statement\/general-mladic-arrested-triumph-of-justice-over-violence\/"},"author":{"name":"Camilla Taddei","@id":"https:\/\/www.npwj.org\/#\/schema\/person\/34a0caf021283c18f10ee9de813d1cb4"},"headline":"Arresto Mladi\u0107\/Bonino: trionfo della giustizia sulla violenza","datePublished":"2011-05-26T11:00:47+00:00","dateModified":"2023-07-11T11:03:48+00:00","mainEntityOfPage":{"@id":"https:\/\/www.npwj.org\/statement\/general-mladic-arrested-triumph-of-justice-over-violence\/"},"wordCount":296,"publisher":{"@id":"https:\/\/www.npwj.org\/#organization"},"image":{"@id":"https:\/\/www.npwj.org\/statement\/general-mladic-arrested-triumph-of-justice-over-violence\/#primaryimage"},"thumbnailUrl":"https:\/\/www.npwj.org\/wp-content\/uploads\/2009\/03\/header_4-1.jpg","keywords":["Arresto","Bonino","Mladic"],"articleSection":["Dichiarazione"],"inLanguage":"it-IT"},{"@type":"WebPage","@id":"https:\/\/www.npwj.org\/statement\/general-mladic-arrested-triumph-of-justice-over-violence\/","url":"https:\/\/www.npwj.org\/statement\/general-mladic-arrested-triumph-of-justice-over-violence\/","name":"Arresto Mladi\u0107\/Bonino: trionfo della giustizia sulla violenza - NPWJ","isPartOf":{"@id":"https:\/\/www.npwj.org\/#website"},"primaryImageOfPage":{"@id":"https:\/\/www.npwj.org\/statement\/general-mladic-arrested-triumph-of-justice-over-violence\/#primaryimage"},"image":{"@id":"https:\/\/www.npwj.org\/statement\/general-mladic-arrested-triumph-of-justice-over-violence\/#primaryimage"},"thumbnailUrl":"https:\/\/www.npwj.org\/wp-content\/uploads\/2009\/03\/header_4-1.jpg","datePublished":"2011-05-26T11:00:47+00:00","dateModified":"2023-07-11T11:03:48+00:00","breadcrumb":{"@id":"https:\/\/www.npwj.org\/statement\/general-mladic-arrested-triumph-of-justice-over-violence\/#breadcrumb"},"inLanguage":"it-IT","potentialAction":[{"@type":"ReadAction","target":["https:\/\/www.npwj.org\/statement\/general-mladic-arrested-triumph-of-justice-over-violence\/"]}]},{"@type":"ImageObject","inLanguage":"it-IT","@id":"https:\/\/www.npwj.org\/statement\/general-mladic-arrested-triumph-of-justice-over-violence\/#primaryimage","url":"https:\/\/www.npwj.org\/wp-content\/uploads\/2009\/03\/header_4-1.jpg","contentUrl":"https:\/\/www.npwj.org\/wp-content\/uploads\/2009\/03\/header_4-1.jpg","width":754,"height":81},{"@type":"BreadcrumbList","@id":"https:\/\/www.npwj.org\/statement\/general-mladic-arrested-triumph-of-justice-over-violence\/#breadcrumb","itemListElement":[{"@type":"ListItem","position":1,"name":"Home","item":"https:\/\/www.npwj.org\/"},{"@type":"ListItem","position":2,"name":"Arresto Mladi\u0107\/Bonino: trionfo della giustizia sulla violenza"}]},{"@type":"WebSite","@id":"https:\/\/www.npwj.org\/#website","url":"https:\/\/www.npwj.org\/","name":"NPWJ","description":"No Peace Without Justice","publisher":{"@id":"https:\/\/www.npwj.org\/#organization"},"alternateName":"NPWJ","potentialAction":[{"@type":"SearchAction","target":{"@type":"EntryPoint","urlTemplate":"https:\/\/www.npwj.org\/?s={search_term_string}"},"query-input":"required name=search_term_string"}],"inLanguage":"it-IT"},{"@type":"Organization","@id":"https:\/\/www.npwj.org\/#organization","name":"No Peace Without Justice","alternateName":"NPWJ","url":"https:\/\/www.npwj.org\/","logo":{"@type":"ImageObject","inLanguage":"it-IT","@id":"https:\/\/www.npwj.org\/#\/schema\/logo\/image\/","url":"https:\/\/www.npwj.org\/wp-content\/uploads\/2024\/05\/logo-npwj-npsg.png","contentUrl":"https:\/\/www.npwj.org\/wp-content\/uploads\/2024\/05\/logo-npwj-npsg.png","width":1080,"height":1080,"caption":"No Peace Without Justice"},"image":{"@id":"https:\/\/www.npwj.org\/#\/schema\/logo\/image\/"},"sameAs":["https:\/\/www.facebook.com\/npwj.org\/","https:\/\/x.com\/npwjpress","https:\/\/www.instagram.com\/npwj_\/"]},{"@type":"Person","@id":"https:\/\/www.npwj.org\/#\/schema\/person\/34a0caf021283c18f10ee9de813d1cb4","name":"Camilla Taddei","image":{"@type":"ImageObject","inLanguage":"it-IT","@id":"https:\/\/www.npwj.org\/#\/schema\/person\/image\/","url":"https:\/\/secure.gravatar.com\/avatar\/20a32c2a373bb247d074e0ebf44709a4?s=96&d=mm&r=g","contentUrl":"https:\/\/secure.gravatar.com\/avatar\/20a32c2a373bb247d074e0ebf44709a4?s=96&d=mm&r=g","caption":"Camilla Taddei"}}]}},"_links":{"self":[{"href":"https:\/\/www.npwj.org\/it\/wp-json\/wp\/v2\/posts\/249419"}],"collection":[{"href":"https:\/\/www.npwj.org\/it\/wp-json\/wp\/v2\/posts"}],"about":[{"href":"https:\/\/www.npwj.org\/it\/wp-json\/wp\/v2\/types\/post"}],"author":[{"embeddable":true,"href":"https:\/\/www.npwj.org\/it\/wp-json\/wp\/v2\/users\/13"}],"replies":[{"embeddable":true,"href":"https:\/\/www.npwj.org\/it\/wp-json\/wp\/v2\/comments?post=249419"}],"version-history":[{"count":1,"href":"https:\/\/www.npwj.org\/it\/wp-json\/wp\/v2\/posts\/249419\/revisions"}],"predecessor-version":[{"id":249420,"href":"https:\/\/www.npwj.org\/it\/wp-json\/wp\/v2\/posts\/249419\/revisions\/249420"}],"wp:featuredmedia":[{"embeddable":true,"href":"https:\/\/www.npwj.org\/it\/wp-json\/wp\/v2\/media\/247856"}],"wp:attachment":[{"href":"https:\/\/www.npwj.org\/it\/wp-json\/wp\/v2\/media?parent=249419"}],"wp:term":[{"taxonomy":"category","embeddable":true,"href":"https:\/\/www.npwj.org\/it\/wp-json\/wp\/v2\/categories?post=249419"},{"taxonomy":"post_tag","embeddable":true,"href":"https:\/\/www.npwj.org\/it\/wp-json\/wp\/v2\/tags?post=249419"}],"curies":[{"name":"wp","href":"https:\/\/api.w.org\/{rel}","templated":true}]}}