{"id":251085,"date":"2013-07-10T18:14:12","date_gmt":"2013-07-10T16:14:12","guid":{"rendered":"https:\/\/www.npwj.org\/?p=251085"},"modified":"2023-11-06T18:20:19","modified_gmt":"2023-11-06T17:20:19","slug":"18mo-anniversario-del-genocidio-di-srebrenica-npsg-chiede-che-giustizia-e-riparazione-per-le-vittime-siano-raggiunte","status":"publish","type":"post","link":"https:\/\/www.npwj.org\/it\/comunicati-stampa\/18mo-anniversario-del-genocidio-di-srebrenica-npsg-chiede-che-giustizia-e-riparazione-per-le-vittime-siano-raggiunte\/","title":{"rendered":"18mo anniversario del genocidio di Srebrenica: NPSG chiede che giustizia e riparazione per le vittime siano raggiunte"},"content":{"rendered":"<h1><span style=\"color: #666666; font-size: 14px;\">Bruxelles \u2013 Roma \u2013 New York, 10 luglio 2013<\/span><\/h1>\n<div id=\"node-7169\" class=\"node node node-mine clearfix node-type-news\">\n<div class=\"node-inner\">\n<div class=\"content\">\n<p>Diciotto anni fa, le forze serbo bosniache sotto il comando del Generale Ratko Mladi\u0107 e con il supporto di Radovan Karadnic giustiziarono pi\u00f9 di 8.000 uomini e ragazzi bosniaci e forzarono circa 25.000 donne, bambini e anziani a lasciare le loro case ed il proprio villaggio. Il massacro fu definito genocidio dal Tribunale Penale Internazionale per l\u2019ex Jugoslavia nel 2004, una decisione confermata nel 2007 dalla Corte Internazionale di Giustizia. La popolazione di Srebrenica vive ancora nell\u2019ombra di quell\u2019orribile giornata: l\u2019identificazione delle vittime \u00e8 ancora in corso e molte famiglie aspettano tuttora certezze circa il destino dei propri congiunti.<\/p>\n<p><strong>Dichiarazione di Niccol\u00f2 Fig\u00e0-Talamanca, Segretario Generale di Non c\u2019\u00e8 Pace Senza Giustizia:<\/strong><\/p>\n<p>\u201cCommemoriamo quanti sono stati uccisi nel massacro di Srebrenica ed i loro congiunti sopravvissuti, molti dei quali sono vittime della pulizia etnica perpetuata dalle forze serbe. Non c\u2019\u00e8 Pace Senza Giustizia (NPSG) ed il Partito Radicale Nonviolento, Transnazionale e Transpartto esprimono solidariet\u00e0 alle vittime e continuano a chiedere giustizia per questo terribile evento, che rimane tra i numerosi orrori inflitti alla popolazione civile durante il conflitto nella ex Jugoslavia.<\/p>\n<p>\u201cMentre la Serbia ha riconosciuto i crimini e finalmente consentito che Radovan Karad\u017ei\u0107 e Ratko Mladi\u0107 fossero processati a L\u2019Aja, il TPI per la ex Jugoslavia sembra avere perso del tutto la bussola. Alla fine dello scorso anno, l\u2019ex Capo di Stato Maggiore dell\u2019esercito Jugoslavo Momclilo Perisic \u00e8 stato assolto dalla Camera di Appello attraverso qualche nuova ed improbabile teoria sulla responsabilit\u00e0 che cozza con la giurisprudenza ben consolidata. Tutto ci\u00f2 nonostante l\u2019enorme quantit\u00e0 di prove di assassini, atti disumani, evacuazioni forzate e persecuzioni a Srebrenica perpetrate delle forze militari della Repubblica Serba di Bosnia ed Erzogovina, favorite, supportate e rifornite dallo stesso Perisic. Alla fine del maggio scorso la Camera di Primo Grado ha seguito l&#8217;esempio, assolvendo Jovica Stanisic e Franko Simatovic, nonostante prove schiaccianti dimostrassero che essi avessero stabilito, sostenuto e controllato alcune delle pi\u00f9 famigerate unit\u00e0 criminali che commisero diffuse, massicce e sistematiche atrocit\u00e0 contro i civili in Croazia e Bosnia-Erzegovina. Come ha scritto il Giudice Picard nella sua opizione dissenziente sulla sentenza Stanisic e Simatovic, questo ci porta in un \u201cposto molto oscuro\u201d.<\/p>\n<p>\u201cE\u2019 arrivato il momento che buonsenso e ragioni legali prevalgano a L\u2019Aja. Se la Camera di Appello perseverasse in questa follia e decidesse di rimandare a Belgrado come eroi Jovica Stanisic e Franko Simatovic o, dio non voglia, Radovan Karad\u017ei\u0107 e Ratko Mladi\u0107, il TPI per la ex Jugoslavia avrebbe successo l\u00ec dove gli squadroni della morte di Srebrenica ed i cecchini di Sarajevo hanno fallito: riscrivere e dare una base giudiziaria a quella versione revisionista della storia in cui i crimini non sono mai avvenuti e le vittime semplicemente non contano.<\/p>\n<p>\u201cOggi \u00e8 il giorno per onorare la memoria di quanti sono stati uccisi e lo sforzo continuo delle famiglie per ricostruirsi una vita da sopravvissuti. Diciotto anni dopo, la loro lotta per ottenere giustizia e riparazione non \u00e8 certamente finita, e NPSG ed il PRNTT rimangono al loro fianco ribadendo ancora una volta che i responsabili dei crimini commessi a Srebrenica siano consegnati alla giustizia.\u201d<\/p>\n<p>&nbsp;<\/p>\n<p><strong>Per maggiori informazioni\u00a0<\/strong>\u00e8 possibile contattare\u00a0Alison Smith tramite\u00a0<a href=\"mailto:asmith@npwj.org\">asmith@npwj.org<\/a>\u00a0o al +32-2-548 39 12 oppure Nicola Giovannini tramite\u00a0<a href=\"mailto:ngiovannini@npwj.org\">ngiovannini@npwj.org<\/a>\u00a0o al +32-2-548-3915.<\/p>\n<\/div>\n<\/div>\n<\/div>\n","protected":false},"excerpt":{"rendered":"<p>Bruxelles \u2013 Roma \u2013 New York, 10 luglio 2013 Diciotto anni fa, le forze serbo bosniache sotto il comando del Generale Ratko Mladi\u0107 e con il supporto di Radovan Karadnic [&hellip;]<\/p>\n","protected":false},"author":9,"featured_media":246844,"comment_status":"closed","ping_status":"closed","sticky":false,"template":"","format":"standard","meta":{"_et_pb_use_builder":"","_et_pb_old_content":"","_et_gb_content_width":"","footnotes":""},"categories":[126],"tags":[465,658,274,418],"cp_meta_data":{"_wpml_word_count":["{\"total\":0,\"to_translate\":{\"en\":2,\"it\":2}}"],"_edit_lock":["1699291087:20"],"_edit_last":["20"],"_wpml_media_duplicate":["1"],"_wpml_media_featured":["1"],"_et_pb_page_layout":["et_right_sidebar"],"_et_pb_side_nav":["off"],"_et_pb_post_hide_nav":["default"],"_et_pb_show_title":["on"],"_et_pb_use_builder":[""],"_et_post_bg_color":["#ffffff"],"_et_post_bg_layout":["light"],"_thumbnail_id":["246844"],"_last_translation_edit_mode":["native-editor"],"_encloseme":["1"],"eg_sources_html5_mp4":[""],"eg_sources_youtube":[""],"eg_sources_vimeo":[""],"eg_sources_wistia":[""],"eg_sources_image":[""],"eg_sources_iframe":[""],"eg_sources_soundcloud":[""],"eg_vimeo_ratio":["1"],"eg_youtube_ratio":["1"],"eg_wistia_ratio":["1"],"eg_html5_ratio":["1"],"eg_soundcloud_ratio":["1"],"eg_sources_essgrid":[""],"eg_featured_grid":[""],"eg_settings_custom_meta_skin":[""],"eg_settings_custom_meta_element":[""],"eg_settings_custom_meta_setting":[""],"eg_settings_custom_meta_style":[""],"eg_custom_meta_216":["true"],"eg_votes_count":["0"],"_et_pb_first_image":[""],"_et_pb_truncate_post":[""],"_et_pb_truncate_post_date":[""],"_et_pb_old_content":[""],"_wpml_media_has_media":["1"],"_et_builder_dynamic_assets_loading_attr_threshold":["2"],"_et_dynamic_cached_shortcodes":["a:13:{i:0;s:18:\"et_pb_column_inner\";i:1;s:18:\"et_pb_post_content\";i:2;s:13:\"et_pb_section\";i:3;s:9:\"et_pb_row\";i:4;s:12:\"et_pb_column\";i:5;s:15:\"et_pb_row_inner\";i:6;s:11:\"et_pb_blurb\";i:7;s:10:\"et_pb_code\";i:8;s:11:\"et_pb_image\";i:9;s:10:\"et_pb_menu\";i:10;s:16:\"et_pb_post_title\";i:11;s:13:\"et_pb_sidebar\";i:12;s:10:\"et_pb_text\";}"],"_et_dynamic_cached_attributes":["a:5:{s:9:\"specialty\";a:1:{i:0;s:2:\"on\";}s:17:\"use_custom_gutter\";a:1:{i:0;s:2:\"on\";}s:12:\"gutter_width\";a:1:{i:0;s:1:\"1\";}s:9:\"fullwidth\";a:1:{i:0;s:2:\"on\";}s:9:\"font_icon\";a:1:{i:0;s:19:\"&#xe010;||divi||400\";}}"],"et_enqueued_post_fonts":["a:3:{s:6:\"family\";a:1:{s:12:\"et-gf-roboto\";s:91:\"Roboto:100,100italic,300,300italic,regular,italic,500,500italic,700,700italic,900,900italic\";}s:6:\"subset\";a:2:{i:0;s:5:\"latin\";i:1;s:9:\"latin-ext\";}s:9:\"cache_key\";s:75:\"{\"gph\":-1,\"divi\":\"4.25.0\",\"wp\":\"6.5.2\",\"enable_all_character_sets\":\"false\"}\";}"],"_et_builder_module_features_cache":["a:2:{i:0;s:117:\"{\"gph\":-1,\"divi\":\"4.25.0\",\"wp\":\"6.5.2\",\"tb\":{\"255689\":\"2024-05-07 07:28:05\",\"255786\":\"2024-05-09 18:48:34\"},\"wpe\":[]}\";i:1;a:32:{s:46:\"et_pb_section_5afa4e695821d24f0e16cb528a154e44\";a:3:{s:4:\"mawi\";b:1;s:4:\"bosh\";b:1;s:4:\"anim\";b:1;}s:45:\"et_pb_column_c2f99ed31f38cee8be19b6c38f243437\";a:5:{s:4:\"cuma\";b:1;s:4:\"bosh\";b:1;s:3:\"pos\";b:1;s:5:\"mapac\";b:1;s:4:\"anim\";b:1;}s:48:\"et_pb_row_inner_de2fa3e840d2bede7feae3cb2cbe00a6\";a:3:{s:4:\"mawi\";b:1;s:4:\"bosh\";b:1;s:4:\"anim\";b:1;}s:51:\"et_pb_column_inner_3cdf90163e0e0f340994bb090ee342fc\";a:3:{s:4:\"bosh\";b:1;s:3:\"pos\";b:1;s:4:\"anim\";b:1;}s:49:\"et_pb_post_title_1b9af4722e6e4f401e6c9563d959ee66\";a:9:{s:4:\"glde\";a:11:{s:15:\"title_font_size\";s:4:\"26px\";s:20:\"title_letter_spacing\";s:3:\"0px\";s:17:\"title_line_height\";s:3:\"1em\";s:14:\"meta_font_size\";s:2:\"14\";s:19:\"meta_letter_spacing\";s:3:\"0px\";s:16:\"meta_line_height\";s:3:\"1em\";s:8:\"parallax\";s:3:\"off\";s:15:\"background_size\";s:5:\"cover\";s:19:\"background_position\";s:6:\"center\";s:17:\"background_repeat\";s:9:\"no-repeat\";s:16:\"background_blend\";s:6:\"normal\";}s:4:\"foop\";b:1;s:4:\"tesh\";b:1;s:4:\"cuma\";b:1;s:4:\"mawi\";b:1;s:4:\"bosh\";b:1;s:3:\"pos\";b:1;s:5:\"mapac\";b:1;s:4:\"anim\";b:1;}s:48:\"et_pb_row_inner_6a9d929b24109f8d1d33378557fe007c\";a:5:{s:4:\"cuma\";b:1;s:4:\"mawi\";b:1;s:4:\"bosh\";b:1;s:5:\"mapac\";b:1;s:4:\"anim\";b:1;}s:51:\"et_pb_post_content_cbaaaccb69f4acaf3b51e3f74d00e204\";a:9:{s:4:\"foop\";b:1;s:4:\"tesh\";b:1;s:3:\"bor\";b:1;s:4:\"cuma\";b:1;s:4:\"mawi\";b:1;s:4:\"bosh\";b:1;s:3:\"pos\";b:1;s:5:\"mapac\";b:1;s:4:\"anim\";b:1;}s:45:\"et_pb_column_fcdc69ff297ebe4b032eec6fe8213fc1\";a:5:{s:4:\"cuma\";b:1;s:4:\"bosh\";b:1;s:3:\"pos\";b:1;s:5:\"mapac\";b:1;s:4:\"anim\";b:1;}s:46:\"et_pb_sidebar_f0c5e7a3bf7753ffd1bda41d7ffb2e8d\";a:10:{s:4:\"glde\";a:6:{s:16:\"header_font_size\";s:2:\"18\";s:21:\"header_letter_spacing\";s:3:\"0px\";s:18:\"header_line_height\";s:3:\"1em\";s:14:\"body_font_size\";s:2:\"14\";s:19:\"body_letter_spacing\";s:3:\"0px\";s:16:\"body_line_height\";s:5:\"1.7em\";}s:4:\"foop\";b:1;s:4:\"tesh\";b:1;s:3:\"bor\";b:1;s:4:\"cuma\";b:1;s:4:\"mawi\";b:1;s:4:\"bosh\";b:1;s:3:\"pos\";b:1;s:5:\"mapac\";b:1;s:4:\"anim\";b:1;}s:46:\"et_pb_section_82ee6d19694244f4273784c3b485c394\";a:5:{s:4:\"cuma\";b:1;s:4:\"mawi\";b:1;s:4:\"bosh\";b:1;s:5:\"mapac\";b:1;s:4:\"anim\";b:1;}s:46:\"et_pb_section_406a8e8b44e6b40e00c07e27d40672ad\";a:6:{s:4:\"cuma\";b:1;s:4:\"mawi\";b:1;s:4:\"bosh\";b:1;s:3:\"pos\";b:1;s:5:\"mapac\";b:1;s:4:\"anim\";b:1;}s:42:\"et_pb_row_3ada6f3380c5b5c9398b259deb22dc56\";a:6:{s:4:\"cuma\";b:1;s:4:\"mawi\";b:1;s:4:\"bosh\";b:1;s:3:\"pos\";b:1;s:5:\"mapac\";b:1;s:4:\"anim\";b:1;}s:45:\"et_pb_column_edca411123513a4f6124a44a0d670b36\";a:5:{s:4:\"cuma\";b:1;s:4:\"bosh\";b:1;s:3:\"pos\";b:1;s:5:\"mapac\";b:1;s:4:\"anim\";b:1;}s:43:\"et_pb_text_56594042cc8b70224eaa9339857e0fb8\";a:9:{s:4:\"glde\";a:10:{s:14:\"text_font_size\";s:2:\"14\";s:19:\"text_letter_spacing\";s:3:\"0px\";s:16:\"text_line_height\";s:5:\"1.7em\";s:16:\"header_font_size\";s:4:\"30px\";s:21:\"header_letter_spacing\";s:3:\"0px\";s:18:\"header_line_height\";s:3:\"1em\";s:15:\"background_size\";s:5:\"cover\";s:19:\"background_position\";s:6:\"center\";s:17:\"background_repeat\";s:9:\"no-repeat\";s:16:\"background_blend\";s:6:\"normal\";}s:4:\"foop\";b:1;s:4:\"tesh\";b:1;s:4:\"cuma\";b:1;s:4:\"mawi\";b:1;s:4:\"bosh\";b:1;s:3:\"pos\";b:1;s:5:\"mapac\";b:1;s:4:\"anim\";b:1;}s:43:\"et_pb_text_88c2e9e8cd20311fb18cca642ff02758\";a:7:{s:4:\"glde\";a:10:{s:14:\"text_font_size\";s:2:\"14\";s:19:\"text_letter_spacing\";s:3:\"0px\";s:16:\"text_line_height\";s:5:\"1.7em\";s:16:\"header_font_size\";s:4:\"30px\";s:21:\"header_letter_spacing\";s:3:\"0px\";s:18:\"header_line_height\";s:3:\"1em\";s:15:\"background_size\";s:5:\"cover\";s:19:\"background_position\";s:6:\"center\";s:17:\"background_repeat\";s:9:\"no-repeat\";s:16:\"background_blend\";s:6:\"normal\";}s:4:\"foop\";b:1;s:4:\"tesh\";b:1;s:4:\"mawi\";b:1;s:4:\"bosh\";b:1;s:3:\"pos\";b:1;s:4:\"anim\";b:1;}s:45:\"et_pb_column_6be1189de9678b5ee5b9d0e513762aa2\";a:3:{s:4:\"bosh\";b:1;s:3:\"pos\";b:1;s:4:\"anim\";b:1;}s:44:\"et_pb_blurb_08e1f4d3ddb4eff1d9ebfdcc25f5d638\";a:10:{s:4:\"glde\";a:10:{s:16:\"header_font_size\";s:2:\"18\";s:21:\"header_letter_spacing\";s:3:\"0px\";s:18:\"header_line_height\";s:3:\"1em\";s:14:\"body_font_size\";s:2:\"14\";s:19:\"body_letter_spacing\";s:3:\"0px\";s:16:\"body_line_height\";s:5:\"1.7em\";s:15:\"background_size\";s:5:\"cover\";s:19:\"background_position\";s:6:\"center\";s:17:\"background_repeat\";s:9:\"no-repeat\";s:16:\"background_blend\";s:6:\"normal\";}s:4:\"foop\";b:1;s:4:\"tesh\";b:1;s:3:\"bor\";b:1;s:4:\"cuma\";b:1;s:4:\"mawi\";b:1;s:4:\"bosh\";b:1;s:3:\"pos\";b:1;s:5:\"mapac\";b:1;s:4:\"anim\";b:1;}s:44:\"et_pb_blurb_6620894d25e34f91757c9c8d546bf56d\";a:10:{s:4:\"glde\";a:10:{s:16:\"header_font_size\";s:2:\"18\";s:21:\"header_letter_spacing\";s:3:\"0px\";s:18:\"header_line_height\";s:3:\"1em\";s:14:\"body_font_size\";s:2:\"14\";s:19:\"body_letter_spacing\";s:3:\"0px\";s:16:\"body_line_height\";s:5:\"1.7em\";s:15:\"background_size\";s:5:\"cover\";s:19:\"background_position\";s:6:\"center\";s:17:\"background_repeat\";s:9:\"no-repeat\";s:16:\"background_blend\";s:6:\"normal\";}s:4:\"foop\";b:1;s:4:\"tesh\";b:1;s:3:\"bor\";b:1;s:4:\"cuma\";b:1;s:4:\"mawi\";b:1;s:4:\"bosh\";b:1;s:3:\"pos\";b:1;s:5:\"mapac\";b:1;s:4:\"anim\";b:1;}s:42:\"et_pb_row_1b7d45b14552d621c776706a09ce1361\";a:5:{s:4:\"cuma\";b:1;s:4:\"mawi\";b:1;s:4:\"bosh\";b:1;s:5:\"mapac\";b:1;s:4:\"anim\";b:1;}s:45:\"et_pb_column_6be4578023f3cde46a7fff6b3861c85c\";a:3:{s:4:\"bosh\";b:1;s:3:\"pos\";b:1;s:4:\"anim\";b:1;}s:44:\"et_pb_image_f4b71cd486196a93a74e6b072b773cd7\";a:4:{s:4:\"mawi\";b:1;s:4:\"bosh\";b:1;s:3:\"pos\";b:1;s:4:\"anim\";b:1;}s:43:\"et_pb_text_68a785c2177cf68bf2397748ef31114a\";a:9:{s:4:\"glde\";a:10:{s:14:\"text_font_size\";s:2:\"14\";s:19:\"text_letter_spacing\";s:3:\"0px\";s:16:\"text_line_height\";s:5:\"1.7em\";s:16:\"header_font_size\";s:4:\"30px\";s:21:\"header_letter_spacing\";s:3:\"0px\";s:18:\"header_line_height\";s:3:\"1em\";s:15:\"background_size\";s:5:\"cover\";s:19:\"background_position\";s:6:\"center\";s:17:\"background_repeat\";s:9:\"no-repeat\";s:16:\"background_blend\";s:6:\"normal\";}s:4:\"foop\";b:1;s:4:\"tesh\";b:1;s:4:\"cuma\";b:1;s:4:\"mawi\";b:1;s:4:\"bosh\";b:1;s:3:\"pos\";b:1;s:5:\"mapac\";b:1;s:4:\"anim\";b:1;}s:43:\"et_pb_text_3642f8068fd50cdad33116023389e383\";a:7:{s:4:\"glde\";a:10:{s:14:\"text_font_size\";s:2:\"14\";s:19:\"text_letter_spacing\";s:3:\"0px\";s:16:\"text_line_height\";s:5:\"1.7em\";s:16:\"header_font_size\";s:4:\"30px\";s:21:\"header_letter_spacing\";s:3:\"0px\";s:18:\"header_line_height\";s:3:\"1em\";s:15:\"background_size\";s:5:\"cover\";s:19:\"background_position\";s:6:\"center\";s:17:\"background_repeat\";s:9:\"no-repeat\";s:16:\"background_blend\";s:6:\"normal\";}s:4:\"foop\";b:1;s:4:\"tesh\";b:1;s:4:\"mawi\";b:1;s:4:\"bosh\";b:1;s:3:\"pos\";b:1;s:4:\"anim\";b:1;}s:45:\"et_pb_column_61470a52d1c01da65c8eda69e71a300d\";a:3:{s:4:\"bosh\";b:1;s:3:\"pos\";b:1;s:4:\"anim\";b:1;}s:43:\"et_pb_text_44809c70b99abfae5616162a84587174\";a:9:{s:4:\"glde\";a:10:{s:14:\"text_font_size\";s:2:\"14\";s:19:\"text_letter_spacing\";s:3:\"0px\";s:16:\"text_line_height\";s:5:\"1.7em\";s:16:\"header_font_size\";s:4:\"30px\";s:21:\"header_letter_spacing\";s:3:\"0px\";s:18:\"header_line_height\";s:3:\"1em\";s:15:\"background_size\";s:5:\"cover\";s:19:\"background_position\";s:6:\"center\";s:17:\"background_repeat\";s:9:\"no-repeat\";s:16:\"background_blend\";s:6:\"normal\";}s:4:\"foop\";b:1;s:4:\"tesh\";b:1;s:4:\"cuma\";b:1;s:4:\"mawi\";b:1;s:4:\"bosh\";b:1;s:3:\"pos\";b:1;s:5:\"mapac\";b:1;s:4:\"anim\";b:1;}s:43:\"et_pb_menu_297b684d24550aa8b2571341edaf9e90\";a:7:{s:4:\"glde\";a:4:{s:15:\"background_size\";s:5:\"cover\";s:19:\"background_position\";s:6:\"center\";s:17:\"background_repeat\";s:9:\"no-repeat\";s:16:\"background_blend\";s:6:\"normal\";}s:4:\"foop\";b:1;s:4:\"tesh\";b:1;s:4:\"mawi\";b:1;s:4:\"bosh\";b:1;s:3:\"pos\";b:1;s:4:\"anim\";b:1;}s:43:\"et_pb_code_de2fa3e840d2bede7feae3cb2cbe00a6\";a:4:{s:4:\"mawi\";b:1;s:4:\"bosh\";b:1;s:3:\"pos\";b:1;s:4:\"anim\";b:1;}s:45:\"et_pb_column_e2708011566793ec19ae40db4b27b312\";a:3:{s:4:\"bosh\";b:1;s:3:\"pos\";b:1;s:4:\"anim\";b:1;}s:43:\"et_pb_text_32d4add8287168f7a7da67ca55597756\";a:9:{s:4:\"glde\";a:10:{s:14:\"text_font_size\";s:2:\"14\";s:19:\"text_letter_spacing\";s:3:\"0px\";s:16:\"text_line_height\";s:5:\"1.7em\";s:16:\"header_font_size\";s:4:\"30px\";s:21:\"header_letter_spacing\";s:3:\"0px\";s:18:\"header_line_height\";s:3:\"1em\";s:15:\"background_size\";s:5:\"cover\";s:19:\"background_position\";s:6:\"center\";s:17:\"background_repeat\";s:9:\"no-repeat\";s:16:\"background_blend\";s:6:\"normal\";}s:4:\"foop\";b:1;s:4:\"tesh\";b:1;s:4:\"cuma\";b:1;s:4:\"mawi\";b:1;s:4:\"bosh\";b:1;s:3:\"pos\";b:1;s:5:\"mapac\";b:1;s:4:\"anim\";b:1;}s:43:\"et_pb_menu_94f3665884d8aa31151e380083e94578\";a:7:{s:4:\"glde\";a:4:{s:15:\"background_size\";s:5:\"cover\";s:19:\"background_position\";s:6:\"center\";s:17:\"background_repeat\";s:9:\"no-repeat\";s:16:\"background_blend\";s:6:\"normal\";}s:4:\"foop\";b:1;s:4:\"tesh\";b:1;s:4:\"mawi\";b:1;s:4:\"bosh\";b:1;s:3:\"pos\";b:1;s:4:\"anim\";b:1;}s:42:\"et_pb_row_0f8322e628e82528f04ddcc5d0d4e92d\";a:5:{s:4:\"cuma\";b:1;s:4:\"mawi\";b:1;s:4:\"bosh\";b:1;s:5:\"mapac\";b:1;s:4:\"anim\";b:1;}s:43:\"et_pb_menu_561f4b31a77b791752927479423dde05\";a:7:{s:4:\"glde\";a:4:{s:15:\"background_size\";s:5:\"cover\";s:19:\"background_position\";s:6:\"center\";s:17:\"background_repeat\";s:9:\"no-repeat\";s:16:\"background_blend\";s:6:\"normal\";}s:4:\"foop\";b:1;s:4:\"tesh\";b:1;s:4:\"mawi\";b:1;s:4:\"bosh\";b:1;s:3:\"pos\";b:1;s:4:\"anim\";b:1;}}}"]},"yoast_head":"<!-- This site is optimized with the Yoast SEO plugin v22.6 - https:\/\/yoast.com\/wordpress\/plugins\/seo\/ -->\n<title>18mo anniversario del genocidio di Srebrenica: NPSG chiede che giustizia e riparazione per le vittime siano raggiunte - NPWJ<\/title>\n<meta name=\"robots\" content=\"index, follow, max-snippet:-1, max-image-preview:large, max-video-preview:-1\" \/>\n<link rel=\"canonical\" href=\"https:\/\/www.npwj.org\/press-release\/18th-anniversary-of-the-srebrenica-genocide-npwj-calls-for-justice-and-redress-to-be-achieved\/\" \/>\n<meta property=\"og:locale\" content=\"it_IT\" \/>\n<meta property=\"og:type\" content=\"article\" \/>\n<meta property=\"og:title\" content=\"18mo anniversario del genocidio di Srebrenica: NPSG chiede che giustizia e riparazione per le vittime siano raggiunte - NPWJ\" \/>\n<meta property=\"og:description\" content=\"Bruxelles \u2013 Roma \u2013 New York, 10 luglio 2013 Diciotto anni fa, le forze serbo bosniache sotto il comando del Generale Ratko Mladi\u0107 e con il supporto di Radovan Karadnic [&hellip;]\" \/>\n<meta property=\"og:url\" content=\"https:\/\/www.npwj.org\/press-release\/18th-anniversary-of-the-srebrenica-genocide-npwj-calls-for-justice-and-redress-to-be-achieved\/\" \/>\n<meta property=\"og:site_name\" content=\"NPWJ\" \/>\n<meta property=\"article:publisher\" content=\"https:\/\/www.facebook.com\/npwj.org\/\" \/>\n<meta property=\"article:published_time\" content=\"2013-07-10T16:14:12+00:00\" \/>\n<meta property=\"article:modified_time\" content=\"2023-11-06T17:20:19+00:00\" \/>\n<meta property=\"og:image\" content=\"https:\/\/www.npwj.org\/wp-content\/uploads\/2021\/05\/comunicato-stampa.png\" \/>\n\t<meta property=\"og:image:width\" content=\"1200\" \/>\n\t<meta property=\"og:image:height\" content=\"630\" \/>\n\t<meta property=\"og:image:type\" content=\"image\/png\" \/>\n<meta name=\"author\" content=\"Nicola Giovannini\" \/>\n<meta name=\"twitter:card\" content=\"summary_large_image\" \/>\n<meta name=\"twitter:creator\" content=\"@npwjpress\" \/>\n<meta name=\"twitter:site\" content=\"@npwjpress\" \/>\n<script type=\"application\/ld+json\" class=\"yoast-schema-graph\">{\"@context\":\"https:\/\/schema.org\",\"@graph\":[{\"@type\":\"Article\",\"@id\":\"https:\/\/www.npwj.org\/press-release\/18th-anniversary-of-the-srebrenica-genocide-npwj-calls-for-justice-and-redress-to-be-achieved\/#article\",\"isPartOf\":{\"@id\":\"https:\/\/www.npwj.org\/press-release\/18th-anniversary-of-the-srebrenica-genocide-npwj-calls-for-justice-and-redress-to-be-achieved\/\"},\"author\":{\"name\":\"Nicola Giovannini\",\"@id\":\"https:\/\/www.npwj.org\/#\/schema\/person\/f2f768422b0c9addf4a8c4ec84b7aa94\"},\"headline\":\"18mo anniversario del genocidio di Srebrenica: NPSG chiede che giustizia e riparazione per le vittime siano raggiunte\",\"datePublished\":\"2013-07-10T16:14:12+00:00\",\"dateModified\":\"2023-11-06T17:20:19+00:00\",\"mainEntityOfPage\":{\"@id\":\"https:\/\/www.npwj.org\/press-release\/18th-anniversary-of-the-srebrenica-genocide-npwj-calls-for-justice-and-redress-to-be-achieved\/\"},\"wordCount\":568,\"publisher\":{\"@id\":\"https:\/\/www.npwj.org\/#organization\"},\"image\":{\"@id\":\"https:\/\/www.npwj.org\/press-release\/18th-anniversary-of-the-srebrenica-genocide-npwj-calls-for-justice-and-redress-to-be-achieved\/#primaryimage\"},\"thumbnailUrl\":\"https:\/\/www.npwj.org\/wp-content\/uploads\/2021\/05\/comunicato-stampa.png\",\"keywords\":[\"Corte Penale Internazionale\",\"genocidio di Srebrenica\",\"Jugoslavia\",\"Responsabilit\u00e0\"],\"articleSection\":[\"Comunicati Stampa\"],\"inLanguage\":\"it-IT\"},{\"@type\":\"WebPage\",\"@id\":\"https:\/\/www.npwj.org\/press-release\/18th-anniversary-of-the-srebrenica-genocide-npwj-calls-for-justice-and-redress-to-be-achieved\/\",\"url\":\"https:\/\/www.npwj.org\/press-release\/18th-anniversary-of-the-srebrenica-genocide-npwj-calls-for-justice-and-redress-to-be-achieved\/\",\"name\":\"18mo anniversario del genocidio di Srebrenica: NPSG chiede che giustizia e riparazione per le vittime siano raggiunte - NPWJ\",\"isPartOf\":{\"@id\":\"https:\/\/www.npwj.org\/#website\"},\"primaryImageOfPage\":{\"@id\":\"https:\/\/www.npwj.org\/press-release\/18th-anniversary-of-the-srebrenica-genocide-npwj-calls-for-justice-and-redress-to-be-achieved\/#primaryimage\"},\"image\":{\"@id\":\"https:\/\/www.npwj.org\/press-release\/18th-anniversary-of-the-srebrenica-genocide-npwj-calls-for-justice-and-redress-to-be-achieved\/#primaryimage\"},\"thumbnailUrl\":\"https:\/\/www.npwj.org\/wp-content\/uploads\/2021\/05\/comunicato-stampa.png\",\"datePublished\":\"2013-07-10T16:14:12+00:00\",\"dateModified\":\"2023-11-06T17:20:19+00:00\",\"breadcrumb\":{\"@id\":\"https:\/\/www.npwj.org\/press-release\/18th-anniversary-of-the-srebrenica-genocide-npwj-calls-for-justice-and-redress-to-be-achieved\/#breadcrumb\"},\"inLanguage\":\"it-IT\",\"potentialAction\":[{\"@type\":\"ReadAction\",\"target\":[\"https:\/\/www.npwj.org\/press-release\/18th-anniversary-of-the-srebrenica-genocide-npwj-calls-for-justice-and-redress-to-be-achieved\/\"]}]},{\"@type\":\"ImageObject\",\"inLanguage\":\"it-IT\",\"@id\":\"https:\/\/www.npwj.org\/press-release\/18th-anniversary-of-the-srebrenica-genocide-npwj-calls-for-justice-and-redress-to-be-achieved\/#primaryimage\",\"url\":\"https:\/\/www.npwj.org\/wp-content\/uploads\/2021\/05\/comunicato-stampa.png\",\"contentUrl\":\"https:\/\/www.npwj.org\/wp-content\/uploads\/2021\/05\/comunicato-stampa.png\",\"width\":1200,\"height\":630,\"caption\":\"Comunicato Stampa NPSG\"},{\"@type\":\"BreadcrumbList\",\"@id\":\"https:\/\/www.npwj.org\/press-release\/18th-anniversary-of-the-srebrenica-genocide-npwj-calls-for-justice-and-redress-to-be-achieved\/#breadcrumb\",\"itemListElement\":[{\"@type\":\"ListItem\",\"position\":1,\"name\":\"Home\",\"item\":\"https:\/\/www.npwj.org\/\"},{\"@type\":\"ListItem\",\"position\":2,\"name\":\"18mo anniversario del genocidio di Srebrenica: NPSG chiede che giustizia e riparazione per le vittime siano raggiunte\"}]},{\"@type\":\"WebSite\",\"@id\":\"https:\/\/www.npwj.org\/#website\",\"url\":\"https:\/\/www.npwj.org\/\",\"name\":\"NPWJ\",\"description\":\"No Peace Without Justice\",\"publisher\":{\"@id\":\"https:\/\/www.npwj.org\/#organization\"},\"alternateName\":\"NPWJ\",\"potentialAction\":[{\"@type\":\"SearchAction\",\"target\":{\"@type\":\"EntryPoint\",\"urlTemplate\":\"https:\/\/www.npwj.org\/?s={search_term_string}\"},\"query-input\":\"required name=search_term_string\"}],\"inLanguage\":\"it-IT\"},{\"@type\":\"Organization\",\"@id\":\"https:\/\/www.npwj.org\/#organization\",\"name\":\"No Peace Without Justice\",\"alternateName\":\"NPWJ\",\"url\":\"https:\/\/www.npwj.org\/\",\"logo\":{\"@type\":\"ImageObject\",\"inLanguage\":\"it-IT\",\"@id\":\"https:\/\/www.npwj.org\/#\/schema\/logo\/image\/\",\"url\":\"https:\/\/www.npwj.org\/wp-content\/uploads\/2024\/05\/logo-npwj-npsg.png\",\"contentUrl\":\"https:\/\/www.npwj.org\/wp-content\/uploads\/2024\/05\/logo-npwj-npsg.png\",\"width\":1080,\"height\":1080,\"caption\":\"No Peace Without Justice\"},\"image\":{\"@id\":\"https:\/\/www.npwj.org\/#\/schema\/logo\/image\/\"},\"sameAs\":[\"https:\/\/www.facebook.com\/npwj.org\/\",\"https:\/\/x.com\/npwjpress\",\"https:\/\/www.instagram.com\/npwj_\/\"]},{\"@type\":\"Person\",\"@id\":\"https:\/\/www.npwj.org\/#\/schema\/person\/f2f768422b0c9addf4a8c4ec84b7aa94\",\"name\":\"Nicola Giovannini\",\"image\":{\"@type\":\"ImageObject\",\"inLanguage\":\"it-IT\",\"@id\":\"https:\/\/www.npwj.org\/#\/schema\/person\/image\/\",\"url\":\"https:\/\/secure.gravatar.com\/avatar\/cb002112d40d3271f2451ef47aa03589?s=96&d=mm&r=g\",\"contentUrl\":\"https:\/\/secure.gravatar.com\/avatar\/cb002112d40d3271f2451ef47aa03589?s=96&d=mm&r=g\",\"caption\":\"Nicola Giovannini\"}}]}<\/script>\n<!-- \/ Yoast SEO plugin. -->","yoast_head_json":{"title":"18mo anniversario del genocidio di Srebrenica: NPSG chiede che giustizia e riparazione per le vittime siano raggiunte - NPWJ","robots":{"index":"index","follow":"follow","max-snippet":"max-snippet:-1","max-image-preview":"max-image-preview:large","max-video-preview":"max-video-preview:-1"},"canonical":"https:\/\/www.npwj.org\/press-release\/18th-anniversary-of-the-srebrenica-genocide-npwj-calls-for-justice-and-redress-to-be-achieved\/","og_locale":"it_IT","og_type":"article","og_title":"18mo anniversario del genocidio di Srebrenica: NPSG chiede che giustizia e riparazione per le vittime siano raggiunte - NPWJ","og_description":"Bruxelles \u2013 Roma \u2013 New York, 10 luglio 2013 Diciotto anni fa, le forze serbo bosniache sotto il comando del Generale Ratko Mladi\u0107 e con il supporto di Radovan Karadnic [&hellip;]","og_url":"https:\/\/www.npwj.org\/press-release\/18th-anniversary-of-the-srebrenica-genocide-npwj-calls-for-justice-and-redress-to-be-achieved\/","og_site_name":"NPWJ","article_publisher":"https:\/\/www.facebook.com\/npwj.org\/","article_published_time":"2013-07-10T16:14:12+00:00","article_modified_time":"2023-11-06T17:20:19+00:00","og_image":[{"width":1200,"height":630,"url":"https:\/\/www.npwj.org\/wp-content\/uploads\/2021\/05\/comunicato-stampa.png","type":"image\/png"}],"author":"Nicola Giovannini","twitter_card":"summary_large_image","twitter_creator":"@npwjpress","twitter_site":"@npwjpress","schema":{"@context":"https:\/\/schema.org","@graph":[{"@type":"Article","@id":"https:\/\/www.npwj.org\/press-release\/18th-anniversary-of-the-srebrenica-genocide-npwj-calls-for-justice-and-redress-to-be-achieved\/#article","isPartOf":{"@id":"https:\/\/www.npwj.org\/press-release\/18th-anniversary-of-the-srebrenica-genocide-npwj-calls-for-justice-and-redress-to-be-achieved\/"},"author":{"name":"Nicola Giovannini","@id":"https:\/\/www.npwj.org\/#\/schema\/person\/f2f768422b0c9addf4a8c4ec84b7aa94"},"headline":"18mo anniversario del genocidio di Srebrenica: NPSG chiede che giustizia e riparazione per le vittime siano raggiunte","datePublished":"2013-07-10T16:14:12+00:00","dateModified":"2023-11-06T17:20:19+00:00","mainEntityOfPage":{"@id":"https:\/\/www.npwj.org\/press-release\/18th-anniversary-of-the-srebrenica-genocide-npwj-calls-for-justice-and-redress-to-be-achieved\/"},"wordCount":568,"publisher":{"@id":"https:\/\/www.npwj.org\/#organization"},"image":{"@id":"https:\/\/www.npwj.org\/press-release\/18th-anniversary-of-the-srebrenica-genocide-npwj-calls-for-justice-and-redress-to-be-achieved\/#primaryimage"},"thumbnailUrl":"https:\/\/www.npwj.org\/wp-content\/uploads\/2021\/05\/comunicato-stampa.png","keywords":["Corte Penale Internazionale","genocidio di Srebrenica","Jugoslavia","Responsabilit\u00e0"],"articleSection":["Comunicati Stampa"],"inLanguage":"it-IT"},{"@type":"WebPage","@id":"https:\/\/www.npwj.org\/press-release\/18th-anniversary-of-the-srebrenica-genocide-npwj-calls-for-justice-and-redress-to-be-achieved\/","url":"https:\/\/www.npwj.org\/press-release\/18th-anniversary-of-the-srebrenica-genocide-npwj-calls-for-justice-and-redress-to-be-achieved\/","name":"18mo anniversario del genocidio di Srebrenica: NPSG chiede che giustizia e riparazione per le vittime siano raggiunte - NPWJ","isPartOf":{"@id":"https:\/\/www.npwj.org\/#website"},"primaryImageOfPage":{"@id":"https:\/\/www.npwj.org\/press-release\/18th-anniversary-of-the-srebrenica-genocide-npwj-calls-for-justice-and-redress-to-be-achieved\/#primaryimage"},"image":{"@id":"https:\/\/www.npwj.org\/press-release\/18th-anniversary-of-the-srebrenica-genocide-npwj-calls-for-justice-and-redress-to-be-achieved\/#primaryimage"},"thumbnailUrl":"https:\/\/www.npwj.org\/wp-content\/uploads\/2021\/05\/comunicato-stampa.png","datePublished":"2013-07-10T16:14:12+00:00","dateModified":"2023-11-06T17:20:19+00:00","breadcrumb":{"@id":"https:\/\/www.npwj.org\/press-release\/18th-anniversary-of-the-srebrenica-genocide-npwj-calls-for-justice-and-redress-to-be-achieved\/#breadcrumb"},"inLanguage":"it-IT","potentialAction":[{"@type":"ReadAction","target":["https:\/\/www.npwj.org\/press-release\/18th-anniversary-of-the-srebrenica-genocide-npwj-calls-for-justice-and-redress-to-be-achieved\/"]}]},{"@type":"ImageObject","inLanguage":"it-IT","@id":"https:\/\/www.npwj.org\/press-release\/18th-anniversary-of-the-srebrenica-genocide-npwj-calls-for-justice-and-redress-to-be-achieved\/#primaryimage","url":"https:\/\/www.npwj.org\/wp-content\/uploads\/2021\/05\/comunicato-stampa.png","contentUrl":"https:\/\/www.npwj.org\/wp-content\/uploads\/2021\/05\/comunicato-stampa.png","width":1200,"height":630,"caption":"Comunicato Stampa NPSG"},{"@type":"BreadcrumbList","@id":"https:\/\/www.npwj.org\/press-release\/18th-anniversary-of-the-srebrenica-genocide-npwj-calls-for-justice-and-redress-to-be-achieved\/#breadcrumb","itemListElement":[{"@type":"ListItem","position":1,"name":"Home","item":"https:\/\/www.npwj.org\/"},{"@type":"ListItem","position":2,"name":"18mo anniversario del genocidio di Srebrenica: NPSG chiede che giustizia e riparazione per le vittime siano raggiunte"}]},{"@type":"WebSite","@id":"https:\/\/www.npwj.org\/#website","url":"https:\/\/www.npwj.org\/","name":"NPWJ","description":"No Peace Without Justice","publisher":{"@id":"https:\/\/www.npwj.org\/#organization"},"alternateName":"NPWJ","potentialAction":[{"@type":"SearchAction","target":{"@type":"EntryPoint","urlTemplate":"https:\/\/www.npwj.org\/?s={search_term_string}"},"query-input":"required name=search_term_string"}],"inLanguage":"it-IT"},{"@type":"Organization","@id":"https:\/\/www.npwj.org\/#organization","name":"No Peace Without Justice","alternateName":"NPWJ","url":"https:\/\/www.npwj.org\/","logo":{"@type":"ImageObject","inLanguage":"it-IT","@id":"https:\/\/www.npwj.org\/#\/schema\/logo\/image\/","url":"https:\/\/www.npwj.org\/wp-content\/uploads\/2024\/05\/logo-npwj-npsg.png","contentUrl":"https:\/\/www.npwj.org\/wp-content\/uploads\/2024\/05\/logo-npwj-npsg.png","width":1080,"height":1080,"caption":"No Peace Without Justice"},"image":{"@id":"https:\/\/www.npwj.org\/#\/schema\/logo\/image\/"},"sameAs":["https:\/\/www.facebook.com\/npwj.org\/","https:\/\/x.com\/npwjpress","https:\/\/www.instagram.com\/npwj_\/"]},{"@type":"Person","@id":"https:\/\/www.npwj.org\/#\/schema\/person\/f2f768422b0c9addf4a8c4ec84b7aa94","name":"Nicola Giovannini","image":{"@type":"ImageObject","inLanguage":"it-IT","@id":"https:\/\/www.npwj.org\/#\/schema\/person\/image\/","url":"https:\/\/secure.gravatar.com\/avatar\/cb002112d40d3271f2451ef47aa03589?s=96&d=mm&r=g","contentUrl":"https:\/\/secure.gravatar.com\/avatar\/cb002112d40d3271f2451ef47aa03589?s=96&d=mm&r=g","caption":"Nicola Giovannini"}}]}},"_links":{"self":[{"href":"https:\/\/www.npwj.org\/it\/wp-json\/wp\/v2\/posts\/251085"}],"collection":[{"href":"https:\/\/www.npwj.org\/it\/wp-json\/wp\/v2\/posts"}],"about":[{"href":"https:\/\/www.npwj.org\/it\/wp-json\/wp\/v2\/types\/post"}],"author":[{"embeddable":true,"href":"https:\/\/www.npwj.org\/it\/wp-json\/wp\/v2\/users\/9"}],"replies":[{"embeddable":true,"href":"https:\/\/www.npwj.org\/it\/wp-json\/wp\/v2\/comments?post=251085"}],"version-history":[{"count":1,"href":"https:\/\/www.npwj.org\/it\/wp-json\/wp\/v2\/posts\/251085\/revisions"}],"predecessor-version":[{"id":251086,"href":"https:\/\/www.npwj.org\/it\/wp-json\/wp\/v2\/posts\/251085\/revisions\/251086"}],"wp:featuredmedia":[{"embeddable":true,"href":"https:\/\/www.npwj.org\/it\/wp-json\/wp\/v2\/media\/246844"}],"wp:attachment":[{"href":"https:\/\/www.npwj.org\/it\/wp-json\/wp\/v2\/media?parent=251085"}],"wp:term":[{"taxonomy":"category","embeddable":true,"href":"https:\/\/www.npwj.org\/it\/wp-json\/wp\/v2\/categories?post=251085"},{"taxonomy":"post_tag","embeddable":true,"href":"https:\/\/www.npwj.org\/it\/wp-json\/wp\/v2\/tags?post=251085"}],"curies":[{"name":"wp","href":"https:\/\/api.w.org\/{rel}","templated":true}]}}