{"id":252863,"date":"2015-12-09T09:56:27","date_gmt":"2015-12-09T08:56:27","guid":{"rendered":"https:\/\/www.npwj.org\/?p=252863"},"modified":"2023-12-20T10:02:09","modified_gmt":"2023-12-20T09:02:09","slug":"prima-giornata-internazionale-di-commemorazione-delle-vittime-di-genocidio-npsg-e-il-partito-radicale-chiedono-un-impegno-piu-forte-per-combattere-limpunita","status":"publish","type":"post","link":"https:\/\/www.npwj.org\/it\/comunicati-stampa\/prima-giornata-internazionale-di-commemorazione-delle-vittime-di-genocidio-npsg-e-il-partito-radicale-chiedono-un-impegno-piu-forte-per-combattere-limpunita\/","title":{"rendered":"Prima Giornata Internazionale di Commemorazione delle Vittime di Genocidio: NPSG e il Partito Radicale chiedono un impegno pi\u00f9 forte per combattere l\u2019impunit\u00e0"},"content":{"rendered":"<div id=\"intro\">Bruxelles &#8211; Roma, 9 dicembre 2015<\/div>\n<div><\/div>\n<div>\n<p>La Giornata Internazionale di Commemorazione e Dignit\u00e0 delle Vittime del Crimine di Genocidio e di Prevenzione di questo crimine \u00e8 stata osservata per la prima volta mercoled\u00ec 9 dicembre 2015. La giornata internazionale coincide con l\u2019anniversario dell\u2019adozione della\u00a0<a href=\"http:\/\/www.preventgenocide.org\/law\/convention\/text.htm\" target=\"_blank\" rel=\"noopener\">Convenzione sulla Prevenzione e Punizione del Crimine di Genocidio<\/a>, dell\u2019Assemblea Generale dell\u2019ONU nel 1948.<\/p>\n<p><strong>Dichiarazione di Alison Smith, consigliere legale di Non C\u2019\u00e8 Pace Senza Giustizia:<\/strong><\/p>\n<p>\u201cIn questa Giornata di Commemorazione di tutte le Vittime di Genocidio, Non C\u2019\u00e8 Pace Senza Giustizia (NPSG) ed il Partito Radicale Nonviolento, Transnazionale e Transpartito (NRPTT) si uniscono alla comunit\u00e0 internazionale per ricordare ed onorare le numerose vittime dei pi\u00f9 gravi crimini per il diritto internazionale e la continua lotta \u2013 spesso inter-generazionale- delle loro famiglie per ricostruire le loro vite come sopravvissuti.<\/p>\n<p>Cogliamo questa opportunit\u00e0 per elogiare tutti gli Stati che hanno contribuito all\u2019istituzione di questa giornata ufficiale e universale di osservanza, attraverso l\u2019adozione di una risoluzione dell\u2019Assemblea Generale dell\u2019ONU, in data 11 settembre 2015. Dobbiamo alle vittime ed ai superstiti di tali orribili crimini che gli eventi che hanno subito siano formalmente e universalmente riconosciuti, affinch\u00e9 una memoria condivisa della loro tragica eredit\u00e0 possa essere un forte deterrente contro il ripetersi di tali atrocit\u00e0.<\/p>\n<p>Il primo passo verso la riparazione per le vittime e i superstiti comincia con il riconoscimento e la consapevolezza che la loro sofferenza non \u00e8 il risultato di una calamit\u00e0 naturale, ma \u00e8 una deliberata e pianificata politica per ottenere e mantenere il potere attraverso crimini brutali contro uomini, donne e bambini. L\u2019obiettivo di questa nuova osservanza non \u00e8 solo quello di ricordare e onorare il passato. Decisamente, \u00e8 anche un\u2019opportunit\u00e0 per tutti gli Stati per riaffermare il loro impegno ed intensificare gli sforzi per prevenire il perpetrarsi di genocidi e altre atrocit\u00e0 di massa ovunque ed in qualunque momento possano verificarsi. Assicurare la giustizia e le riaprazioni per tutte le vittime di questi crimini \u00e8 l\u2019unico modo per dimostrare ai possibili colpevoli che non \u00e8 pi\u00f9 ammissibile che la violenza trionfi sulla giustizia.<\/p>\n<p>A partire dall\u2019istituzione della Corte Penale Internazionale (ICC), vi \u00e8 almeno una possibilit\u00e0 per le vittime di vedere la giustizia applicata a quelle persone che hanno pianificato e istigato i crimini pi\u00f9 seri e orribili immaginabili. Tuttavia, per dare reale concretezza alla minaccia e alla promessa di giustizia, deve essere fatto di pi\u00f9 per garantire indagini genuine e azioni penali. Invitiamo gli Stati a guardare ai genocidi che si sono commessi fino ad oggi e a raddoppiare gli sforzi per portare la giustizia e risarcimento.<\/p>\n<p>I Paesi devono impedire che i propri territori diventino un rifugio in cui i possibili colpevoli di queste atrocit\u00e0 possano nascondersi, non importa quale posizione ricoprissero nei propri Stati d\u2019origine. Il fatto che il Presidente Sudanese Omar al-Bashir, accusato dall\u2019ICC di crimini di genocidio, crimini di guerra e crimini contro l\u2019umanit\u00e0, contro i civili in Darfur, continui ad eludere la giustizia oggi \u00e8 un profondo fallimento morale per la comunit\u00e0 internazionale; pi\u00f9 importante, esso \u00e8 un affronto alla memoria di coloro che sono morti ed alla sofferenza dei sopravvissuti. Continuiamo a sperare che il Presidente al Bashir e tutte le altre persone accusate di aver commesso i pi\u00f9 gravi crimini nel mondo, siano portati alla giustizia come priorit\u00e0, e a sollecitare tutte le parti interessate a giocare la loro parte nell\u2019assicurare che ci\u00f2 avvenga, con forza, determinazione ed il coraggio delle loro convinzioni.\u201d<\/p>\n<p><strong>Per ulteriori informazioni<\/strong>\u00a0contattare: Alison Smith all&#8217;indirizzo mail\u00a0asmith@npwj.org\u00a0o al numero +32-2-548 39 12 oppure\u00a0Nicola Giovannini (Responsabile ufficio stampa) all&#8217;indirizzo mail\u00a0ngiovannini@npwj.org\u00a0o al numero +32 2 548 39 15.\n<\/div>\n","protected":false},"excerpt":{"rendered":"<p>Bruxelles &#8211; Roma, 9 dicembre 2015 La Giornata Internazionale di Commemorazione e Dignit\u00e0 delle Vittime del Crimine di Genocidio e di Prevenzione di questo crimine \u00e8 stata osservata per la [&hellip;]<\/p>\n","protected":false},"author":9,"featured_media":252861,"comment_status":"closed","ping_status":"closed","sticky":false,"template":"","format":"standard","meta":{"_et_pb_use_builder":"","_et_pb_old_content":"","_et_gb_content_width":"","footnotes":""},"categories":[126],"tags":[792,1305,325,1251,1176],"cp_meta_data":{"_wpml_word_count":["{\"total\":0,\"to_translate\":{\"en\":2,\"it\":2}}"],"_edit_lock":["1703062933:19"],"_edit_last":["19"],"_wpml_media_duplicate":["1"],"_wpml_media_featured":["1"],"_et_pb_page_layout":["et_right_sidebar"],"_et_pb_side_nav":["off"],"_et_pb_post_hide_nav":["default"],"_et_pb_show_title":["on"],"_et_pb_use_builder":[""],"_et_post_bg_color":["#ffffff"],"_et_post_bg_layout":["light"],"_thumbnail_id":["252861"],"_last_translation_edit_mode":["native-editor"],"_encloseme":["1"],"eg_sources_html5_mp4":[""],"eg_sources_youtube":[""],"eg_sources_vimeo":[""],"eg_sources_wistia":[""],"eg_sources_image":[""],"eg_sources_iframe":[""],"eg_sources_soundcloud":[""],"eg_vimeo_ratio":["1"],"eg_youtube_ratio":["1"],"eg_wistia_ratio":["1"],"eg_html5_ratio":["1"],"eg_soundcloud_ratio":["1"],"eg_sources_essgrid":[""],"eg_featured_grid":[""],"eg_settings_custom_meta_skin":[""],"eg_settings_custom_meta_element":[""],"eg_settings_custom_meta_setting":[""],"eg_settings_custom_meta_style":[""],"eg_custom_meta_216":["true"],"eg_votes_count":["0"],"_et_pb_first_image":[""],"_et_pb_truncate_post":[""],"_et_pb_truncate_post_date":[""],"_et_pb_old_content":[""],"_et_builder_dynamic_assets_loading_attr_threshold":["2"],"_et_dynamic_cached_shortcodes":["a:13:{i:0;s:18:\"et_pb_column_inner\";i:1;s:18:\"et_pb_post_content\";i:2;s:13:\"et_pb_section\";i:3;s:9:\"et_pb_row\";i:4;s:12:\"et_pb_column\";i:5;s:15:\"et_pb_row_inner\";i:6;s:11:\"et_pb_blurb\";i:7;s:10:\"et_pb_code\";i:8;s:11:\"et_pb_image\";i:9;s:10:\"et_pb_menu\";i:10;s:16:\"et_pb_post_title\";i:11;s:13:\"et_pb_sidebar\";i:12;s:10:\"et_pb_text\";}"],"_et_dynamic_cached_attributes":["a:5:{s:9:\"specialty\";a:1:{i:0;s:2:\"on\";}s:17:\"use_custom_gutter\";a:1:{i:0;s:2:\"on\";}s:12:\"gutter_width\";a:1:{i:0;s:1:\"1\";}s:9:\"fullwidth\";a:1:{i:0;s:2:\"on\";}s:9:\"font_icon\";a:1:{i:0;s:19:\"&#xe010;||divi||400\";}}"],"et_enqueued_post_fonts":["a:3:{s:6:\"family\";a:1:{s:12:\"et-gf-roboto\";s:91:\"Roboto:100,100italic,300,300italic,regular,italic,500,500italic,700,700italic,900,900italic\";}s:6:\"subset\";a:2:{i:0;s:5:\"latin\";i:1;s:9:\"latin-ext\";}s:9:\"cache_key\";s:75:\"{\"gph\":-1,\"divi\":\"4.25.0\",\"wp\":\"6.5.2\",\"enable_all_character_sets\":\"false\"}\";}"],"_et_builder_module_features_cache":["a:2:{i:0;s:117:\"{\"gph\":-1,\"divi\":\"4.25.0\",\"wp\":\"6.5.2\",\"tb\":{\"255689\":\"2024-05-07 07:28:05\",\"255786\":\"2024-05-09 18:48:34\"},\"wpe\":[]}\";i:1;a:32:{s:46:\"et_pb_section_5afa4e695821d24f0e16cb528a154e44\";a:3:{s:4:\"mawi\";b:1;s:4:\"bosh\";b:1;s:4:\"anim\";b:1;}s:45:\"et_pb_column_c2f99ed31f38cee8be19b6c38f243437\";a:5:{s:4:\"cuma\";b:1;s:4:\"bosh\";b:1;s:3:\"pos\";b:1;s:5:\"mapac\";b:1;s:4:\"anim\";b:1;}s:48:\"et_pb_row_inner_de2fa3e840d2bede7feae3cb2cbe00a6\";a:3:{s:4:\"mawi\";b:1;s:4:\"bosh\";b:1;s:4:\"anim\";b:1;}s:51:\"et_pb_column_inner_3cdf90163e0e0f340994bb090ee342fc\";a:3:{s:4:\"bosh\";b:1;s:3:\"pos\";b:1;s:4:\"anim\";b:1;}s:49:\"et_pb_post_title_1b9af4722e6e4f401e6c9563d959ee66\";a:9:{s:4:\"glde\";a:11:{s:15:\"title_font_size\";s:4:\"26px\";s:20:\"title_letter_spacing\";s:3:\"0px\";s:17:\"title_line_height\";s:3:\"1em\";s:14:\"meta_font_size\";s:2:\"14\";s:19:\"meta_letter_spacing\";s:3:\"0px\";s:16:\"meta_line_height\";s:3:\"1em\";s:8:\"parallax\";s:3:\"off\";s:15:\"background_size\";s:5:\"cover\";s:19:\"background_position\";s:6:\"center\";s:17:\"background_repeat\";s:9:\"no-repeat\";s:16:\"background_blend\";s:6:\"normal\";}s:4:\"foop\";b:1;s:4:\"tesh\";b:1;s:4:\"cuma\";b:1;s:4:\"mawi\";b:1;s:4:\"bosh\";b:1;s:3:\"pos\";b:1;s:5:\"mapac\";b:1;s:4:\"anim\";b:1;}s:48:\"et_pb_row_inner_6a9d929b24109f8d1d33378557fe007c\";a:5:{s:4:\"cuma\";b:1;s:4:\"mawi\";b:1;s:4:\"bosh\";b:1;s:5:\"mapac\";b:1;s:4:\"anim\";b:1;}s:51:\"et_pb_post_content_cbaaaccb69f4acaf3b51e3f74d00e204\";a:9:{s:4:\"foop\";b:1;s:4:\"tesh\";b:1;s:3:\"bor\";b:1;s:4:\"cuma\";b:1;s:4:\"mawi\";b:1;s:4:\"bosh\";b:1;s:3:\"pos\";b:1;s:5:\"mapac\";b:1;s:4:\"anim\";b:1;}s:45:\"et_pb_column_fcdc69ff297ebe4b032eec6fe8213fc1\";a:5:{s:4:\"cuma\";b:1;s:4:\"bosh\";b:1;s:3:\"pos\";b:1;s:5:\"mapac\";b:1;s:4:\"anim\";b:1;}s:46:\"et_pb_sidebar_f0c5e7a3bf7753ffd1bda41d7ffb2e8d\";a:10:{s:4:\"glde\";a:6:{s:16:\"header_font_size\";s:2:\"18\";s:21:\"header_letter_spacing\";s:3:\"0px\";s:18:\"header_line_height\";s:3:\"1em\";s:14:\"body_font_size\";s:2:\"14\";s:19:\"body_letter_spacing\";s:3:\"0px\";s:16:\"body_line_height\";s:5:\"1.7em\";}s:4:\"foop\";b:1;s:4:\"tesh\";b:1;s:3:\"bor\";b:1;s:4:\"cuma\";b:1;s:4:\"mawi\";b:1;s:4:\"bosh\";b:1;s:3:\"pos\";b:1;s:5:\"mapac\";b:1;s:4:\"anim\";b:1;}s:46:\"et_pb_section_82ee6d19694244f4273784c3b485c394\";a:5:{s:4:\"cuma\";b:1;s:4:\"mawi\";b:1;s:4:\"bosh\";b:1;s:5:\"mapac\";b:1;s:4:\"anim\";b:1;}s:46:\"et_pb_section_406a8e8b44e6b40e00c07e27d40672ad\";a:6:{s:4:\"cuma\";b:1;s:4:\"mawi\";b:1;s:4:\"bosh\";b:1;s:3:\"pos\";b:1;s:5:\"mapac\";b:1;s:4:\"anim\";b:1;}s:42:\"et_pb_row_3ada6f3380c5b5c9398b259deb22dc56\";a:6:{s:4:\"cuma\";b:1;s:4:\"mawi\";b:1;s:4:\"bosh\";b:1;s:3:\"pos\";b:1;s:5:\"mapac\";b:1;s:4:\"anim\";b:1;}s:45:\"et_pb_column_edca411123513a4f6124a44a0d670b36\";a:5:{s:4:\"cuma\";b:1;s:4:\"bosh\";b:1;s:3:\"pos\";b:1;s:5:\"mapac\";b:1;s:4:\"anim\";b:1;}s:43:\"et_pb_text_56594042cc8b70224eaa9339857e0fb8\";a:9:{s:4:\"glde\";a:10:{s:14:\"text_font_size\";s:2:\"14\";s:19:\"text_letter_spacing\";s:3:\"0px\";s:16:\"text_line_height\";s:5:\"1.7em\";s:16:\"header_font_size\";s:4:\"30px\";s:21:\"header_letter_spacing\";s:3:\"0px\";s:18:\"header_line_height\";s:3:\"1em\";s:15:\"background_size\";s:5:\"cover\";s:19:\"background_position\";s:6:\"center\";s:17:\"background_repeat\";s:9:\"no-repeat\";s:16:\"background_blend\";s:6:\"normal\";}s:4:\"foop\";b:1;s:4:\"tesh\";b:1;s:4:\"cuma\";b:1;s:4:\"mawi\";b:1;s:4:\"bosh\";b:1;s:3:\"pos\";b:1;s:5:\"mapac\";b:1;s:4:\"anim\";b:1;}s:43:\"et_pb_text_88c2e9e8cd20311fb18cca642ff02758\";a:7:{s:4:\"glde\";a:10:{s:14:\"text_font_size\";s:2:\"14\";s:19:\"text_letter_spacing\";s:3:\"0px\";s:16:\"text_line_height\";s:5:\"1.7em\";s:16:\"header_font_size\";s:4:\"30px\";s:21:\"header_letter_spacing\";s:3:\"0px\";s:18:\"header_line_height\";s:3:\"1em\";s:15:\"background_size\";s:5:\"cover\";s:19:\"background_position\";s:6:\"center\";s:17:\"background_repeat\";s:9:\"no-repeat\";s:16:\"background_blend\";s:6:\"normal\";}s:4:\"foop\";b:1;s:4:\"tesh\";b:1;s:4:\"mawi\";b:1;s:4:\"bosh\";b:1;s:3:\"pos\";b:1;s:4:\"anim\";b:1;}s:45:\"et_pb_column_6be1189de9678b5ee5b9d0e513762aa2\";a:3:{s:4:\"bosh\";b:1;s:3:\"pos\";b:1;s:4:\"anim\";b:1;}s:44:\"et_pb_blurb_08e1f4d3ddb4eff1d9ebfdcc25f5d638\";a:10:{s:4:\"glde\";a:10:{s:16:\"header_font_size\";s:2:\"18\";s:21:\"header_letter_spacing\";s:3:\"0px\";s:18:\"header_line_height\";s:3:\"1em\";s:14:\"body_font_size\";s:2:\"14\";s:19:\"body_letter_spacing\";s:3:\"0px\";s:16:\"body_line_height\";s:5:\"1.7em\";s:15:\"background_size\";s:5:\"cover\";s:19:\"background_position\";s:6:\"center\";s:17:\"background_repeat\";s:9:\"no-repeat\";s:16:\"background_blend\";s:6:\"normal\";}s:4:\"foop\";b:1;s:4:\"tesh\";b:1;s:3:\"bor\";b:1;s:4:\"cuma\";b:1;s:4:\"mawi\";b:1;s:4:\"bosh\";b:1;s:3:\"pos\";b:1;s:5:\"mapac\";b:1;s:4:\"anim\";b:1;}s:44:\"et_pb_blurb_6620894d25e34f91757c9c8d546bf56d\";a:10:{s:4:\"glde\";a:10:{s:16:\"header_font_size\";s:2:\"18\";s:21:\"header_letter_spacing\";s:3:\"0px\";s:18:\"header_line_height\";s:3:\"1em\";s:14:\"body_font_size\";s:2:\"14\";s:19:\"body_letter_spacing\";s:3:\"0px\";s:16:\"body_line_height\";s:5:\"1.7em\";s:15:\"background_size\";s:5:\"cover\";s:19:\"background_position\";s:6:\"center\";s:17:\"background_repeat\";s:9:\"no-repeat\";s:16:\"background_blend\";s:6:\"normal\";}s:4:\"foop\";b:1;s:4:\"tesh\";b:1;s:3:\"bor\";b:1;s:4:\"cuma\";b:1;s:4:\"mawi\";b:1;s:4:\"bosh\";b:1;s:3:\"pos\";b:1;s:5:\"mapac\";b:1;s:4:\"anim\";b:1;}s:42:\"et_pb_row_1b7d45b14552d621c776706a09ce1361\";a:5:{s:4:\"cuma\";b:1;s:4:\"mawi\";b:1;s:4:\"bosh\";b:1;s:5:\"mapac\";b:1;s:4:\"anim\";b:1;}s:45:\"et_pb_column_6be4578023f3cde46a7fff6b3861c85c\";a:3:{s:4:\"bosh\";b:1;s:3:\"pos\";b:1;s:4:\"anim\";b:1;}s:44:\"et_pb_image_f4b71cd486196a93a74e6b072b773cd7\";a:4:{s:4:\"mawi\";b:1;s:4:\"bosh\";b:1;s:3:\"pos\";b:1;s:4:\"anim\";b:1;}s:43:\"et_pb_text_68a785c2177cf68bf2397748ef31114a\";a:9:{s:4:\"glde\";a:10:{s:14:\"text_font_size\";s:2:\"14\";s:19:\"text_letter_spacing\";s:3:\"0px\";s:16:\"text_line_height\";s:5:\"1.7em\";s:16:\"header_font_size\";s:4:\"30px\";s:21:\"header_letter_spacing\";s:3:\"0px\";s:18:\"header_line_height\";s:3:\"1em\";s:15:\"background_size\";s:5:\"cover\";s:19:\"background_position\";s:6:\"center\";s:17:\"background_repeat\";s:9:\"no-repeat\";s:16:\"background_blend\";s:6:\"normal\";}s:4:\"foop\";b:1;s:4:\"tesh\";b:1;s:4:\"cuma\";b:1;s:4:\"mawi\";b:1;s:4:\"bosh\";b:1;s:3:\"pos\";b:1;s:5:\"mapac\";b:1;s:4:\"anim\";b:1;}s:43:\"et_pb_text_3642f8068fd50cdad33116023389e383\";a:7:{s:4:\"glde\";a:10:{s:14:\"text_font_size\";s:2:\"14\";s:19:\"text_letter_spacing\";s:3:\"0px\";s:16:\"text_line_height\";s:5:\"1.7em\";s:16:\"header_font_size\";s:4:\"30px\";s:21:\"header_letter_spacing\";s:3:\"0px\";s:18:\"header_line_height\";s:3:\"1em\";s:15:\"background_size\";s:5:\"cover\";s:19:\"background_position\";s:6:\"center\";s:17:\"background_repeat\";s:9:\"no-repeat\";s:16:\"background_blend\";s:6:\"normal\";}s:4:\"foop\";b:1;s:4:\"tesh\";b:1;s:4:\"mawi\";b:1;s:4:\"bosh\";b:1;s:3:\"pos\";b:1;s:4:\"anim\";b:1;}s:45:\"et_pb_column_61470a52d1c01da65c8eda69e71a300d\";a:3:{s:4:\"bosh\";b:1;s:3:\"pos\";b:1;s:4:\"anim\";b:1;}s:43:\"et_pb_text_44809c70b99abfae5616162a84587174\";a:9:{s:4:\"glde\";a:10:{s:14:\"text_font_size\";s:2:\"14\";s:19:\"text_letter_spacing\";s:3:\"0px\";s:16:\"text_line_height\";s:5:\"1.7em\";s:16:\"header_font_size\";s:4:\"30px\";s:21:\"header_letter_spacing\";s:3:\"0px\";s:18:\"header_line_height\";s:3:\"1em\";s:15:\"background_size\";s:5:\"cover\";s:19:\"background_position\";s:6:\"center\";s:17:\"background_repeat\";s:9:\"no-repeat\";s:16:\"background_blend\";s:6:\"normal\";}s:4:\"foop\";b:1;s:4:\"tesh\";b:1;s:4:\"cuma\";b:1;s:4:\"mawi\";b:1;s:4:\"bosh\";b:1;s:3:\"pos\";b:1;s:5:\"mapac\";b:1;s:4:\"anim\";b:1;}s:43:\"et_pb_menu_297b684d24550aa8b2571341edaf9e90\";a:7:{s:4:\"glde\";a:4:{s:15:\"background_size\";s:5:\"cover\";s:19:\"background_position\";s:6:\"center\";s:17:\"background_repeat\";s:9:\"no-repeat\";s:16:\"background_blend\";s:6:\"normal\";}s:4:\"foop\";b:1;s:4:\"tesh\";b:1;s:4:\"mawi\";b:1;s:4:\"bosh\";b:1;s:3:\"pos\";b:1;s:4:\"anim\";b:1;}s:43:\"et_pb_code_de2fa3e840d2bede7feae3cb2cbe00a6\";a:4:{s:4:\"mawi\";b:1;s:4:\"bosh\";b:1;s:3:\"pos\";b:1;s:4:\"anim\";b:1;}s:45:\"et_pb_column_e2708011566793ec19ae40db4b27b312\";a:3:{s:4:\"bosh\";b:1;s:3:\"pos\";b:1;s:4:\"anim\";b:1;}s:43:\"et_pb_text_32d4add8287168f7a7da67ca55597756\";a:9:{s:4:\"glde\";a:10:{s:14:\"text_font_size\";s:2:\"14\";s:19:\"text_letter_spacing\";s:3:\"0px\";s:16:\"text_line_height\";s:5:\"1.7em\";s:16:\"header_font_size\";s:4:\"30px\";s:21:\"header_letter_spacing\";s:3:\"0px\";s:18:\"header_line_height\";s:3:\"1em\";s:15:\"background_size\";s:5:\"cover\";s:19:\"background_position\";s:6:\"center\";s:17:\"background_repeat\";s:9:\"no-repeat\";s:16:\"background_blend\";s:6:\"normal\";}s:4:\"foop\";b:1;s:4:\"tesh\";b:1;s:4:\"cuma\";b:1;s:4:\"mawi\";b:1;s:4:\"bosh\";b:1;s:3:\"pos\";b:1;s:5:\"mapac\";b:1;s:4:\"anim\";b:1;}s:43:\"et_pb_menu_94f3665884d8aa31151e380083e94578\";a:7:{s:4:\"glde\";a:4:{s:15:\"background_size\";s:5:\"cover\";s:19:\"background_position\";s:6:\"center\";s:17:\"background_repeat\";s:9:\"no-repeat\";s:16:\"background_blend\";s:6:\"normal\";}s:4:\"foop\";b:1;s:4:\"tesh\";b:1;s:4:\"mawi\";b:1;s:4:\"bosh\";b:1;s:3:\"pos\";b:1;s:4:\"anim\";b:1;}s:42:\"et_pb_row_0f8322e628e82528f04ddcc5d0d4e92d\";a:5:{s:4:\"cuma\";b:1;s:4:\"mawi\";b:1;s:4:\"bosh\";b:1;s:5:\"mapac\";b:1;s:4:\"anim\";b:1;}s:43:\"et_pb_menu_561f4b31a77b791752927479423dde05\";a:7:{s:4:\"glde\";a:4:{s:15:\"background_size\";s:5:\"cover\";s:19:\"background_position\";s:6:\"center\";s:17:\"background_repeat\";s:9:\"no-repeat\";s:16:\"background_blend\";s:6:\"normal\";}s:4:\"foop\";b:1;s:4:\"tesh\";b:1;s:4:\"mawi\";b:1;s:4:\"bosh\";b:1;s:3:\"pos\";b:1;s:4:\"anim\";b:1;}}}"]},"yoast_head":"<!-- This site is optimized with the Yoast SEO plugin v22.6 - https:\/\/yoast.com\/wordpress\/plugins\/seo\/ -->\n<title>Prima Giornata Internazionale di Commemorazione delle Vittime di Genocidio: NPSG e il Partito Radicale chiedono un impegno pi\u00f9 forte per combattere l\u2019impunit\u00e0 - NPWJ<\/title>\n<meta name=\"robots\" content=\"index, follow, max-snippet:-1, max-image-preview:large, max-video-preview:-1\" \/>\n<link rel=\"canonical\" href=\"https:\/\/www.npwj.org\/press-release\/first-international-day-in-commemoration-of-victims-of-genocide-npwj-and-nrptt-call-for-stronger-commitment-to-the-fight-against-impunity\/\" \/>\n<meta property=\"og:locale\" content=\"it_IT\" \/>\n<meta property=\"og:type\" content=\"article\" \/>\n<meta property=\"og:title\" content=\"Prima Giornata Internazionale di Commemorazione delle Vittime di Genocidio: NPSG e il Partito Radicale chiedono un impegno pi\u00f9 forte per combattere l\u2019impunit\u00e0 - NPWJ\" \/>\n<meta property=\"og:description\" content=\"Bruxelles &#8211; Roma, 9 dicembre 2015 La Giornata Internazionale di Commemorazione e Dignit\u00e0 delle Vittime del Crimine di Genocidio e di Prevenzione di questo crimine \u00e8 stata osservata per la [&hellip;]\" \/>\n<meta property=\"og:url\" content=\"https:\/\/www.npwj.org\/press-release\/first-international-day-in-commemoration-of-victims-of-genocide-npwj-and-nrptt-call-for-stronger-commitment-to-the-fight-against-impunity\/\" \/>\n<meta property=\"og:site_name\" content=\"NPWJ\" \/>\n<meta property=\"article:publisher\" content=\"https:\/\/www.facebook.com\/npwj.org\/\" \/>\n<meta property=\"article:published_time\" content=\"2015-12-09T08:56:27+00:00\" \/>\n<meta property=\"article:modified_time\" content=\"2023-12-20T09:02:09+00:00\" \/>\n<meta property=\"og:image\" content=\"https:\/\/www.npwj.org\/wp-content\/uploads\/2023\/12\/9-December-2015.jpg\" \/>\n\t<meta property=\"og:image:width\" content=\"565\" \/>\n\t<meta property=\"og:image:height\" content=\"460\" \/>\n\t<meta property=\"og:image:type\" content=\"image\/jpeg\" \/>\n<meta name=\"author\" content=\"Nicola Giovannini\" \/>\n<meta name=\"twitter:card\" content=\"summary_large_image\" \/>\n<meta name=\"twitter:creator\" content=\"@npwjpress\" \/>\n<meta name=\"twitter:site\" content=\"@npwjpress\" \/>\n<script type=\"application\/ld+json\" class=\"yoast-schema-graph\">{\"@context\":\"https:\/\/schema.org\",\"@graph\":[{\"@type\":\"Article\",\"@id\":\"https:\/\/www.npwj.org\/press-release\/first-international-day-in-commemoration-of-victims-of-genocide-npwj-and-nrptt-call-for-stronger-commitment-to-the-fight-against-impunity\/#article\",\"isPartOf\":{\"@id\":\"https:\/\/www.npwj.org\/press-release\/first-international-day-in-commemoration-of-victims-of-genocide-npwj-and-nrptt-call-for-stronger-commitment-to-the-fight-against-impunity\/\"},\"author\":{\"name\":\"Nicola Giovannini\",\"@id\":\"https:\/\/www.npwj.org\/#\/schema\/person\/f2f768422b0c9addf4a8c4ec84b7aa94\"},\"headline\":\"Prima Giornata Internazionale di Commemorazione delle Vittime di Genocidio: NPSG e il Partito Radicale chiedono un impegno pi\u00f9 forte per combattere l\u2019impunit\u00e0\",\"datePublished\":\"2015-12-09T08:56:27+00:00\",\"dateModified\":\"2023-12-20T09:02:09+00:00\",\"mainEntityOfPage\":{\"@id\":\"https:\/\/www.npwj.org\/press-release\/first-international-day-in-commemoration-of-victims-of-genocide-npwj-and-nrptt-call-for-stronger-commitment-to-the-fight-against-impunity\/\"},\"wordCount\":619,\"publisher\":{\"@id\":\"https:\/\/www.npwj.org\/#organization\"},\"image\":{\"@id\":\"https:\/\/www.npwj.org\/press-release\/first-international-day-in-commemoration-of-victims-of-genocide-npwj-and-nrptt-call-for-stronger-commitment-to-the-fight-against-impunity\/#primaryimage\"},\"thumbnailUrl\":\"https:\/\/www.npwj.org\/wp-content\/uploads\/2023\/12\/9-December-2015.jpg\",\"keywords\":[\"Genocidio\",\"Giustizia Penale Internazionale\",\"impunit\u00e0\",\"violazioni dei diritti umani\",\"Vittime\"],\"articleSection\":[\"Comunicati Stampa\"],\"inLanguage\":\"it-IT\"},{\"@type\":\"WebPage\",\"@id\":\"https:\/\/www.npwj.org\/press-release\/first-international-day-in-commemoration-of-victims-of-genocide-npwj-and-nrptt-call-for-stronger-commitment-to-the-fight-against-impunity\/\",\"url\":\"https:\/\/www.npwj.org\/press-release\/first-international-day-in-commemoration-of-victims-of-genocide-npwj-and-nrptt-call-for-stronger-commitment-to-the-fight-against-impunity\/\",\"name\":\"Prima Giornata Internazionale di Commemorazione delle Vittime di Genocidio: NPSG e il Partito Radicale chiedono un impegno pi\u00f9 forte per combattere l\u2019impunit\u00e0 - NPWJ\",\"isPartOf\":{\"@id\":\"https:\/\/www.npwj.org\/#website\"},\"primaryImageOfPage\":{\"@id\":\"https:\/\/www.npwj.org\/press-release\/first-international-day-in-commemoration-of-victims-of-genocide-npwj-and-nrptt-call-for-stronger-commitment-to-the-fight-against-impunity\/#primaryimage\"},\"image\":{\"@id\":\"https:\/\/www.npwj.org\/press-release\/first-international-day-in-commemoration-of-victims-of-genocide-npwj-and-nrptt-call-for-stronger-commitment-to-the-fight-against-impunity\/#primaryimage\"},\"thumbnailUrl\":\"https:\/\/www.npwj.org\/wp-content\/uploads\/2023\/12\/9-December-2015.jpg\",\"datePublished\":\"2015-12-09T08:56:27+00:00\",\"dateModified\":\"2023-12-20T09:02:09+00:00\",\"breadcrumb\":{\"@id\":\"https:\/\/www.npwj.org\/press-release\/first-international-day-in-commemoration-of-victims-of-genocide-npwj-and-nrptt-call-for-stronger-commitment-to-the-fight-against-impunity\/#breadcrumb\"},\"inLanguage\":\"it-IT\",\"potentialAction\":[{\"@type\":\"ReadAction\",\"target\":[\"https:\/\/www.npwj.org\/press-release\/first-international-day-in-commemoration-of-victims-of-genocide-npwj-and-nrptt-call-for-stronger-commitment-to-the-fight-against-impunity\/\"]}]},{\"@type\":\"ImageObject\",\"inLanguage\":\"it-IT\",\"@id\":\"https:\/\/www.npwj.org\/press-release\/first-international-day-in-commemoration-of-victims-of-genocide-npwj-and-nrptt-call-for-stronger-commitment-to-the-fight-against-impunity\/#primaryimage\",\"url\":\"https:\/\/www.npwj.org\/wp-content\/uploads\/2023\/12\/9-December-2015.jpg\",\"contentUrl\":\"https:\/\/www.npwj.org\/wp-content\/uploads\/2023\/12\/9-December-2015.jpg\",\"width\":565,\"height\":460},{\"@type\":\"BreadcrumbList\",\"@id\":\"https:\/\/www.npwj.org\/press-release\/first-international-day-in-commemoration-of-victims-of-genocide-npwj-and-nrptt-call-for-stronger-commitment-to-the-fight-against-impunity\/#breadcrumb\",\"itemListElement\":[{\"@type\":\"ListItem\",\"position\":1,\"name\":\"Home\",\"item\":\"https:\/\/www.npwj.org\/\"},{\"@type\":\"ListItem\",\"position\":2,\"name\":\"Prima Giornata Internazionale di Commemorazione delle Vittime di Genocidio: NPSG e il Partito Radicale chiedono un impegno pi\u00f9 forte per combattere l\u2019impunit\u00e0\"}]},{\"@type\":\"WebSite\",\"@id\":\"https:\/\/www.npwj.org\/#website\",\"url\":\"https:\/\/www.npwj.org\/\",\"name\":\"NPWJ\",\"description\":\"No Peace Without Justice\",\"publisher\":{\"@id\":\"https:\/\/www.npwj.org\/#organization\"},\"alternateName\":\"NPWJ\",\"potentialAction\":[{\"@type\":\"SearchAction\",\"target\":{\"@type\":\"EntryPoint\",\"urlTemplate\":\"https:\/\/www.npwj.org\/?s={search_term_string}\"},\"query-input\":\"required name=search_term_string\"}],\"inLanguage\":\"it-IT\"},{\"@type\":\"Organization\",\"@id\":\"https:\/\/www.npwj.org\/#organization\",\"name\":\"No Peace Without Justice\",\"alternateName\":\"NPWJ\",\"url\":\"https:\/\/www.npwj.org\/\",\"logo\":{\"@type\":\"ImageObject\",\"inLanguage\":\"it-IT\",\"@id\":\"https:\/\/www.npwj.org\/#\/schema\/logo\/image\/\",\"url\":\"https:\/\/www.npwj.org\/wp-content\/uploads\/2024\/05\/logo-npwj-npsg.png\",\"contentUrl\":\"https:\/\/www.npwj.org\/wp-content\/uploads\/2024\/05\/logo-npwj-npsg.png\",\"width\":1080,\"height\":1080,\"caption\":\"No Peace Without Justice\"},\"image\":{\"@id\":\"https:\/\/www.npwj.org\/#\/schema\/logo\/image\/\"},\"sameAs\":[\"https:\/\/www.facebook.com\/npwj.org\/\",\"https:\/\/x.com\/npwjpress\",\"https:\/\/www.instagram.com\/npwj_\/\"]},{\"@type\":\"Person\",\"@id\":\"https:\/\/www.npwj.org\/#\/schema\/person\/f2f768422b0c9addf4a8c4ec84b7aa94\",\"name\":\"Nicola Giovannini\",\"image\":{\"@type\":\"ImageObject\",\"inLanguage\":\"it-IT\",\"@id\":\"https:\/\/www.npwj.org\/#\/schema\/person\/image\/\",\"url\":\"https:\/\/secure.gravatar.com\/avatar\/cb002112d40d3271f2451ef47aa03589?s=96&d=mm&r=g\",\"contentUrl\":\"https:\/\/secure.gravatar.com\/avatar\/cb002112d40d3271f2451ef47aa03589?s=96&d=mm&r=g\",\"caption\":\"Nicola Giovannini\"}}]}<\/script>\n<!-- \/ Yoast SEO plugin. -->","yoast_head_json":{"title":"Prima Giornata Internazionale di Commemorazione delle Vittime di Genocidio: NPSG e il Partito Radicale chiedono un impegno pi\u00f9 forte per combattere l\u2019impunit\u00e0 - NPWJ","robots":{"index":"index","follow":"follow","max-snippet":"max-snippet:-1","max-image-preview":"max-image-preview:large","max-video-preview":"max-video-preview:-1"},"canonical":"https:\/\/www.npwj.org\/press-release\/first-international-day-in-commemoration-of-victims-of-genocide-npwj-and-nrptt-call-for-stronger-commitment-to-the-fight-against-impunity\/","og_locale":"it_IT","og_type":"article","og_title":"Prima Giornata Internazionale di Commemorazione delle Vittime di Genocidio: NPSG e il Partito Radicale chiedono un impegno pi\u00f9 forte per combattere l\u2019impunit\u00e0 - NPWJ","og_description":"Bruxelles &#8211; Roma, 9 dicembre 2015 La Giornata Internazionale di Commemorazione e Dignit\u00e0 delle Vittime del Crimine di Genocidio e di Prevenzione di questo crimine \u00e8 stata osservata per la [&hellip;]","og_url":"https:\/\/www.npwj.org\/press-release\/first-international-day-in-commemoration-of-victims-of-genocide-npwj-and-nrptt-call-for-stronger-commitment-to-the-fight-against-impunity\/","og_site_name":"NPWJ","article_publisher":"https:\/\/www.facebook.com\/npwj.org\/","article_published_time":"2015-12-09T08:56:27+00:00","article_modified_time":"2023-12-20T09:02:09+00:00","og_image":[{"width":565,"height":460,"url":"https:\/\/www.npwj.org\/wp-content\/uploads\/2023\/12\/9-December-2015.jpg","type":"image\/jpeg"}],"author":"Nicola Giovannini","twitter_card":"summary_large_image","twitter_creator":"@npwjpress","twitter_site":"@npwjpress","schema":{"@context":"https:\/\/schema.org","@graph":[{"@type":"Article","@id":"https:\/\/www.npwj.org\/press-release\/first-international-day-in-commemoration-of-victims-of-genocide-npwj-and-nrptt-call-for-stronger-commitment-to-the-fight-against-impunity\/#article","isPartOf":{"@id":"https:\/\/www.npwj.org\/press-release\/first-international-day-in-commemoration-of-victims-of-genocide-npwj-and-nrptt-call-for-stronger-commitment-to-the-fight-against-impunity\/"},"author":{"name":"Nicola Giovannini","@id":"https:\/\/www.npwj.org\/#\/schema\/person\/f2f768422b0c9addf4a8c4ec84b7aa94"},"headline":"Prima Giornata Internazionale di Commemorazione delle Vittime di Genocidio: NPSG e il Partito Radicale chiedono un impegno pi\u00f9 forte per combattere l\u2019impunit\u00e0","datePublished":"2015-12-09T08:56:27+00:00","dateModified":"2023-12-20T09:02:09+00:00","mainEntityOfPage":{"@id":"https:\/\/www.npwj.org\/press-release\/first-international-day-in-commemoration-of-victims-of-genocide-npwj-and-nrptt-call-for-stronger-commitment-to-the-fight-against-impunity\/"},"wordCount":619,"publisher":{"@id":"https:\/\/www.npwj.org\/#organization"},"image":{"@id":"https:\/\/www.npwj.org\/press-release\/first-international-day-in-commemoration-of-victims-of-genocide-npwj-and-nrptt-call-for-stronger-commitment-to-the-fight-against-impunity\/#primaryimage"},"thumbnailUrl":"https:\/\/www.npwj.org\/wp-content\/uploads\/2023\/12\/9-December-2015.jpg","keywords":["Genocidio","Giustizia Penale Internazionale","impunit\u00e0","violazioni dei diritti umani","Vittime"],"articleSection":["Comunicati Stampa"],"inLanguage":"it-IT"},{"@type":"WebPage","@id":"https:\/\/www.npwj.org\/press-release\/first-international-day-in-commemoration-of-victims-of-genocide-npwj-and-nrptt-call-for-stronger-commitment-to-the-fight-against-impunity\/","url":"https:\/\/www.npwj.org\/press-release\/first-international-day-in-commemoration-of-victims-of-genocide-npwj-and-nrptt-call-for-stronger-commitment-to-the-fight-against-impunity\/","name":"Prima Giornata Internazionale di Commemorazione delle Vittime di Genocidio: NPSG e il Partito Radicale chiedono un impegno pi\u00f9 forte per combattere l\u2019impunit\u00e0 - NPWJ","isPartOf":{"@id":"https:\/\/www.npwj.org\/#website"},"primaryImageOfPage":{"@id":"https:\/\/www.npwj.org\/press-release\/first-international-day-in-commemoration-of-victims-of-genocide-npwj-and-nrptt-call-for-stronger-commitment-to-the-fight-against-impunity\/#primaryimage"},"image":{"@id":"https:\/\/www.npwj.org\/press-release\/first-international-day-in-commemoration-of-victims-of-genocide-npwj-and-nrptt-call-for-stronger-commitment-to-the-fight-against-impunity\/#primaryimage"},"thumbnailUrl":"https:\/\/www.npwj.org\/wp-content\/uploads\/2023\/12\/9-December-2015.jpg","datePublished":"2015-12-09T08:56:27+00:00","dateModified":"2023-12-20T09:02:09+00:00","breadcrumb":{"@id":"https:\/\/www.npwj.org\/press-release\/first-international-day-in-commemoration-of-victims-of-genocide-npwj-and-nrptt-call-for-stronger-commitment-to-the-fight-against-impunity\/#breadcrumb"},"inLanguage":"it-IT","potentialAction":[{"@type":"ReadAction","target":["https:\/\/www.npwj.org\/press-release\/first-international-day-in-commemoration-of-victims-of-genocide-npwj-and-nrptt-call-for-stronger-commitment-to-the-fight-against-impunity\/"]}]},{"@type":"ImageObject","inLanguage":"it-IT","@id":"https:\/\/www.npwj.org\/press-release\/first-international-day-in-commemoration-of-victims-of-genocide-npwj-and-nrptt-call-for-stronger-commitment-to-the-fight-against-impunity\/#primaryimage","url":"https:\/\/www.npwj.org\/wp-content\/uploads\/2023\/12\/9-December-2015.jpg","contentUrl":"https:\/\/www.npwj.org\/wp-content\/uploads\/2023\/12\/9-December-2015.jpg","width":565,"height":460},{"@type":"BreadcrumbList","@id":"https:\/\/www.npwj.org\/press-release\/first-international-day-in-commemoration-of-victims-of-genocide-npwj-and-nrptt-call-for-stronger-commitment-to-the-fight-against-impunity\/#breadcrumb","itemListElement":[{"@type":"ListItem","position":1,"name":"Home","item":"https:\/\/www.npwj.org\/"},{"@type":"ListItem","position":2,"name":"Prima Giornata Internazionale di Commemorazione delle Vittime di Genocidio: NPSG e il Partito Radicale chiedono un impegno pi\u00f9 forte per combattere l\u2019impunit\u00e0"}]},{"@type":"WebSite","@id":"https:\/\/www.npwj.org\/#website","url":"https:\/\/www.npwj.org\/","name":"NPWJ","description":"No Peace Without Justice","publisher":{"@id":"https:\/\/www.npwj.org\/#organization"},"alternateName":"NPWJ","potentialAction":[{"@type":"SearchAction","target":{"@type":"EntryPoint","urlTemplate":"https:\/\/www.npwj.org\/?s={search_term_string}"},"query-input":"required name=search_term_string"}],"inLanguage":"it-IT"},{"@type":"Organization","@id":"https:\/\/www.npwj.org\/#organization","name":"No Peace Without Justice","alternateName":"NPWJ","url":"https:\/\/www.npwj.org\/","logo":{"@type":"ImageObject","inLanguage":"it-IT","@id":"https:\/\/www.npwj.org\/#\/schema\/logo\/image\/","url":"https:\/\/www.npwj.org\/wp-content\/uploads\/2024\/05\/logo-npwj-npsg.png","contentUrl":"https:\/\/www.npwj.org\/wp-content\/uploads\/2024\/05\/logo-npwj-npsg.png","width":1080,"height":1080,"caption":"No Peace Without Justice"},"image":{"@id":"https:\/\/www.npwj.org\/#\/schema\/logo\/image\/"},"sameAs":["https:\/\/www.facebook.com\/npwj.org\/","https:\/\/x.com\/npwjpress","https:\/\/www.instagram.com\/npwj_\/"]},{"@type":"Person","@id":"https:\/\/www.npwj.org\/#\/schema\/person\/f2f768422b0c9addf4a8c4ec84b7aa94","name":"Nicola Giovannini","image":{"@type":"ImageObject","inLanguage":"it-IT","@id":"https:\/\/www.npwj.org\/#\/schema\/person\/image\/","url":"https:\/\/secure.gravatar.com\/avatar\/cb002112d40d3271f2451ef47aa03589?s=96&d=mm&r=g","contentUrl":"https:\/\/secure.gravatar.com\/avatar\/cb002112d40d3271f2451ef47aa03589?s=96&d=mm&r=g","caption":"Nicola Giovannini"}}]}},"_links":{"self":[{"href":"https:\/\/www.npwj.org\/it\/wp-json\/wp\/v2\/posts\/252863"}],"collection":[{"href":"https:\/\/www.npwj.org\/it\/wp-json\/wp\/v2\/posts"}],"about":[{"href":"https:\/\/www.npwj.org\/it\/wp-json\/wp\/v2\/types\/post"}],"author":[{"embeddable":true,"href":"https:\/\/www.npwj.org\/it\/wp-json\/wp\/v2\/users\/9"}],"replies":[{"embeddable":true,"href":"https:\/\/www.npwj.org\/it\/wp-json\/wp\/v2\/comments?post=252863"}],"version-history":[{"count":1,"href":"https:\/\/www.npwj.org\/it\/wp-json\/wp\/v2\/posts\/252863\/revisions"}],"predecessor-version":[{"id":252864,"href":"https:\/\/www.npwj.org\/it\/wp-json\/wp\/v2\/posts\/252863\/revisions\/252864"}],"wp:featuredmedia":[{"embeddable":true,"href":"https:\/\/www.npwj.org\/it\/wp-json\/wp\/v2\/media\/252861"}],"wp:attachment":[{"href":"https:\/\/www.npwj.org\/it\/wp-json\/wp\/v2\/media?parent=252863"}],"wp:term":[{"taxonomy":"category","embeddable":true,"href":"https:\/\/www.npwj.org\/it\/wp-json\/wp\/v2\/categories?post=252863"},{"taxonomy":"post_tag","embeddable":true,"href":"https:\/\/www.npwj.org\/it\/wp-json\/wp\/v2\/tags?post=252863"}],"curies":[{"name":"wp","href":"https:\/\/api.w.org\/{rel}","templated":true}]}}