{"id":253190,"date":"2016-07-11T11:07:08","date_gmt":"2016-07-11T09:07:08","guid":{"rendered":"https:\/\/www.npwj.org\/?p=253190"},"modified":"2024-01-05T11:39:12","modified_gmt":"2024-01-05T10:39:12","slug":"bahrein-26-ong-chiedono-il-rilascio-immediato-e-incondizionato-dellattivista-e-difensore-dei-diritti-umani-bahreinita-nabeel-rajab-prima-del-suo-processo-di-domani","status":"publish","type":"post","link":"https:\/\/www.npwj.org\/it\/comunicati-stampa\/bahrein-26-ong-chiedono-il-rilascio-immediato-e-incondizionato-dellattivista-e-difensore-dei-diritti-umani-bahreinita-nabeel-rajab-prima-del-suo-processo-di-domani\/","title":{"rendered":"Bahrein: 26 Ong chiedono il rilascio immediato e incondizionato dell\u2019attivista e difensore dei diritti umani Bahreinita Nabeel Rajab, prima del suo processo di domani"},"content":{"rendered":"<h1><span style=\"color: #666666; font-size: 14px;\">11 Luglio 2016<\/span><\/h1>\n<div id=\"node-12607\" class=\"node node node-mine clearfix node-type-news\">\n<div class=\"node-inner\">\n<div class=\"content\">\n<p>Domani 12 luglio 2016, inizier\u00e0 il processo contro il difensore dei diritti umani\u00a0<strong>Nabeel Raja<\/strong>b. Per dei commenti postati sul social network Twitter, Rajab potr\u00e0 essere condannato a pi\u00f9 di dieci anni di prigione. Noi, le Ong firmatarie, riteniamo il governo del Bahrein responsabile per il deterioramento della salute di Rajab a causa delle condizioni di detenzione. Chiediamo alle autorit\u00e0 del Bahrein di rilasciare immediatamente e senza condizioni Rajab, e far cadere tutte le accuse contro di lui.<\/p>\n<p>Rajab \u00e8 un attivista e difensore dei diritti umani in Bahrein, ben noto nella regione &#8211; e in tutto il mondo &#8211; per la sua difesa dei diritti umani, ed i suoi sforzi verso una maggiore libert\u00e0 per tutti. Come risultato del suo lavoro \u00e8 stato pi\u00f9 volte incarcerato. E &#8216;Presidente del Centro del Bahrain per i diritti umani (BCHR), direttore e fondatore del Centro Regionale del Golfo per i diritti umani (GChr), vice segretario generale della Federazione Internazionale per i Diritti Umani (FIDH) ed \u00e8 anche membro del Comitato Consultivo della Divisione Medio Oriente di Human Rights.<\/p>\n<p>Il 13 giugno 2016, nelle prime ore del mattino, Rajab \u00e8 stato arrestato senza alcun motivo dichiarato. Egli non \u00e8 stato informato delle sue accuse fino al giorno seguente, quando \u00e8 stato portato davanti al pubblico ministero e ufficialmente accusato di &#8220;diffusione di notizie false e voci circa la situazione interna nel tentativo di screditare Bahrain.&#8221; E &#8216;stato poi rimandato a sette giorni di custodia in attesa di indagini. Questa accusa \u00e8 stata la risposta del regime al delle dichiarazioni che Rajab ha rilasciato durante interviste televisive nel 2015 e 2016.<\/p>\n<p>Il 28 giugno 2016, Rajab \u00e8 stato trasferito nell\u2019 Unit\u00e0 Coronarica del Bahrain Defense Hospital per un battito cardiaco irregolare. La sua famiglia \u00e8 stata informata che egli \u00e8 anche affetto da pressione alta, una condizione per la quale \u00e8 stato trattato due anni fa. Nonostante la sua condizione di debolezza, \u00e8 stato frettolosamente trasportato dalla unit\u00e0 coronarica di nuovo in carcere il giorno seguente.<\/p>\n<p>Dal momento dell&#8217;arresto, Rajab \u00e8 stato detenuto in condizioni disumane ed in isolamento. La sua cella \u00e8 sudicia, il bagno e la doccia sono sporchi e antigienici, e \u00a0vi \u00e8 poca o nessuna acqua pulita in bagno. Queste condizioni sono state dannose per la salute di Rajab; ha perso otto chili in sole due settimane. Le analisi del sangue hanno dimostrato di aver contratto una infezione delle vie urinarie e una bassa mononucleosi, ed \u00e8 in attesa dei risultati di controlli supplementari. Rajab ha anche bisogno di un intervento chirurgico per il trattamento di calcoli biliari e della cistifellea allargata. Egli \u00e8 anche affetto da un ingrossamento della prostata e ha bisogno di essere visto da un ematologo. I suoi interventi non saranno programmati prima di agosto.<\/p>\n<p>Il 26 giugno 2016, le autorit\u00e0 hanno notificato a Rajab che la sua prima udienza per un altro caso sarebbe per il 12 luglio 2016. Questo, \u00e8 legato ad altri tweet e retweet\u00a0 inviati nel 2015 riguardanti il carcere di Jau e la guerra in Yemen. Se dichiarato colpevole potrebbe dover scontare fino a 13 anni di carcere, nel frattempo, le autorit\u00e0 hanno ordinato che Rajab rimanga in detenzione fino all\u2019inizio dell\u2019udienza.<\/p>\n<p>Ricordiamo al governo del Bahrein del suo obbligo di preservare il diritto alla libera espressione ai sensi dell&#8217;articolo 19 del Patto internazionale sui diritti civili e politici, a cui il Barhain ha aderito nel 2006. Chiediamo azioni da intraprendere per garantire e tutelare la salute del difensore dei diritti umani Nabeel Rajab da ulteriori deterioramenti. Ribadiamo la necessit\u00e0 da parte di funzionari delle Nazioni Unite, e altri membri della comunit\u00e0 internazionale, \u00a0di chiedere il rilascio immediato di Rajab.<\/p>\n<p>Firmatari:<\/p>\n<ul>\n<li>Bahrain Center for Human Rights (BCHR)<\/li>\n<li>Americans for Democracy &amp; Human Rights in Bahrain (ADHRB)<\/li>\n<li>Amnesty Denmark<\/li>\n<li>Bahrain Institute for Rights and Democracy (BIRD)<\/li>\n<li>Bahrain Interfaith<\/li>\n<li>Cairo Institute for Human Rights Studies (CIHRS)<\/li>\n<li>Canadian Journalists for Free Expression (CJFE)<\/li>\n<li>CIVICUS<\/li>\n<li>Danish Institute Against Torture<\/li>\n<li>European Bahraini Organisation for Human Rights (EBOHR)<\/li>\n<li>European Center for Democracy and Human Rights (ECDHR)<\/li>\n<li>FIDH, within the framework of the Observatory for the Protection of Human Rights Defenders<\/li>\n<li>Frontline Defenders<\/li>\n<li>Gulf Center for Human Rights (GCHR)<\/li>\n<li>Human Rights First<\/li>\n<li>Human Rights Sentinel<\/li>\n<li>IFEX<\/li>\n<li>Index on Censorship<\/li>\n<li>International Partnership for Human Rights (IPHR)<\/li>\n<li>Justice for Human Rights (JHRO)<\/li>\n<li>No Peace Without Justice<\/li>\n<li>Physicians for Human Rights (PHR)<\/li>\n<li>Project on Middle East Democracy (POMED)<\/li>\n<li>REPORTERS SANS FRONTI\u00c8RES (RSF)<\/li>\n<li>Salam for Democracy and Human Rights<\/li>\n<li>World Organisation Against Torture (OMCT), within the framework of the Observatory for the Protection of Human Rights Defenders<\/li>\n<\/ul>\n<p><strong>Per maggiori informazioni<\/strong>\u00a0su Nabeel Rajab, visitate\u00a0<a href=\"http:\/\/bahrainrights.org\/en\/nabeel-rajab-background-information-previous-harassment\" target=\"_blank\" rel=\"noopener\">questa pagina<\/a>\u00a0e per ulteriori sviluppi riguardanti il caso di Rajab visitate\u00a0<a href=\"http:\/\/bahrainrights.org\/en\/updates-arrest-and-detention-bchrs-president-nabeel-rajab\" target=\"_blank\" rel=\"noopener\">questa pagina<\/a>\u00a0che sar\u00e0 regolarmente aggiornata con le ultime informazioni.<\/p>\n<ul>\n<li><strong>Visita la sezione speciale<\/strong>\u00a0dedicata alla\u00a0<a href=\"http:\/\/www.npwj.org\/it\/node\/5809\" target=\"_blank\" rel=\"noopener\">Campagna di NPSG in supporto dei diritti umani, della democrazia e della lotta contro l\u2019impunit\u00e0 in Bahrain<\/a><\/li>\n<\/ul>\n<\/div>\n<\/div>\n<\/div>\n","protected":false},"excerpt":{"rendered":"<p>11 Luglio 2016 Domani 12 luglio 2016, inizier\u00e0 il processo contro il difensore dei diritti umani\u00a0Nabeel Rajab. Per dei commenti postati sul social network Twitter, Rajab potr\u00e0 essere condannato a [&hellip;]<\/p>\n","protected":false},"author":9,"featured_media":253188,"comment_status":"closed","ping_status":"closed","sticky":false,"template":"","format":"standard","meta":{"_et_pb_use_builder":"","_et_pb_old_content":"","_et_gb_content_width":"","footnotes":""},"categories":[126],"tags":[1903,1893,1904,2153,1520],"cp_meta_data":{"_wpml_word_count":["{\"total\":0,\"to_translate\":{\"en\":2,\"it\":2}}"],"_edit_lock":["1704451023:20"],"_edit_last":["20"],"_wpml_media_duplicate":["1"],"_wpml_media_featured":["1"],"_et_pb_page_layout":["et_right_sidebar"],"_et_pb_side_nav":["off"],"_et_pb_post_hide_nav":["default"],"_et_pb_show_title":["on"],"_et_pb_use_builder":[""],"_et_post_bg_color":["#ffffff"],"_et_post_bg_layout":["light"],"_thumbnail_id":["253188"],"_last_translation_edit_mode":["native-editor"],"_encloseme":["1"],"eg_sources_html5_mp4":[""],"eg_sources_youtube":[""],"eg_sources_vimeo":[""],"eg_sources_wistia":[""],"eg_sources_image":[""],"eg_sources_iframe":[""],"eg_sources_soundcloud":[""],"eg_vimeo_ratio":["1"],"eg_youtube_ratio":["1"],"eg_wistia_ratio":["1"],"eg_html5_ratio":["1"],"eg_soundcloud_ratio":["1"],"eg_sources_essgrid":[""],"eg_featured_grid":[""],"eg_settings_custom_meta_skin":[""],"eg_settings_custom_meta_element":[""],"eg_settings_custom_meta_setting":[""],"eg_settings_custom_meta_style":[""],"eg_custom_meta_216":["true"],"eg_votes_count":["0"],"_et_pb_first_image":[""],"_et_pb_truncate_post":[""],"_et_pb_truncate_post_date":[""],"_et_pb_old_content":[""],"_et_builder_dynamic_assets_loading_attr_threshold":["2"],"_et_dynamic_cached_shortcodes":["a:13:{i:0;s:18:\"et_pb_column_inner\";i:1;s:18:\"et_pb_post_content\";i:2;s:13:\"et_pb_section\";i:3;s:9:\"et_pb_row\";i:4;s:12:\"et_pb_column\";i:5;s:15:\"et_pb_row_inner\";i:6;s:11:\"et_pb_blurb\";i:7;s:10:\"et_pb_code\";i:8;s:11:\"et_pb_image\";i:9;s:10:\"et_pb_menu\";i:10;s:16:\"et_pb_post_title\";i:11;s:13:\"et_pb_sidebar\";i:12;s:10:\"et_pb_text\";}"],"_et_dynamic_cached_attributes":["a:5:{s:9:\"specialty\";a:1:{i:0;s:2:\"on\";}s:17:\"use_custom_gutter\";a:1:{i:0;s:2:\"on\";}s:12:\"gutter_width\";a:1:{i:0;s:1:\"1\";}s:9:\"fullwidth\";a:1:{i:0;s:2:\"on\";}s:9:\"font_icon\";a:1:{i:0;s:19:\"&#xe010;||divi||400\";}}"],"et_enqueued_post_fonts":["a:3:{s:6:\"family\";a:1:{s:12:\"et-gf-roboto\";s:91:\"Roboto:100,100italic,300,300italic,regular,italic,500,500italic,700,700italic,900,900italic\";}s:6:\"subset\";a:2:{i:0;s:5:\"latin\";i:1;s:9:\"latin-ext\";}s:9:\"cache_key\";s:75:\"{\"gph\":-1,\"divi\":\"4.25.0\",\"wp\":\"6.5.2\",\"enable_all_character_sets\":\"false\"}\";}"],"_et_builder_module_features_cache":["a:2:{i:0;s:117:\"{\"gph\":-1,\"divi\":\"4.25.0\",\"wp\":\"6.5.2\",\"tb\":{\"255689\":\"2024-05-07 07:28:05\",\"255786\":\"2024-05-09 18:48:34\"},\"wpe\":[]}\";i:1;a:32:{s:46:\"et_pb_section_5afa4e695821d24f0e16cb528a154e44\";a:3:{s:4:\"mawi\";b:1;s:4:\"bosh\";b:1;s:4:\"anim\";b:1;}s:45:\"et_pb_column_c2f99ed31f38cee8be19b6c38f243437\";a:5:{s:4:\"cuma\";b:1;s:4:\"bosh\";b:1;s:3:\"pos\";b:1;s:5:\"mapac\";b:1;s:4:\"anim\";b:1;}s:48:\"et_pb_row_inner_de2fa3e840d2bede7feae3cb2cbe00a6\";a:3:{s:4:\"mawi\";b:1;s:4:\"bosh\";b:1;s:4:\"anim\";b:1;}s:51:\"et_pb_column_inner_3cdf90163e0e0f340994bb090ee342fc\";a:3:{s:4:\"bosh\";b:1;s:3:\"pos\";b:1;s:4:\"anim\";b:1;}s:49:\"et_pb_post_title_1b9af4722e6e4f401e6c9563d959ee66\";a:9:{s:4:\"glde\";a:11:{s:15:\"title_font_size\";s:4:\"26px\";s:20:\"title_letter_spacing\";s:3:\"0px\";s:17:\"title_line_height\";s:3:\"1em\";s:14:\"meta_font_size\";s:2:\"14\";s:19:\"meta_letter_spacing\";s:3:\"0px\";s:16:\"meta_line_height\";s:3:\"1em\";s:8:\"parallax\";s:3:\"off\";s:15:\"background_size\";s:5:\"cover\";s:19:\"background_position\";s:6:\"center\";s:17:\"background_repeat\";s:9:\"no-repeat\";s:16:\"background_blend\";s:6:\"normal\";}s:4:\"foop\";b:1;s:4:\"tesh\";b:1;s:4:\"cuma\";b:1;s:4:\"mawi\";b:1;s:4:\"bosh\";b:1;s:3:\"pos\";b:1;s:5:\"mapac\";b:1;s:4:\"anim\";b:1;}s:48:\"et_pb_row_inner_6a9d929b24109f8d1d33378557fe007c\";a:5:{s:4:\"cuma\";b:1;s:4:\"mawi\";b:1;s:4:\"bosh\";b:1;s:5:\"mapac\";b:1;s:4:\"anim\";b:1;}s:51:\"et_pb_post_content_cbaaaccb69f4acaf3b51e3f74d00e204\";a:9:{s:4:\"foop\";b:1;s:4:\"tesh\";b:1;s:3:\"bor\";b:1;s:4:\"cuma\";b:1;s:4:\"mawi\";b:1;s:4:\"bosh\";b:1;s:3:\"pos\";b:1;s:5:\"mapac\";b:1;s:4:\"anim\";b:1;}s:45:\"et_pb_column_fcdc69ff297ebe4b032eec6fe8213fc1\";a:5:{s:4:\"cuma\";b:1;s:4:\"bosh\";b:1;s:3:\"pos\";b:1;s:5:\"mapac\";b:1;s:4:\"anim\";b:1;}s:46:\"et_pb_sidebar_f0c5e7a3bf7753ffd1bda41d7ffb2e8d\";a:10:{s:4:\"glde\";a:6:{s:16:\"header_font_size\";s:2:\"18\";s:21:\"header_letter_spacing\";s:3:\"0px\";s:18:\"header_line_height\";s:3:\"1em\";s:14:\"body_font_size\";s:2:\"14\";s:19:\"body_letter_spacing\";s:3:\"0px\";s:16:\"body_line_height\";s:5:\"1.7em\";}s:4:\"foop\";b:1;s:4:\"tesh\";b:1;s:3:\"bor\";b:1;s:4:\"cuma\";b:1;s:4:\"mawi\";b:1;s:4:\"bosh\";b:1;s:3:\"pos\";b:1;s:5:\"mapac\";b:1;s:4:\"anim\";b:1;}s:46:\"et_pb_section_82ee6d19694244f4273784c3b485c394\";a:5:{s:4:\"cuma\";b:1;s:4:\"mawi\";b:1;s:4:\"bosh\";b:1;s:5:\"mapac\";b:1;s:4:\"anim\";b:1;}s:46:\"et_pb_section_406a8e8b44e6b40e00c07e27d40672ad\";a:6:{s:4:\"cuma\";b:1;s:4:\"mawi\";b:1;s:4:\"bosh\";b:1;s:3:\"pos\";b:1;s:5:\"mapac\";b:1;s:4:\"anim\";b:1;}s:42:\"et_pb_row_3ada6f3380c5b5c9398b259deb22dc56\";a:6:{s:4:\"cuma\";b:1;s:4:\"mawi\";b:1;s:4:\"bosh\";b:1;s:3:\"pos\";b:1;s:5:\"mapac\";b:1;s:4:\"anim\";b:1;}s:45:\"et_pb_column_edca411123513a4f6124a44a0d670b36\";a:5:{s:4:\"cuma\";b:1;s:4:\"bosh\";b:1;s:3:\"pos\";b:1;s:5:\"mapac\";b:1;s:4:\"anim\";b:1;}s:43:\"et_pb_text_56594042cc8b70224eaa9339857e0fb8\";a:9:{s:4:\"glde\";a:10:{s:14:\"text_font_size\";s:2:\"14\";s:19:\"text_letter_spacing\";s:3:\"0px\";s:16:\"text_line_height\";s:5:\"1.7em\";s:16:\"header_font_size\";s:4:\"30px\";s:21:\"header_letter_spacing\";s:3:\"0px\";s:18:\"header_line_height\";s:3:\"1em\";s:15:\"background_size\";s:5:\"cover\";s:19:\"background_position\";s:6:\"center\";s:17:\"background_repeat\";s:9:\"no-repeat\";s:16:\"background_blend\";s:6:\"normal\";}s:4:\"foop\";b:1;s:4:\"tesh\";b:1;s:4:\"cuma\";b:1;s:4:\"mawi\";b:1;s:4:\"bosh\";b:1;s:3:\"pos\";b:1;s:5:\"mapac\";b:1;s:4:\"anim\";b:1;}s:43:\"et_pb_text_88c2e9e8cd20311fb18cca642ff02758\";a:7:{s:4:\"glde\";a:10:{s:14:\"text_font_size\";s:2:\"14\";s:19:\"text_letter_spacing\";s:3:\"0px\";s:16:\"text_line_height\";s:5:\"1.7em\";s:16:\"header_font_size\";s:4:\"30px\";s:21:\"header_letter_spacing\";s:3:\"0px\";s:18:\"header_line_height\";s:3:\"1em\";s:15:\"background_size\";s:5:\"cover\";s:19:\"background_position\";s:6:\"center\";s:17:\"background_repeat\";s:9:\"no-repeat\";s:16:\"background_blend\";s:6:\"normal\";}s:4:\"foop\";b:1;s:4:\"tesh\";b:1;s:4:\"mawi\";b:1;s:4:\"bosh\";b:1;s:3:\"pos\";b:1;s:4:\"anim\";b:1;}s:45:\"et_pb_column_6be1189de9678b5ee5b9d0e513762aa2\";a:3:{s:4:\"bosh\";b:1;s:3:\"pos\";b:1;s:4:\"anim\";b:1;}s:44:\"et_pb_blurb_08e1f4d3ddb4eff1d9ebfdcc25f5d638\";a:10:{s:4:\"glde\";a:10:{s:16:\"header_font_size\";s:2:\"18\";s:21:\"header_letter_spacing\";s:3:\"0px\";s:18:\"header_line_height\";s:3:\"1em\";s:14:\"body_font_size\";s:2:\"14\";s:19:\"body_letter_spacing\";s:3:\"0px\";s:16:\"body_line_height\";s:5:\"1.7em\";s:15:\"background_size\";s:5:\"cover\";s:19:\"background_position\";s:6:\"center\";s:17:\"background_repeat\";s:9:\"no-repeat\";s:16:\"background_blend\";s:6:\"normal\";}s:4:\"foop\";b:1;s:4:\"tesh\";b:1;s:3:\"bor\";b:1;s:4:\"cuma\";b:1;s:4:\"mawi\";b:1;s:4:\"bosh\";b:1;s:3:\"pos\";b:1;s:5:\"mapac\";b:1;s:4:\"anim\";b:1;}s:44:\"et_pb_blurb_6620894d25e34f91757c9c8d546bf56d\";a:10:{s:4:\"glde\";a:10:{s:16:\"header_font_size\";s:2:\"18\";s:21:\"header_letter_spacing\";s:3:\"0px\";s:18:\"header_line_height\";s:3:\"1em\";s:14:\"body_font_size\";s:2:\"14\";s:19:\"body_letter_spacing\";s:3:\"0px\";s:16:\"body_line_height\";s:5:\"1.7em\";s:15:\"background_size\";s:5:\"cover\";s:19:\"background_position\";s:6:\"center\";s:17:\"background_repeat\";s:9:\"no-repeat\";s:16:\"background_blend\";s:6:\"normal\";}s:4:\"foop\";b:1;s:4:\"tesh\";b:1;s:3:\"bor\";b:1;s:4:\"cuma\";b:1;s:4:\"mawi\";b:1;s:4:\"bosh\";b:1;s:3:\"pos\";b:1;s:5:\"mapac\";b:1;s:4:\"anim\";b:1;}s:42:\"et_pb_row_1b7d45b14552d621c776706a09ce1361\";a:5:{s:4:\"cuma\";b:1;s:4:\"mawi\";b:1;s:4:\"bosh\";b:1;s:5:\"mapac\";b:1;s:4:\"anim\";b:1;}s:45:\"et_pb_column_6be4578023f3cde46a7fff6b3861c85c\";a:3:{s:4:\"bosh\";b:1;s:3:\"pos\";b:1;s:4:\"anim\";b:1;}s:44:\"et_pb_image_f4b71cd486196a93a74e6b072b773cd7\";a:4:{s:4:\"mawi\";b:1;s:4:\"bosh\";b:1;s:3:\"pos\";b:1;s:4:\"anim\";b:1;}s:43:\"et_pb_text_68a785c2177cf68bf2397748ef31114a\";a:9:{s:4:\"glde\";a:10:{s:14:\"text_font_size\";s:2:\"14\";s:19:\"text_letter_spacing\";s:3:\"0px\";s:16:\"text_line_height\";s:5:\"1.7em\";s:16:\"header_font_size\";s:4:\"30px\";s:21:\"header_letter_spacing\";s:3:\"0px\";s:18:\"header_line_height\";s:3:\"1em\";s:15:\"background_size\";s:5:\"cover\";s:19:\"background_position\";s:6:\"center\";s:17:\"background_repeat\";s:9:\"no-repeat\";s:16:\"background_blend\";s:6:\"normal\";}s:4:\"foop\";b:1;s:4:\"tesh\";b:1;s:4:\"cuma\";b:1;s:4:\"mawi\";b:1;s:4:\"bosh\";b:1;s:3:\"pos\";b:1;s:5:\"mapac\";b:1;s:4:\"anim\";b:1;}s:43:\"et_pb_text_3642f8068fd50cdad33116023389e383\";a:7:{s:4:\"glde\";a:10:{s:14:\"text_font_size\";s:2:\"14\";s:19:\"text_letter_spacing\";s:3:\"0px\";s:16:\"text_line_height\";s:5:\"1.7em\";s:16:\"header_font_size\";s:4:\"30px\";s:21:\"header_letter_spacing\";s:3:\"0px\";s:18:\"header_line_height\";s:3:\"1em\";s:15:\"background_size\";s:5:\"cover\";s:19:\"background_position\";s:6:\"center\";s:17:\"background_repeat\";s:9:\"no-repeat\";s:16:\"background_blend\";s:6:\"normal\";}s:4:\"foop\";b:1;s:4:\"tesh\";b:1;s:4:\"mawi\";b:1;s:4:\"bosh\";b:1;s:3:\"pos\";b:1;s:4:\"anim\";b:1;}s:45:\"et_pb_column_61470a52d1c01da65c8eda69e71a300d\";a:3:{s:4:\"bosh\";b:1;s:3:\"pos\";b:1;s:4:\"anim\";b:1;}s:43:\"et_pb_text_44809c70b99abfae5616162a84587174\";a:9:{s:4:\"glde\";a:10:{s:14:\"text_font_size\";s:2:\"14\";s:19:\"text_letter_spacing\";s:3:\"0px\";s:16:\"text_line_height\";s:5:\"1.7em\";s:16:\"header_font_size\";s:4:\"30px\";s:21:\"header_letter_spacing\";s:3:\"0px\";s:18:\"header_line_height\";s:3:\"1em\";s:15:\"background_size\";s:5:\"cover\";s:19:\"background_position\";s:6:\"center\";s:17:\"background_repeat\";s:9:\"no-repeat\";s:16:\"background_blend\";s:6:\"normal\";}s:4:\"foop\";b:1;s:4:\"tesh\";b:1;s:4:\"cuma\";b:1;s:4:\"mawi\";b:1;s:4:\"bosh\";b:1;s:3:\"pos\";b:1;s:5:\"mapac\";b:1;s:4:\"anim\";b:1;}s:43:\"et_pb_menu_297b684d24550aa8b2571341edaf9e90\";a:7:{s:4:\"glde\";a:4:{s:15:\"background_size\";s:5:\"cover\";s:19:\"background_position\";s:6:\"center\";s:17:\"background_repeat\";s:9:\"no-repeat\";s:16:\"background_blend\";s:6:\"normal\";}s:4:\"foop\";b:1;s:4:\"tesh\";b:1;s:4:\"mawi\";b:1;s:4:\"bosh\";b:1;s:3:\"pos\";b:1;s:4:\"anim\";b:1;}s:43:\"et_pb_code_de2fa3e840d2bede7feae3cb2cbe00a6\";a:4:{s:4:\"mawi\";b:1;s:4:\"bosh\";b:1;s:3:\"pos\";b:1;s:4:\"anim\";b:1;}s:45:\"et_pb_column_e2708011566793ec19ae40db4b27b312\";a:3:{s:4:\"bosh\";b:1;s:3:\"pos\";b:1;s:4:\"anim\";b:1;}s:43:\"et_pb_text_32d4add8287168f7a7da67ca55597756\";a:9:{s:4:\"glde\";a:10:{s:14:\"text_font_size\";s:2:\"14\";s:19:\"text_letter_spacing\";s:3:\"0px\";s:16:\"text_line_height\";s:5:\"1.7em\";s:16:\"header_font_size\";s:4:\"30px\";s:21:\"header_letter_spacing\";s:3:\"0px\";s:18:\"header_line_height\";s:3:\"1em\";s:15:\"background_size\";s:5:\"cover\";s:19:\"background_position\";s:6:\"center\";s:17:\"background_repeat\";s:9:\"no-repeat\";s:16:\"background_blend\";s:6:\"normal\";}s:4:\"foop\";b:1;s:4:\"tesh\";b:1;s:4:\"cuma\";b:1;s:4:\"mawi\";b:1;s:4:\"bosh\";b:1;s:3:\"pos\";b:1;s:5:\"mapac\";b:1;s:4:\"anim\";b:1;}s:43:\"et_pb_menu_94f3665884d8aa31151e380083e94578\";a:7:{s:4:\"glde\";a:4:{s:15:\"background_size\";s:5:\"cover\";s:19:\"background_position\";s:6:\"center\";s:17:\"background_repeat\";s:9:\"no-repeat\";s:16:\"background_blend\";s:6:\"normal\";}s:4:\"foop\";b:1;s:4:\"tesh\";b:1;s:4:\"mawi\";b:1;s:4:\"bosh\";b:1;s:3:\"pos\";b:1;s:4:\"anim\";b:1;}s:42:\"et_pb_row_0f8322e628e82528f04ddcc5d0d4e92d\";a:5:{s:4:\"cuma\";b:1;s:4:\"mawi\";b:1;s:4:\"bosh\";b:1;s:5:\"mapac\";b:1;s:4:\"anim\";b:1;}s:43:\"et_pb_menu_561f4b31a77b791752927479423dde05\";a:7:{s:4:\"glde\";a:4:{s:15:\"background_size\";s:5:\"cover\";s:19:\"background_position\";s:6:\"center\";s:17:\"background_repeat\";s:9:\"no-repeat\";s:16:\"background_blend\";s:6:\"normal\";}s:4:\"foop\";b:1;s:4:\"tesh\";b:1;s:4:\"mawi\";b:1;s:4:\"bosh\";b:1;s:3:\"pos\";b:1;s:4:\"anim\";b:1;}}}"]},"yoast_head":"<!-- This site is optimized with the Yoast SEO plugin v22.6 - https:\/\/yoast.com\/wordpress\/plugins\/seo\/ -->\n<title>Bahrein: 26 Ong chiedono il rilascio immediato e incondizionato dell\u2019attivista e difensore dei diritti umani Bahreinita Nabeel Rajab, prima del suo processo di domani - NPWJ<\/title>\n<meta name=\"robots\" content=\"index, follow, max-snippet:-1, max-image-preview:large, max-video-preview:-1\" \/>\n<link rel=\"canonical\" href=\"https:\/\/www.npwj.org\/press-release\/bahrain-26-ngos-call-for-immediate-and-unconditional-release-of-bahraini-human-rights-defender-nabeel-rajab-prior-to-his-trial-tomorrow\/\" \/>\n<meta property=\"og:locale\" content=\"it_IT\" \/>\n<meta property=\"og:type\" content=\"article\" \/>\n<meta property=\"og:title\" content=\"Bahrein: 26 Ong chiedono il rilascio immediato e incondizionato dell\u2019attivista e difensore dei diritti umani Bahreinita Nabeel Rajab, prima del suo processo di domani - NPWJ\" \/>\n<meta property=\"og:description\" content=\"11 Luglio 2016 Domani 12 luglio 2016, inizier\u00e0 il processo contro il difensore dei diritti umani\u00a0Nabeel Rajab. Per dei commenti postati sul social network Twitter, Rajab potr\u00e0 essere condannato a [&hellip;]\" \/>\n<meta property=\"og:url\" content=\"https:\/\/www.npwj.org\/press-release\/bahrain-26-ngos-call-for-immediate-and-unconditional-release-of-bahraini-human-rights-defender-nabeel-rajab-prior-to-his-trial-tomorrow\/\" \/>\n<meta property=\"og:site_name\" content=\"NPWJ\" \/>\n<meta property=\"article:publisher\" content=\"https:\/\/www.facebook.com\/npwj.org\/\" \/>\n<meta property=\"article:published_time\" content=\"2016-07-11T09:07:08+00:00\" \/>\n<meta property=\"article:modified_time\" content=\"2024-01-05T10:39:12+00:00\" \/>\n<meta property=\"og:image\" content=\"https:\/\/www.npwj.org\/wp-content\/uploads\/2024\/01\/11-july-2016.png\" \/>\n\t<meta property=\"og:image:width\" content=\"565\" \/>\n\t<meta property=\"og:image:height\" content=\"460\" \/>\n\t<meta property=\"og:image:type\" content=\"image\/png\" \/>\n<meta name=\"author\" content=\"Nicola Giovannini\" \/>\n<meta name=\"twitter:card\" content=\"summary_large_image\" \/>\n<meta name=\"twitter:creator\" content=\"@npwjpress\" \/>\n<meta name=\"twitter:site\" content=\"@npwjpress\" \/>\n<script type=\"application\/ld+json\" class=\"yoast-schema-graph\">{\"@context\":\"https:\/\/schema.org\",\"@graph\":[{\"@type\":\"Article\",\"@id\":\"https:\/\/www.npwj.org\/press-release\/bahrain-26-ngos-call-for-immediate-and-unconditional-release-of-bahraini-human-rights-defender-nabeel-rajab-prior-to-his-trial-tomorrow\/#article\",\"isPartOf\":{\"@id\":\"https:\/\/www.npwj.org\/press-release\/bahrain-26-ngos-call-for-immediate-and-unconditional-release-of-bahraini-human-rights-defender-nabeel-rajab-prior-to-his-trial-tomorrow\/\"},\"author\":{\"name\":\"Nicola Giovannini\",\"@id\":\"https:\/\/www.npwj.org\/#\/schema\/person\/f2f768422b0c9addf4a8c4ec84b7aa94\"},\"headline\":\"Bahrein: 26 Ong chiedono il rilascio immediato e incondizionato dell\u2019attivista e difensore dei diritti umani Bahreinita Nabeel Rajab, prima del suo processo di domani\",\"datePublished\":\"2016-07-11T09:07:08+00:00\",\"dateModified\":\"2024-01-05T10:39:12+00:00\",\"mainEntityOfPage\":{\"@id\":\"https:\/\/www.npwj.org\/press-release\/bahrain-26-ngos-call-for-immediate-and-unconditional-release-of-bahraini-human-rights-defender-nabeel-rajab-prior-to-his-trial-tomorrow\/\"},\"wordCount\":802,\"publisher\":{\"@id\":\"https:\/\/www.npwj.org\/#organization\"},\"image\":{\"@id\":\"https:\/\/www.npwj.org\/press-release\/bahrain-26-ngos-call-for-immediate-and-unconditional-release-of-bahraini-human-rights-defender-nabeel-rajab-prior-to-his-trial-tomorrow\/#primaryimage\"},\"thumbnailUrl\":\"https:\/\/www.npwj.org\/wp-content\/uploads\/2024\/01\/11-july-2016.png\",\"keywords\":[\"Arresto arbitrario\",\"Attivista per i diritti umani\",\"Bahrein\",\"Detenzione abusiva\",\"Libert\u00e0 di espressione\"],\"articleSection\":[\"Comunicati Stampa\"],\"inLanguage\":\"it-IT\"},{\"@type\":\"WebPage\",\"@id\":\"https:\/\/www.npwj.org\/press-release\/bahrain-26-ngos-call-for-immediate-and-unconditional-release-of-bahraini-human-rights-defender-nabeel-rajab-prior-to-his-trial-tomorrow\/\",\"url\":\"https:\/\/www.npwj.org\/press-release\/bahrain-26-ngos-call-for-immediate-and-unconditional-release-of-bahraini-human-rights-defender-nabeel-rajab-prior-to-his-trial-tomorrow\/\",\"name\":\"Bahrein: 26 Ong chiedono il rilascio immediato e incondizionato dell\u2019attivista e difensore dei diritti umani Bahreinita Nabeel Rajab, prima del suo processo di domani - NPWJ\",\"isPartOf\":{\"@id\":\"https:\/\/www.npwj.org\/#website\"},\"primaryImageOfPage\":{\"@id\":\"https:\/\/www.npwj.org\/press-release\/bahrain-26-ngos-call-for-immediate-and-unconditional-release-of-bahraini-human-rights-defender-nabeel-rajab-prior-to-his-trial-tomorrow\/#primaryimage\"},\"image\":{\"@id\":\"https:\/\/www.npwj.org\/press-release\/bahrain-26-ngos-call-for-immediate-and-unconditional-release-of-bahraini-human-rights-defender-nabeel-rajab-prior-to-his-trial-tomorrow\/#primaryimage\"},\"thumbnailUrl\":\"https:\/\/www.npwj.org\/wp-content\/uploads\/2024\/01\/11-july-2016.png\",\"datePublished\":\"2016-07-11T09:07:08+00:00\",\"dateModified\":\"2024-01-05T10:39:12+00:00\",\"breadcrumb\":{\"@id\":\"https:\/\/www.npwj.org\/press-release\/bahrain-26-ngos-call-for-immediate-and-unconditional-release-of-bahraini-human-rights-defender-nabeel-rajab-prior-to-his-trial-tomorrow\/#breadcrumb\"},\"inLanguage\":\"it-IT\",\"potentialAction\":[{\"@type\":\"ReadAction\",\"target\":[\"https:\/\/www.npwj.org\/press-release\/bahrain-26-ngos-call-for-immediate-and-unconditional-release-of-bahraini-human-rights-defender-nabeel-rajab-prior-to-his-trial-tomorrow\/\"]}]},{\"@type\":\"ImageObject\",\"inLanguage\":\"it-IT\",\"@id\":\"https:\/\/www.npwj.org\/press-release\/bahrain-26-ngos-call-for-immediate-and-unconditional-release-of-bahraini-human-rights-defender-nabeel-rajab-prior-to-his-trial-tomorrow\/#primaryimage\",\"url\":\"https:\/\/www.npwj.org\/wp-content\/uploads\/2024\/01\/11-july-2016.png\",\"contentUrl\":\"https:\/\/www.npwj.org\/wp-content\/uploads\/2024\/01\/11-july-2016.png\",\"width\":565,\"height\":460},{\"@type\":\"BreadcrumbList\",\"@id\":\"https:\/\/www.npwj.org\/press-release\/bahrain-26-ngos-call-for-immediate-and-unconditional-release-of-bahraini-human-rights-defender-nabeel-rajab-prior-to-his-trial-tomorrow\/#breadcrumb\",\"itemListElement\":[{\"@type\":\"ListItem\",\"position\":1,\"name\":\"Home\",\"item\":\"https:\/\/www.npwj.org\/\"},{\"@type\":\"ListItem\",\"position\":2,\"name\":\"Bahrein: 26 Ong chiedono il rilascio immediato e incondizionato dell\u2019attivista e difensore dei diritti umani Bahreinita Nabeel Rajab, prima del suo processo di domani\"}]},{\"@type\":\"WebSite\",\"@id\":\"https:\/\/www.npwj.org\/#website\",\"url\":\"https:\/\/www.npwj.org\/\",\"name\":\"NPWJ\",\"description\":\"No Peace Without Justice\",\"publisher\":{\"@id\":\"https:\/\/www.npwj.org\/#organization\"},\"alternateName\":\"NPWJ\",\"potentialAction\":[{\"@type\":\"SearchAction\",\"target\":{\"@type\":\"EntryPoint\",\"urlTemplate\":\"https:\/\/www.npwj.org\/?s={search_term_string}\"},\"query-input\":\"required name=search_term_string\"}],\"inLanguage\":\"it-IT\"},{\"@type\":\"Organization\",\"@id\":\"https:\/\/www.npwj.org\/#organization\",\"name\":\"No Peace Without Justice\",\"alternateName\":\"NPWJ\",\"url\":\"https:\/\/www.npwj.org\/\",\"logo\":{\"@type\":\"ImageObject\",\"inLanguage\":\"it-IT\",\"@id\":\"https:\/\/www.npwj.org\/#\/schema\/logo\/image\/\",\"url\":\"https:\/\/www.npwj.org\/wp-content\/uploads\/2024\/05\/logo-npwj-npsg.png\",\"contentUrl\":\"https:\/\/www.npwj.org\/wp-content\/uploads\/2024\/05\/logo-npwj-npsg.png\",\"width\":1080,\"height\":1080,\"caption\":\"No Peace Without Justice\"},\"image\":{\"@id\":\"https:\/\/www.npwj.org\/#\/schema\/logo\/image\/\"},\"sameAs\":[\"https:\/\/www.facebook.com\/npwj.org\/\",\"https:\/\/x.com\/npwjpress\",\"https:\/\/www.instagram.com\/npwj_\/\"]},{\"@type\":\"Person\",\"@id\":\"https:\/\/www.npwj.org\/#\/schema\/person\/f2f768422b0c9addf4a8c4ec84b7aa94\",\"name\":\"Nicola Giovannini\",\"image\":{\"@type\":\"ImageObject\",\"inLanguage\":\"it-IT\",\"@id\":\"https:\/\/www.npwj.org\/#\/schema\/person\/image\/\",\"url\":\"https:\/\/secure.gravatar.com\/avatar\/cb002112d40d3271f2451ef47aa03589?s=96&d=mm&r=g\",\"contentUrl\":\"https:\/\/secure.gravatar.com\/avatar\/cb002112d40d3271f2451ef47aa03589?s=96&d=mm&r=g\",\"caption\":\"Nicola Giovannini\"}}]}<\/script>\n<!-- \/ Yoast SEO plugin. -->","yoast_head_json":{"title":"Bahrein: 26 Ong chiedono il rilascio immediato e incondizionato dell\u2019attivista e difensore dei diritti umani Bahreinita Nabeel Rajab, prima del suo processo di domani - NPWJ","robots":{"index":"index","follow":"follow","max-snippet":"max-snippet:-1","max-image-preview":"max-image-preview:large","max-video-preview":"max-video-preview:-1"},"canonical":"https:\/\/www.npwj.org\/press-release\/bahrain-26-ngos-call-for-immediate-and-unconditional-release-of-bahraini-human-rights-defender-nabeel-rajab-prior-to-his-trial-tomorrow\/","og_locale":"it_IT","og_type":"article","og_title":"Bahrein: 26 Ong chiedono il rilascio immediato e incondizionato dell\u2019attivista e difensore dei diritti umani Bahreinita Nabeel Rajab, prima del suo processo di domani - NPWJ","og_description":"11 Luglio 2016 Domani 12 luglio 2016, inizier\u00e0 il processo contro il difensore dei diritti umani\u00a0Nabeel Rajab. Per dei commenti postati sul social network Twitter, Rajab potr\u00e0 essere condannato a [&hellip;]","og_url":"https:\/\/www.npwj.org\/press-release\/bahrain-26-ngos-call-for-immediate-and-unconditional-release-of-bahraini-human-rights-defender-nabeel-rajab-prior-to-his-trial-tomorrow\/","og_site_name":"NPWJ","article_publisher":"https:\/\/www.facebook.com\/npwj.org\/","article_published_time":"2016-07-11T09:07:08+00:00","article_modified_time":"2024-01-05T10:39:12+00:00","og_image":[{"width":565,"height":460,"url":"https:\/\/www.npwj.org\/wp-content\/uploads\/2024\/01\/11-july-2016.png","type":"image\/png"}],"author":"Nicola Giovannini","twitter_card":"summary_large_image","twitter_creator":"@npwjpress","twitter_site":"@npwjpress","schema":{"@context":"https:\/\/schema.org","@graph":[{"@type":"Article","@id":"https:\/\/www.npwj.org\/press-release\/bahrain-26-ngos-call-for-immediate-and-unconditional-release-of-bahraini-human-rights-defender-nabeel-rajab-prior-to-his-trial-tomorrow\/#article","isPartOf":{"@id":"https:\/\/www.npwj.org\/press-release\/bahrain-26-ngos-call-for-immediate-and-unconditional-release-of-bahraini-human-rights-defender-nabeel-rajab-prior-to-his-trial-tomorrow\/"},"author":{"name":"Nicola Giovannini","@id":"https:\/\/www.npwj.org\/#\/schema\/person\/f2f768422b0c9addf4a8c4ec84b7aa94"},"headline":"Bahrein: 26 Ong chiedono il rilascio immediato e incondizionato dell\u2019attivista e difensore dei diritti umani Bahreinita Nabeel Rajab, prima del suo processo di domani","datePublished":"2016-07-11T09:07:08+00:00","dateModified":"2024-01-05T10:39:12+00:00","mainEntityOfPage":{"@id":"https:\/\/www.npwj.org\/press-release\/bahrain-26-ngos-call-for-immediate-and-unconditional-release-of-bahraini-human-rights-defender-nabeel-rajab-prior-to-his-trial-tomorrow\/"},"wordCount":802,"publisher":{"@id":"https:\/\/www.npwj.org\/#organization"},"image":{"@id":"https:\/\/www.npwj.org\/press-release\/bahrain-26-ngos-call-for-immediate-and-unconditional-release-of-bahraini-human-rights-defender-nabeel-rajab-prior-to-his-trial-tomorrow\/#primaryimage"},"thumbnailUrl":"https:\/\/www.npwj.org\/wp-content\/uploads\/2024\/01\/11-july-2016.png","keywords":["Arresto arbitrario","Attivista per i diritti umani","Bahrein","Detenzione abusiva","Libert\u00e0 di espressione"],"articleSection":["Comunicati Stampa"],"inLanguage":"it-IT"},{"@type":"WebPage","@id":"https:\/\/www.npwj.org\/press-release\/bahrain-26-ngos-call-for-immediate-and-unconditional-release-of-bahraini-human-rights-defender-nabeel-rajab-prior-to-his-trial-tomorrow\/","url":"https:\/\/www.npwj.org\/press-release\/bahrain-26-ngos-call-for-immediate-and-unconditional-release-of-bahraini-human-rights-defender-nabeel-rajab-prior-to-his-trial-tomorrow\/","name":"Bahrein: 26 Ong chiedono il rilascio immediato e incondizionato dell\u2019attivista e difensore dei diritti umani Bahreinita Nabeel Rajab, prima del suo processo di domani - NPWJ","isPartOf":{"@id":"https:\/\/www.npwj.org\/#website"},"primaryImageOfPage":{"@id":"https:\/\/www.npwj.org\/press-release\/bahrain-26-ngos-call-for-immediate-and-unconditional-release-of-bahraini-human-rights-defender-nabeel-rajab-prior-to-his-trial-tomorrow\/#primaryimage"},"image":{"@id":"https:\/\/www.npwj.org\/press-release\/bahrain-26-ngos-call-for-immediate-and-unconditional-release-of-bahraini-human-rights-defender-nabeel-rajab-prior-to-his-trial-tomorrow\/#primaryimage"},"thumbnailUrl":"https:\/\/www.npwj.org\/wp-content\/uploads\/2024\/01\/11-july-2016.png","datePublished":"2016-07-11T09:07:08+00:00","dateModified":"2024-01-05T10:39:12+00:00","breadcrumb":{"@id":"https:\/\/www.npwj.org\/press-release\/bahrain-26-ngos-call-for-immediate-and-unconditional-release-of-bahraini-human-rights-defender-nabeel-rajab-prior-to-his-trial-tomorrow\/#breadcrumb"},"inLanguage":"it-IT","potentialAction":[{"@type":"ReadAction","target":["https:\/\/www.npwj.org\/press-release\/bahrain-26-ngos-call-for-immediate-and-unconditional-release-of-bahraini-human-rights-defender-nabeel-rajab-prior-to-his-trial-tomorrow\/"]}]},{"@type":"ImageObject","inLanguage":"it-IT","@id":"https:\/\/www.npwj.org\/press-release\/bahrain-26-ngos-call-for-immediate-and-unconditional-release-of-bahraini-human-rights-defender-nabeel-rajab-prior-to-his-trial-tomorrow\/#primaryimage","url":"https:\/\/www.npwj.org\/wp-content\/uploads\/2024\/01\/11-july-2016.png","contentUrl":"https:\/\/www.npwj.org\/wp-content\/uploads\/2024\/01\/11-july-2016.png","width":565,"height":460},{"@type":"BreadcrumbList","@id":"https:\/\/www.npwj.org\/press-release\/bahrain-26-ngos-call-for-immediate-and-unconditional-release-of-bahraini-human-rights-defender-nabeel-rajab-prior-to-his-trial-tomorrow\/#breadcrumb","itemListElement":[{"@type":"ListItem","position":1,"name":"Home","item":"https:\/\/www.npwj.org\/"},{"@type":"ListItem","position":2,"name":"Bahrein: 26 Ong chiedono il rilascio immediato e incondizionato dell\u2019attivista e difensore dei diritti umani Bahreinita Nabeel Rajab, prima del suo processo di domani"}]},{"@type":"WebSite","@id":"https:\/\/www.npwj.org\/#website","url":"https:\/\/www.npwj.org\/","name":"NPWJ","description":"No Peace Without Justice","publisher":{"@id":"https:\/\/www.npwj.org\/#organization"},"alternateName":"NPWJ","potentialAction":[{"@type":"SearchAction","target":{"@type":"EntryPoint","urlTemplate":"https:\/\/www.npwj.org\/?s={search_term_string}"},"query-input":"required name=search_term_string"}],"inLanguage":"it-IT"},{"@type":"Organization","@id":"https:\/\/www.npwj.org\/#organization","name":"No Peace Without Justice","alternateName":"NPWJ","url":"https:\/\/www.npwj.org\/","logo":{"@type":"ImageObject","inLanguage":"it-IT","@id":"https:\/\/www.npwj.org\/#\/schema\/logo\/image\/","url":"https:\/\/www.npwj.org\/wp-content\/uploads\/2024\/05\/logo-npwj-npsg.png","contentUrl":"https:\/\/www.npwj.org\/wp-content\/uploads\/2024\/05\/logo-npwj-npsg.png","width":1080,"height":1080,"caption":"No Peace Without Justice"},"image":{"@id":"https:\/\/www.npwj.org\/#\/schema\/logo\/image\/"},"sameAs":["https:\/\/www.facebook.com\/npwj.org\/","https:\/\/x.com\/npwjpress","https:\/\/www.instagram.com\/npwj_\/"]},{"@type":"Person","@id":"https:\/\/www.npwj.org\/#\/schema\/person\/f2f768422b0c9addf4a8c4ec84b7aa94","name":"Nicola Giovannini","image":{"@type":"ImageObject","inLanguage":"it-IT","@id":"https:\/\/www.npwj.org\/#\/schema\/person\/image\/","url":"https:\/\/secure.gravatar.com\/avatar\/cb002112d40d3271f2451ef47aa03589?s=96&d=mm&r=g","contentUrl":"https:\/\/secure.gravatar.com\/avatar\/cb002112d40d3271f2451ef47aa03589?s=96&d=mm&r=g","caption":"Nicola Giovannini"}}]}},"_links":{"self":[{"href":"https:\/\/www.npwj.org\/it\/wp-json\/wp\/v2\/posts\/253190"}],"collection":[{"href":"https:\/\/www.npwj.org\/it\/wp-json\/wp\/v2\/posts"}],"about":[{"href":"https:\/\/www.npwj.org\/it\/wp-json\/wp\/v2\/types\/post"}],"author":[{"embeddable":true,"href":"https:\/\/www.npwj.org\/it\/wp-json\/wp\/v2\/users\/9"}],"replies":[{"embeddable":true,"href":"https:\/\/www.npwj.org\/it\/wp-json\/wp\/v2\/comments?post=253190"}],"version-history":[{"count":1,"href":"https:\/\/www.npwj.org\/it\/wp-json\/wp\/v2\/posts\/253190\/revisions"}],"predecessor-version":[{"id":253191,"href":"https:\/\/www.npwj.org\/it\/wp-json\/wp\/v2\/posts\/253190\/revisions\/253191"}],"wp:featuredmedia":[{"embeddable":true,"href":"https:\/\/www.npwj.org\/it\/wp-json\/wp\/v2\/media\/253188"}],"wp:attachment":[{"href":"https:\/\/www.npwj.org\/it\/wp-json\/wp\/v2\/media?parent=253190"}],"wp:term":[{"taxonomy":"category","embeddable":true,"href":"https:\/\/www.npwj.org\/it\/wp-json\/wp\/v2\/categories?post=253190"},{"taxonomy":"post_tag","embeddable":true,"href":"https:\/\/www.npwj.org\/it\/wp-json\/wp\/v2\/tags?post=253190"}],"curies":[{"name":"wp","href":"https:\/\/api.w.org\/{rel}","templated":true}]}}