{"id":253607,"date":"2017-06-08T09:44:40","date_gmt":"2017-06-08T07:44:40","guid":{"rendered":"https:\/\/www.npwj.org\/?p=253607"},"modified":"2024-01-15T09:51:58","modified_gmt":"2024-01-15T08:51:58","slug":"iraq-leader-europei-per-il-supporto-ai-processi-di-transizione-post-isis","status":"publish","type":"post","link":"https:\/\/www.npwj.org\/it\/comunicati-stampa\/iraq-leader-europei-per-il-supporto-ai-processi-di-transizione-post-isis\/","title":{"rendered":"Iraq: leader europei per il supporto ai processi di transizione post-ISIS"},"content":{"rendered":"<h1><span style=\"color: #666666; font-size: 14px;\">Bruxelles &#8211; 8 Giugno 2017<\/span><\/h1>\n<div id=\"node-14005\" class=\"node node clearfix node-type-news\">\n<div class=\"node-inner\">\n<div class=\"content\">\n<p>&nbsp;<\/p>\n<p>La\u00a0<a href=\"http:\/\/www.npwj.org\/it\/node\/13866\">conferenza<\/a>\u00a0organizata il 6 giugno al Parlamento europeo per discutere la situazione post-ISIS in Iraq \u00e8 terminata con un generale consenso su un ampio apparato di questioni per far tornare gli sfollati nelle loro case e iniziare la ricostruzione. Tenendo presente che l\u2019imminente caduta di Mosul non significa \u201cGame Over\u201d per le Istituzioni Europee e gli stati membri, la conferenza ha sviluppato sette priorit\u00e0 principali per l\u2019Europa e le autorit\u00e0 irachene per la fase \u201cpost-ISIS\u201d del conflitto in Iraq.\u00a0<strong>Adama Dieng<\/strong>, intervenendo in qualit\u00e0 di rappresentante del Segretario Generale delle Nazioni Unite, ha fatto notare che \u201cla pace inizia con la tranquillit\u00e0 della mente\u201d.<\/p>\n<p>La conferenza ha riunito\u00a0<strong>alti rappresentanti del Governo Iracheno<\/strong>,\u00a0<strong>della regione autonoma del Kurdistan iracheno<\/strong>, delle\u00a0<strong>Nazioni Unite<\/strong>, delle\u00a0<strong>Istituzioni Europee<\/strong>,\u00a0<strong>parlamentari europei e iracheni<\/strong>, e\u00a0<strong>rappresentanti della societ\u00e0 civile irachena<\/strong>.<\/p>\n<p>\u201cNon possiamo attendere. Dobbiamo iniziare il processo adesso\u201d ha notato in apertura\u00a0<strong>Ana Gomes<\/strong>, deputata europea nonch\u00e8 promotrice dell\u2019incontro. In una dichiarazione rilasciata dalla Presidenza, condivisa da Ana Gomes e il collega europarlamentare\u00a0<strong>Elmar Brok<\/strong>, i partecipanti alla conferenza hanno identificato sette priorit\u00e0 principali:<\/p>\n<p>1.\u00a0L\u2019evidente necessit\u00e0 di assicurare che il ritorno alle aree riconquistate sia dignitoso, sicuro e volontario. I rappresenanti presenti alla conferenza si sono accordati per definire misure di sicurezza nelle aree colpite, lavorando per assicurare che le forze di sicurezza siano accettate dalla popolazione, accertandosi che le persone delle aree riconquistate abbiano il diritto di determinare il loro futuro in ambito politico e della sicurezza, e reintegrando le Unita di Mobilitizzazione Popolare (\u201cPopular Mobilization Units) nelle strutture di sicurezza irachene.<br \/>\n2.\u00a0Assicurarsi la libert\u00e0 di movimento degli individui e il soccorso e l\u2019assistenza per la ricostruzione nelle aree riconquistate siano garantiti.<br \/>\n3.\u00a0I partecipanti hanno affermato che la responsabilit\u00e0 per i crimini commessi \u00e8 una questione critica nell\u2019era Post-ISIS. I rappresenanti del Governo iracheno (compresi quelli della regione autonoma del Kurdistan) hanno riconosciuto il bisogno di sviluppare una strategia nazionale per affrontare le violazioni di diritto internazionale umanitario e diritto internazionale penale per tutti i responsabili, e identificare le apposite risorse sia nazionali che internazionali. Altre organizzazioni hanno sottolienato l\u2019urgente bisogno di impegno da parte delle autorit\u00e0 irachene sulla responsablit\u00e0 giuridica, compreso il riconoscere la giurisdizione della Corte Penale Internazionale. Dal momento in cui l\u2019ISIS \u00e8 un fenomeno globale che, a sua volte, necessita di una riposta glocale, le Nazioni Unite dovrebbero avere un ruolo di guida. I partecipanti hanno richiamato l\u2019Unione Europea per assicurarsi il finanziamento e l\u2019introduzione di un meccanismo di responsabilit\u00e0 che raccolga, preservi e analizzi le prove.<br \/>\n4.\u00a0L\u2019Iraq protegger\u00e0 la sua diversit\u00e0. Durante l\u2019incotro, le autorit\u00e0 irachene (comprese quello della regione autonoma del Kurdistan) hanno concordato sul rispondere alle necessit\u00e0 delle minoranze etniche e religiose irachene attraverso la promulagazione e l\u2019attuazione della legislazione in materia e di prendere ulteriori misure per tutelare la religione e altri diritti e ottenere la decentralizzazione, se necesario.<br \/>\n5.\u00a0Rispondere alla crisi umanitaria \u00e8 una priorit\u00e0 immediata. Su base urgente, i partecipanti hanno richiamato le autorit\u00e0 irachene (compresa la regione autonoma del Kurdistan) per garantire l\u2019assistenza salva-vita a tutte per persone che ne hanno bisogno e richiamare i donatori per finanziare interamente il Piano di Risposta (Response Plan) preparato dalle Nazioni Unite e i suoi partners.<br \/>\n6.\u00a0Ove possibile, la ricostruzione dovrebbe essere accellerata.<br \/>\n7.\u00a0Ulteriori sforzi dovrebbero essere rivolti al proteggere i piu vulnerabili. I partecipanti hanno sollecitato le autorit\u00e0 irachene, le istituzioni europee and gli stati membri a priorizzare l\u2019assitenza umanitaria e ls ricostruzione per coloro che sono pi\u00f9 vulnerabili, compresi i gruppi di minoranza, le donne e i bambini a seconda dei bisogni riscontrati.<\/p>\n<p>I presidenti della conferenza hanno concluso che la diplomazia dell\u2019Unione Europea, i meccanismi e le risorse dovrebbero essere meglio incanalati per supportare l\u2019esecuzione di queste raccomandazioni. La dichiarazione completa pu\u00f2 essere scaricata al:\u00a0<a href=\"http:\/\/tinyurl.com\/StatementoftheChair\" target=\"_blank\" rel=\"noopener\">http:\/\/tinyurl.com\/StatementoftheChair<\/a>.<\/p>\n<p>La conferenza ha avuto luogo in coincidenza con l\u2019incombente liberazione di Mosul e disegnata per eseguire il Piano d\u2019azione di Parigi (Paris Action Plan) presentato a settembre 2015 alla Conferenza Internazionale sulle vittime di violenza etnica e religiosa nel Medio Oriente tenutasi a Parigi e nel successivo evento a Madrid, avvenuto il 24 Maggio 2017.<\/p>\n<p>La conferenza \u00e8 stata ospitata dai Membri del Parlamento Europeo Ana Gomes e Elmar Brok e organizzata in collaborazione con\u00a0<strong>Non c&#8217;\u00e8 Pace Senza Giustizia<\/strong>\u00a0(NPSG), l\u2019<strong>Institute for International Law and Human Rights<\/strong>\u00a0(ILHIR), la\u00a0<strong>Konrad-Adenauer-Stiftung<\/strong>, l\u2019<strong>Organizzazione dei Popoli e delle Nazioni non Rappresentati<\/strong>\u00a0(UNPO) e\u00a0<strong>Minority Rights Group International<\/strong>\u00a0(MRG).<\/p>\n<p>&nbsp;<\/p>\n<ul>\n<li><strong>Per maggiori informazioni<\/strong>, si prega di contattare: Nicola Giovannini, Phone: +32 2 548 39 15 -Email:\u00a0<a href=\"mailto:ngiovannini@npwj.org\">ngiovannini@npwj.org<\/a><\/li>\n<\/ul>\n<\/div>\n<\/div>\n<\/div>\n","protected":false},"excerpt":{"rendered":"<p>Bruxelles &#8211; 8 Giugno 2017 &nbsp; La\u00a0conferenza\u00a0organizata il 6 giugno al Parlamento europeo per discutere la situazione post-ISIS in Iraq \u00e8 terminata con un generale consenso su un ampio apparato [&hellip;]<\/p>\n","protected":false},"author":9,"featured_media":253604,"comment_status":"closed","ping_status":"closed","sticky":false,"template":"","format":"standard","meta":{"_et_pb_use_builder":"","_et_pb_old_content":"","_et_gb_content_width":"","footnotes":""},"categories":[126],"tags":[1927,465,206,404,2124],"cp_meta_data":{"_wpml_word_count":["{\"total\":0,\"to_translate\":{\"en\":2,\"it\":2}}"],"_edit_lock":["1705308592:20"],"_edit_last":["20"],"_wpml_media_duplicate":["1"],"_wpml_media_featured":["1"],"_et_pb_page_layout":["et_right_sidebar"],"_et_pb_side_nav":["off"],"_et_pb_post_hide_nav":["default"],"_et_pb_show_title":["on"],"_et_pb_use_builder":[""],"_et_post_bg_color":["#ffffff"],"_et_post_bg_layout":["light"],"_thumbnail_id":["253604"],"_last_translation_edit_mode":["native-editor"],"_encloseme":["1"],"eg_sources_html5_mp4":[""],"eg_sources_youtube":[""],"eg_sources_vimeo":[""],"eg_sources_wistia":[""],"eg_sources_image":[""],"eg_sources_iframe":[""],"eg_sources_soundcloud":[""],"eg_vimeo_ratio":["1"],"eg_youtube_ratio":["1"],"eg_wistia_ratio":["1"],"eg_html5_ratio":["1"],"eg_soundcloud_ratio":["1"],"eg_sources_essgrid":[""],"eg_featured_grid":[""],"eg_settings_custom_meta_skin":[""],"eg_settings_custom_meta_element":[""],"eg_settings_custom_meta_setting":[""],"eg_settings_custom_meta_style":[""],"eg_custom_meta_216":["true"],"eg_votes_count":["0"],"_et_pb_first_image":[""],"_et_pb_truncate_post":[""],"_et_pb_truncate_post_date":[""],"_et_pb_old_content":[""],"_et_builder_dynamic_assets_loading_attr_threshold":["2"],"_et_dynamic_cached_shortcodes":["a:13:{i:0;s:18:\"et_pb_column_inner\";i:1;s:18:\"et_pb_post_content\";i:2;s:13:\"et_pb_section\";i:3;s:9:\"et_pb_row\";i:4;s:12:\"et_pb_column\";i:5;s:15:\"et_pb_row_inner\";i:6;s:11:\"et_pb_blurb\";i:7;s:10:\"et_pb_code\";i:8;s:11:\"et_pb_image\";i:9;s:10:\"et_pb_menu\";i:10;s:16:\"et_pb_post_title\";i:11;s:13:\"et_pb_sidebar\";i:12;s:10:\"et_pb_text\";}"],"_et_dynamic_cached_attributes":["a:5:{s:9:\"specialty\";a:1:{i:0;s:2:\"on\";}s:17:\"use_custom_gutter\";a:1:{i:0;s:2:\"on\";}s:12:\"gutter_width\";a:1:{i:0;s:1:\"1\";}s:9:\"fullwidth\";a:1:{i:0;s:2:\"on\";}s:9:\"font_icon\";a:1:{i:0;s:19:\"&#xe010;||divi||400\";}}"],"et_enqueued_post_fonts":["a:3:{s:6:\"family\";a:1:{s:12:\"et-gf-roboto\";s:91:\"Roboto:100,100italic,300,300italic,regular,italic,500,500italic,700,700italic,900,900italic\";}s:6:\"subset\";a:2:{i:0;s:5:\"latin\";i:1;s:9:\"latin-ext\";}s:9:\"cache_key\";s:75:\"{\"gph\":-1,\"divi\":\"4.25.0\",\"wp\":\"6.5.2\",\"enable_all_character_sets\":\"false\"}\";}"],"_et_builder_module_features_cache":["a:2:{i:0;s:117:\"{\"gph\":-1,\"divi\":\"4.25.0\",\"wp\":\"6.5.2\",\"tb\":{\"255689\":\"2024-05-07 07:28:05\",\"255786\":\"2024-05-09 18:48:34\"},\"wpe\":[]}\";i:1;a:32:{s:46:\"et_pb_section_5afa4e695821d24f0e16cb528a154e44\";a:3:{s:4:\"mawi\";b:1;s:4:\"bosh\";b:1;s:4:\"anim\";b:1;}s:45:\"et_pb_column_c2f99ed31f38cee8be19b6c38f243437\";a:5:{s:4:\"cuma\";b:1;s:4:\"bosh\";b:1;s:3:\"pos\";b:1;s:5:\"mapac\";b:1;s:4:\"anim\";b:1;}s:48:\"et_pb_row_inner_de2fa3e840d2bede7feae3cb2cbe00a6\";a:3:{s:4:\"mawi\";b:1;s:4:\"bosh\";b:1;s:4:\"anim\";b:1;}s:51:\"et_pb_column_inner_3cdf90163e0e0f340994bb090ee342fc\";a:3:{s:4:\"bosh\";b:1;s:3:\"pos\";b:1;s:4:\"anim\";b:1;}s:49:\"et_pb_post_title_1b9af4722e6e4f401e6c9563d959ee66\";a:9:{s:4:\"glde\";a:11:{s:15:\"title_font_size\";s:4:\"26px\";s:20:\"title_letter_spacing\";s:3:\"0px\";s:17:\"title_line_height\";s:3:\"1em\";s:14:\"meta_font_size\";s:2:\"14\";s:19:\"meta_letter_spacing\";s:3:\"0px\";s:16:\"meta_line_height\";s:3:\"1em\";s:8:\"parallax\";s:3:\"off\";s:15:\"background_size\";s:5:\"cover\";s:19:\"background_position\";s:6:\"center\";s:17:\"background_repeat\";s:9:\"no-repeat\";s:16:\"background_blend\";s:6:\"normal\";}s:4:\"foop\";b:1;s:4:\"tesh\";b:1;s:4:\"cuma\";b:1;s:4:\"mawi\";b:1;s:4:\"bosh\";b:1;s:3:\"pos\";b:1;s:5:\"mapac\";b:1;s:4:\"anim\";b:1;}s:48:\"et_pb_row_inner_6a9d929b24109f8d1d33378557fe007c\";a:5:{s:4:\"cuma\";b:1;s:4:\"mawi\";b:1;s:4:\"bosh\";b:1;s:5:\"mapac\";b:1;s:4:\"anim\";b:1;}s:51:\"et_pb_post_content_cbaaaccb69f4acaf3b51e3f74d00e204\";a:9:{s:4:\"foop\";b:1;s:4:\"tesh\";b:1;s:3:\"bor\";b:1;s:4:\"cuma\";b:1;s:4:\"mawi\";b:1;s:4:\"bosh\";b:1;s:3:\"pos\";b:1;s:5:\"mapac\";b:1;s:4:\"anim\";b:1;}s:45:\"et_pb_column_fcdc69ff297ebe4b032eec6fe8213fc1\";a:5:{s:4:\"cuma\";b:1;s:4:\"bosh\";b:1;s:3:\"pos\";b:1;s:5:\"mapac\";b:1;s:4:\"anim\";b:1;}s:46:\"et_pb_sidebar_f0c5e7a3bf7753ffd1bda41d7ffb2e8d\";a:10:{s:4:\"glde\";a:6:{s:16:\"header_font_size\";s:2:\"18\";s:21:\"header_letter_spacing\";s:3:\"0px\";s:18:\"header_line_height\";s:3:\"1em\";s:14:\"body_font_size\";s:2:\"14\";s:19:\"body_letter_spacing\";s:3:\"0px\";s:16:\"body_line_height\";s:5:\"1.7em\";}s:4:\"foop\";b:1;s:4:\"tesh\";b:1;s:3:\"bor\";b:1;s:4:\"cuma\";b:1;s:4:\"mawi\";b:1;s:4:\"bosh\";b:1;s:3:\"pos\";b:1;s:5:\"mapac\";b:1;s:4:\"anim\";b:1;}s:46:\"et_pb_section_82ee6d19694244f4273784c3b485c394\";a:5:{s:4:\"cuma\";b:1;s:4:\"mawi\";b:1;s:4:\"bosh\";b:1;s:5:\"mapac\";b:1;s:4:\"anim\";b:1;}s:46:\"et_pb_section_406a8e8b44e6b40e00c07e27d40672ad\";a:6:{s:4:\"cuma\";b:1;s:4:\"mawi\";b:1;s:4:\"bosh\";b:1;s:3:\"pos\";b:1;s:5:\"mapac\";b:1;s:4:\"anim\";b:1;}s:42:\"et_pb_row_3ada6f3380c5b5c9398b259deb22dc56\";a:6:{s:4:\"cuma\";b:1;s:4:\"mawi\";b:1;s:4:\"bosh\";b:1;s:3:\"pos\";b:1;s:5:\"mapac\";b:1;s:4:\"anim\";b:1;}s:45:\"et_pb_column_edca411123513a4f6124a44a0d670b36\";a:5:{s:4:\"cuma\";b:1;s:4:\"bosh\";b:1;s:3:\"pos\";b:1;s:5:\"mapac\";b:1;s:4:\"anim\";b:1;}s:43:\"et_pb_text_56594042cc8b70224eaa9339857e0fb8\";a:9:{s:4:\"glde\";a:10:{s:14:\"text_font_size\";s:2:\"14\";s:19:\"text_letter_spacing\";s:3:\"0px\";s:16:\"text_line_height\";s:5:\"1.7em\";s:16:\"header_font_size\";s:4:\"30px\";s:21:\"header_letter_spacing\";s:3:\"0px\";s:18:\"header_line_height\";s:3:\"1em\";s:15:\"background_size\";s:5:\"cover\";s:19:\"background_position\";s:6:\"center\";s:17:\"background_repeat\";s:9:\"no-repeat\";s:16:\"background_blend\";s:6:\"normal\";}s:4:\"foop\";b:1;s:4:\"tesh\";b:1;s:4:\"cuma\";b:1;s:4:\"mawi\";b:1;s:4:\"bosh\";b:1;s:3:\"pos\";b:1;s:5:\"mapac\";b:1;s:4:\"anim\";b:1;}s:43:\"et_pb_text_88c2e9e8cd20311fb18cca642ff02758\";a:7:{s:4:\"glde\";a:10:{s:14:\"text_font_size\";s:2:\"14\";s:19:\"text_letter_spacing\";s:3:\"0px\";s:16:\"text_line_height\";s:5:\"1.7em\";s:16:\"header_font_size\";s:4:\"30px\";s:21:\"header_letter_spacing\";s:3:\"0px\";s:18:\"header_line_height\";s:3:\"1em\";s:15:\"background_size\";s:5:\"cover\";s:19:\"background_position\";s:6:\"center\";s:17:\"background_repeat\";s:9:\"no-repeat\";s:16:\"background_blend\";s:6:\"normal\";}s:4:\"foop\";b:1;s:4:\"tesh\";b:1;s:4:\"mawi\";b:1;s:4:\"bosh\";b:1;s:3:\"pos\";b:1;s:4:\"anim\";b:1;}s:45:\"et_pb_column_6be1189de9678b5ee5b9d0e513762aa2\";a:3:{s:4:\"bosh\";b:1;s:3:\"pos\";b:1;s:4:\"anim\";b:1;}s:44:\"et_pb_blurb_08e1f4d3ddb4eff1d9ebfdcc25f5d638\";a:10:{s:4:\"glde\";a:10:{s:16:\"header_font_size\";s:2:\"18\";s:21:\"header_letter_spacing\";s:3:\"0px\";s:18:\"header_line_height\";s:3:\"1em\";s:14:\"body_font_size\";s:2:\"14\";s:19:\"body_letter_spacing\";s:3:\"0px\";s:16:\"body_line_height\";s:5:\"1.7em\";s:15:\"background_size\";s:5:\"cover\";s:19:\"background_position\";s:6:\"center\";s:17:\"background_repeat\";s:9:\"no-repeat\";s:16:\"background_blend\";s:6:\"normal\";}s:4:\"foop\";b:1;s:4:\"tesh\";b:1;s:3:\"bor\";b:1;s:4:\"cuma\";b:1;s:4:\"mawi\";b:1;s:4:\"bosh\";b:1;s:3:\"pos\";b:1;s:5:\"mapac\";b:1;s:4:\"anim\";b:1;}s:44:\"et_pb_blurb_6620894d25e34f91757c9c8d546bf56d\";a:10:{s:4:\"glde\";a:10:{s:16:\"header_font_size\";s:2:\"18\";s:21:\"header_letter_spacing\";s:3:\"0px\";s:18:\"header_line_height\";s:3:\"1em\";s:14:\"body_font_size\";s:2:\"14\";s:19:\"body_letter_spacing\";s:3:\"0px\";s:16:\"body_line_height\";s:5:\"1.7em\";s:15:\"background_size\";s:5:\"cover\";s:19:\"background_position\";s:6:\"center\";s:17:\"background_repeat\";s:9:\"no-repeat\";s:16:\"background_blend\";s:6:\"normal\";}s:4:\"foop\";b:1;s:4:\"tesh\";b:1;s:3:\"bor\";b:1;s:4:\"cuma\";b:1;s:4:\"mawi\";b:1;s:4:\"bosh\";b:1;s:3:\"pos\";b:1;s:5:\"mapac\";b:1;s:4:\"anim\";b:1;}s:42:\"et_pb_row_1b7d45b14552d621c776706a09ce1361\";a:5:{s:4:\"cuma\";b:1;s:4:\"mawi\";b:1;s:4:\"bosh\";b:1;s:5:\"mapac\";b:1;s:4:\"anim\";b:1;}s:45:\"et_pb_column_6be4578023f3cde46a7fff6b3861c85c\";a:3:{s:4:\"bosh\";b:1;s:3:\"pos\";b:1;s:4:\"anim\";b:1;}s:44:\"et_pb_image_f4b71cd486196a93a74e6b072b773cd7\";a:4:{s:4:\"mawi\";b:1;s:4:\"bosh\";b:1;s:3:\"pos\";b:1;s:4:\"anim\";b:1;}s:43:\"et_pb_text_68a785c2177cf68bf2397748ef31114a\";a:9:{s:4:\"glde\";a:10:{s:14:\"text_font_size\";s:2:\"14\";s:19:\"text_letter_spacing\";s:3:\"0px\";s:16:\"text_line_height\";s:5:\"1.7em\";s:16:\"header_font_size\";s:4:\"30px\";s:21:\"header_letter_spacing\";s:3:\"0px\";s:18:\"header_line_height\";s:3:\"1em\";s:15:\"background_size\";s:5:\"cover\";s:19:\"background_position\";s:6:\"center\";s:17:\"background_repeat\";s:9:\"no-repeat\";s:16:\"background_blend\";s:6:\"normal\";}s:4:\"foop\";b:1;s:4:\"tesh\";b:1;s:4:\"cuma\";b:1;s:4:\"mawi\";b:1;s:4:\"bosh\";b:1;s:3:\"pos\";b:1;s:5:\"mapac\";b:1;s:4:\"anim\";b:1;}s:43:\"et_pb_text_3642f8068fd50cdad33116023389e383\";a:7:{s:4:\"glde\";a:10:{s:14:\"text_font_size\";s:2:\"14\";s:19:\"text_letter_spacing\";s:3:\"0px\";s:16:\"text_line_height\";s:5:\"1.7em\";s:16:\"header_font_size\";s:4:\"30px\";s:21:\"header_letter_spacing\";s:3:\"0px\";s:18:\"header_line_height\";s:3:\"1em\";s:15:\"background_size\";s:5:\"cover\";s:19:\"background_position\";s:6:\"center\";s:17:\"background_repeat\";s:9:\"no-repeat\";s:16:\"background_blend\";s:6:\"normal\";}s:4:\"foop\";b:1;s:4:\"tesh\";b:1;s:4:\"mawi\";b:1;s:4:\"bosh\";b:1;s:3:\"pos\";b:1;s:4:\"anim\";b:1;}s:45:\"et_pb_column_61470a52d1c01da65c8eda69e71a300d\";a:3:{s:4:\"bosh\";b:1;s:3:\"pos\";b:1;s:4:\"anim\";b:1;}s:43:\"et_pb_text_44809c70b99abfae5616162a84587174\";a:9:{s:4:\"glde\";a:10:{s:14:\"text_font_size\";s:2:\"14\";s:19:\"text_letter_spacing\";s:3:\"0px\";s:16:\"text_line_height\";s:5:\"1.7em\";s:16:\"header_font_size\";s:4:\"30px\";s:21:\"header_letter_spacing\";s:3:\"0px\";s:18:\"header_line_height\";s:3:\"1em\";s:15:\"background_size\";s:5:\"cover\";s:19:\"background_position\";s:6:\"center\";s:17:\"background_repeat\";s:9:\"no-repeat\";s:16:\"background_blend\";s:6:\"normal\";}s:4:\"foop\";b:1;s:4:\"tesh\";b:1;s:4:\"cuma\";b:1;s:4:\"mawi\";b:1;s:4:\"bosh\";b:1;s:3:\"pos\";b:1;s:5:\"mapac\";b:1;s:4:\"anim\";b:1;}s:43:\"et_pb_menu_297b684d24550aa8b2571341edaf9e90\";a:7:{s:4:\"glde\";a:4:{s:15:\"background_size\";s:5:\"cover\";s:19:\"background_position\";s:6:\"center\";s:17:\"background_repeat\";s:9:\"no-repeat\";s:16:\"background_blend\";s:6:\"normal\";}s:4:\"foop\";b:1;s:4:\"tesh\";b:1;s:4:\"mawi\";b:1;s:4:\"bosh\";b:1;s:3:\"pos\";b:1;s:4:\"anim\";b:1;}s:43:\"et_pb_code_de2fa3e840d2bede7feae3cb2cbe00a6\";a:4:{s:4:\"mawi\";b:1;s:4:\"bosh\";b:1;s:3:\"pos\";b:1;s:4:\"anim\";b:1;}s:45:\"et_pb_column_e2708011566793ec19ae40db4b27b312\";a:3:{s:4:\"bosh\";b:1;s:3:\"pos\";b:1;s:4:\"anim\";b:1;}s:43:\"et_pb_text_32d4add8287168f7a7da67ca55597756\";a:9:{s:4:\"glde\";a:10:{s:14:\"text_font_size\";s:2:\"14\";s:19:\"text_letter_spacing\";s:3:\"0px\";s:16:\"text_line_height\";s:5:\"1.7em\";s:16:\"header_font_size\";s:4:\"30px\";s:21:\"header_letter_spacing\";s:3:\"0px\";s:18:\"header_line_height\";s:3:\"1em\";s:15:\"background_size\";s:5:\"cover\";s:19:\"background_position\";s:6:\"center\";s:17:\"background_repeat\";s:9:\"no-repeat\";s:16:\"background_blend\";s:6:\"normal\";}s:4:\"foop\";b:1;s:4:\"tesh\";b:1;s:4:\"cuma\";b:1;s:4:\"mawi\";b:1;s:4:\"bosh\";b:1;s:3:\"pos\";b:1;s:5:\"mapac\";b:1;s:4:\"anim\";b:1;}s:43:\"et_pb_menu_94f3665884d8aa31151e380083e94578\";a:7:{s:4:\"glde\";a:4:{s:15:\"background_size\";s:5:\"cover\";s:19:\"background_position\";s:6:\"center\";s:17:\"background_repeat\";s:9:\"no-repeat\";s:16:\"background_blend\";s:6:\"normal\";}s:4:\"foop\";b:1;s:4:\"tesh\";b:1;s:4:\"mawi\";b:1;s:4:\"bosh\";b:1;s:3:\"pos\";b:1;s:4:\"anim\";b:1;}s:42:\"et_pb_row_0f8322e628e82528f04ddcc5d0d4e92d\";a:5:{s:4:\"cuma\";b:1;s:4:\"mawi\";b:1;s:4:\"bosh\";b:1;s:5:\"mapac\";b:1;s:4:\"anim\";b:1;}s:43:\"et_pb_menu_561f4b31a77b791752927479423dde05\";a:7:{s:4:\"glde\";a:4:{s:15:\"background_size\";s:5:\"cover\";s:19:\"background_position\";s:6:\"center\";s:17:\"background_repeat\";s:9:\"no-repeat\";s:16:\"background_blend\";s:6:\"normal\";}s:4:\"foop\";b:1;s:4:\"tesh\";b:1;s:4:\"mawi\";b:1;s:4:\"bosh\";b:1;s:3:\"pos\";b:1;s:4:\"anim\";b:1;}}}"]},"yoast_head":"<!-- This site is optimized with the Yoast SEO plugin v22.6 - https:\/\/yoast.com\/wordpress\/plugins\/seo\/ -->\n<title>Iraq: leader europei per il supporto ai processi di transizione post-ISIS - NPWJ<\/title>\n<meta name=\"robots\" content=\"index, follow, max-snippet:-1, max-image-preview:large, max-video-preview:-1\" \/>\n<link rel=\"canonical\" href=\"https:\/\/www.npwj.org\/press-release\/iraqis-europeans-press-for-support-for-post-isis-transition\/\" \/>\n<meta property=\"og:locale\" content=\"it_IT\" \/>\n<meta property=\"og:type\" content=\"article\" \/>\n<meta property=\"og:title\" content=\"Iraq: leader europei per il supporto ai processi di transizione post-ISIS - NPWJ\" \/>\n<meta property=\"og:description\" content=\"Bruxelles &#8211; 8 Giugno 2017 &nbsp; La\u00a0conferenza\u00a0organizata il 6 giugno al Parlamento europeo per discutere la situazione post-ISIS in Iraq \u00e8 terminata con un generale consenso su un ampio apparato [&hellip;]\" \/>\n<meta property=\"og:url\" content=\"https:\/\/www.npwj.org\/press-release\/iraqis-europeans-press-for-support-for-post-isis-transition\/\" \/>\n<meta property=\"og:site_name\" content=\"NPWJ\" \/>\n<meta property=\"article:publisher\" content=\"https:\/\/www.facebook.com\/npwj.org\/\" \/>\n<meta property=\"article:published_time\" content=\"2017-06-08T07:44:40+00:00\" \/>\n<meta property=\"article:modified_time\" content=\"2024-01-15T08:51:58+00:00\" \/>\n<meta property=\"og:image\" content=\"https:\/\/www.npwj.org\/wp-content\/uploads\/2024\/01\/8-june-2017.jpg\" \/>\n\t<meta property=\"og:image:width\" content=\"565\" \/>\n\t<meta property=\"og:image:height\" content=\"460\" \/>\n\t<meta property=\"og:image:type\" content=\"image\/jpeg\" \/>\n<meta name=\"author\" content=\"Nicola Giovannini\" \/>\n<meta name=\"twitter:card\" content=\"summary_large_image\" \/>\n<meta name=\"twitter:creator\" content=\"@npwjpress\" \/>\n<meta name=\"twitter:site\" content=\"@npwjpress\" \/>\n<script type=\"application\/ld+json\" class=\"yoast-schema-graph\">{\"@context\":\"https:\/\/schema.org\",\"@graph\":[{\"@type\":\"Article\",\"@id\":\"https:\/\/www.npwj.org\/press-release\/iraqis-europeans-press-for-support-for-post-isis-transition\/#article\",\"isPartOf\":{\"@id\":\"https:\/\/www.npwj.org\/press-release\/iraqis-europeans-press-for-support-for-post-isis-transition\/\"},\"author\":{\"name\":\"Nicola Giovannini\",\"@id\":\"https:\/\/www.npwj.org\/#\/schema\/person\/f2f768422b0c9addf4a8c4ec84b7aa94\"},\"headline\":\"Iraq: leader europei per il supporto ai processi di transizione post-ISIS\",\"datePublished\":\"2017-06-08T07:44:40+00:00\",\"dateModified\":\"2024-01-15T08:51:58+00:00\",\"mainEntityOfPage\":{\"@id\":\"https:\/\/www.npwj.org\/press-release\/iraqis-europeans-press-for-support-for-post-isis-transition\/\"},\"wordCount\":775,\"publisher\":{\"@id\":\"https:\/\/www.npwj.org\/#organization\"},\"image\":{\"@id\":\"https:\/\/www.npwj.org\/press-release\/iraqis-europeans-press-for-support-for-post-isis-transition\/#primaryimage\"},\"thumbnailUrl\":\"https:\/\/www.npwj.org\/wp-content\/uploads\/2024\/01\/8-june-2017.jpg\",\"keywords\":[\"Attribuzione della responsabilit\u00e0\",\"Corte Penale Internazionale\",\"Iraq\",\"Parlamento Europeo\",\"Spostamento Forzato\"],\"articleSection\":[\"Comunicati Stampa\"],\"inLanguage\":\"it-IT\"},{\"@type\":\"WebPage\",\"@id\":\"https:\/\/www.npwj.org\/press-release\/iraqis-europeans-press-for-support-for-post-isis-transition\/\",\"url\":\"https:\/\/www.npwj.org\/press-release\/iraqis-europeans-press-for-support-for-post-isis-transition\/\",\"name\":\"Iraq: leader europei per il supporto ai processi di transizione post-ISIS - NPWJ\",\"isPartOf\":{\"@id\":\"https:\/\/www.npwj.org\/#website\"},\"primaryImageOfPage\":{\"@id\":\"https:\/\/www.npwj.org\/press-release\/iraqis-europeans-press-for-support-for-post-isis-transition\/#primaryimage\"},\"image\":{\"@id\":\"https:\/\/www.npwj.org\/press-release\/iraqis-europeans-press-for-support-for-post-isis-transition\/#primaryimage\"},\"thumbnailUrl\":\"https:\/\/www.npwj.org\/wp-content\/uploads\/2024\/01\/8-june-2017.jpg\",\"datePublished\":\"2017-06-08T07:44:40+00:00\",\"dateModified\":\"2024-01-15T08:51:58+00:00\",\"breadcrumb\":{\"@id\":\"https:\/\/www.npwj.org\/press-release\/iraqis-europeans-press-for-support-for-post-isis-transition\/#breadcrumb\"},\"inLanguage\":\"it-IT\",\"potentialAction\":[{\"@type\":\"ReadAction\",\"target\":[\"https:\/\/www.npwj.org\/press-release\/iraqis-europeans-press-for-support-for-post-isis-transition\/\"]}]},{\"@type\":\"ImageObject\",\"inLanguage\":\"it-IT\",\"@id\":\"https:\/\/www.npwj.org\/press-release\/iraqis-europeans-press-for-support-for-post-isis-transition\/#primaryimage\",\"url\":\"https:\/\/www.npwj.org\/wp-content\/uploads\/2024\/01\/8-june-2017.jpg\",\"contentUrl\":\"https:\/\/www.npwj.org\/wp-content\/uploads\/2024\/01\/8-june-2017.jpg\",\"width\":565,\"height\":460},{\"@type\":\"BreadcrumbList\",\"@id\":\"https:\/\/www.npwj.org\/press-release\/iraqis-europeans-press-for-support-for-post-isis-transition\/#breadcrumb\",\"itemListElement\":[{\"@type\":\"ListItem\",\"position\":1,\"name\":\"Home\",\"item\":\"https:\/\/www.npwj.org\/\"},{\"@type\":\"ListItem\",\"position\":2,\"name\":\"Iraq: leader europei per il supporto ai processi di transizione post-ISIS\"}]},{\"@type\":\"WebSite\",\"@id\":\"https:\/\/www.npwj.org\/#website\",\"url\":\"https:\/\/www.npwj.org\/\",\"name\":\"NPWJ\",\"description\":\"No Peace Without Justice\",\"publisher\":{\"@id\":\"https:\/\/www.npwj.org\/#organization\"},\"alternateName\":\"NPWJ\",\"potentialAction\":[{\"@type\":\"SearchAction\",\"target\":{\"@type\":\"EntryPoint\",\"urlTemplate\":\"https:\/\/www.npwj.org\/?s={search_term_string}\"},\"query-input\":\"required name=search_term_string\"}],\"inLanguage\":\"it-IT\"},{\"@type\":\"Organization\",\"@id\":\"https:\/\/www.npwj.org\/#organization\",\"name\":\"No Peace Without Justice\",\"alternateName\":\"NPWJ\",\"url\":\"https:\/\/www.npwj.org\/\",\"logo\":{\"@type\":\"ImageObject\",\"inLanguage\":\"it-IT\",\"@id\":\"https:\/\/www.npwj.org\/#\/schema\/logo\/image\/\",\"url\":\"https:\/\/www.npwj.org\/wp-content\/uploads\/2024\/05\/logo-npwj-npsg.png\",\"contentUrl\":\"https:\/\/www.npwj.org\/wp-content\/uploads\/2024\/05\/logo-npwj-npsg.png\",\"width\":1080,\"height\":1080,\"caption\":\"No Peace Without Justice\"},\"image\":{\"@id\":\"https:\/\/www.npwj.org\/#\/schema\/logo\/image\/\"},\"sameAs\":[\"https:\/\/www.facebook.com\/npwj.org\/\",\"https:\/\/x.com\/npwjpress\",\"https:\/\/www.instagram.com\/npwj_\/\"]},{\"@type\":\"Person\",\"@id\":\"https:\/\/www.npwj.org\/#\/schema\/person\/f2f768422b0c9addf4a8c4ec84b7aa94\",\"name\":\"Nicola Giovannini\",\"image\":{\"@type\":\"ImageObject\",\"inLanguage\":\"it-IT\",\"@id\":\"https:\/\/www.npwj.org\/#\/schema\/person\/image\/\",\"url\":\"https:\/\/secure.gravatar.com\/avatar\/cb002112d40d3271f2451ef47aa03589?s=96&d=mm&r=g\",\"contentUrl\":\"https:\/\/secure.gravatar.com\/avatar\/cb002112d40d3271f2451ef47aa03589?s=96&d=mm&r=g\",\"caption\":\"Nicola Giovannini\"}}]}<\/script>\n<!-- \/ Yoast SEO plugin. -->","yoast_head_json":{"title":"Iraq: leader europei per il supporto ai processi di transizione post-ISIS - NPWJ","robots":{"index":"index","follow":"follow","max-snippet":"max-snippet:-1","max-image-preview":"max-image-preview:large","max-video-preview":"max-video-preview:-1"},"canonical":"https:\/\/www.npwj.org\/press-release\/iraqis-europeans-press-for-support-for-post-isis-transition\/","og_locale":"it_IT","og_type":"article","og_title":"Iraq: leader europei per il supporto ai processi di transizione post-ISIS - NPWJ","og_description":"Bruxelles &#8211; 8 Giugno 2017 &nbsp; La\u00a0conferenza\u00a0organizata il 6 giugno al Parlamento europeo per discutere la situazione post-ISIS in Iraq \u00e8 terminata con un generale consenso su un ampio apparato [&hellip;]","og_url":"https:\/\/www.npwj.org\/press-release\/iraqis-europeans-press-for-support-for-post-isis-transition\/","og_site_name":"NPWJ","article_publisher":"https:\/\/www.facebook.com\/npwj.org\/","article_published_time":"2017-06-08T07:44:40+00:00","article_modified_time":"2024-01-15T08:51:58+00:00","og_image":[{"width":565,"height":460,"url":"https:\/\/www.npwj.org\/wp-content\/uploads\/2024\/01\/8-june-2017.jpg","type":"image\/jpeg"}],"author":"Nicola Giovannini","twitter_card":"summary_large_image","twitter_creator":"@npwjpress","twitter_site":"@npwjpress","schema":{"@context":"https:\/\/schema.org","@graph":[{"@type":"Article","@id":"https:\/\/www.npwj.org\/press-release\/iraqis-europeans-press-for-support-for-post-isis-transition\/#article","isPartOf":{"@id":"https:\/\/www.npwj.org\/press-release\/iraqis-europeans-press-for-support-for-post-isis-transition\/"},"author":{"name":"Nicola Giovannini","@id":"https:\/\/www.npwj.org\/#\/schema\/person\/f2f768422b0c9addf4a8c4ec84b7aa94"},"headline":"Iraq: leader europei per il supporto ai processi di transizione post-ISIS","datePublished":"2017-06-08T07:44:40+00:00","dateModified":"2024-01-15T08:51:58+00:00","mainEntityOfPage":{"@id":"https:\/\/www.npwj.org\/press-release\/iraqis-europeans-press-for-support-for-post-isis-transition\/"},"wordCount":775,"publisher":{"@id":"https:\/\/www.npwj.org\/#organization"},"image":{"@id":"https:\/\/www.npwj.org\/press-release\/iraqis-europeans-press-for-support-for-post-isis-transition\/#primaryimage"},"thumbnailUrl":"https:\/\/www.npwj.org\/wp-content\/uploads\/2024\/01\/8-june-2017.jpg","keywords":["Attribuzione della responsabilit\u00e0","Corte Penale Internazionale","Iraq","Parlamento Europeo","Spostamento Forzato"],"articleSection":["Comunicati Stampa"],"inLanguage":"it-IT"},{"@type":"WebPage","@id":"https:\/\/www.npwj.org\/press-release\/iraqis-europeans-press-for-support-for-post-isis-transition\/","url":"https:\/\/www.npwj.org\/press-release\/iraqis-europeans-press-for-support-for-post-isis-transition\/","name":"Iraq: leader europei per il supporto ai processi di transizione post-ISIS - NPWJ","isPartOf":{"@id":"https:\/\/www.npwj.org\/#website"},"primaryImageOfPage":{"@id":"https:\/\/www.npwj.org\/press-release\/iraqis-europeans-press-for-support-for-post-isis-transition\/#primaryimage"},"image":{"@id":"https:\/\/www.npwj.org\/press-release\/iraqis-europeans-press-for-support-for-post-isis-transition\/#primaryimage"},"thumbnailUrl":"https:\/\/www.npwj.org\/wp-content\/uploads\/2024\/01\/8-june-2017.jpg","datePublished":"2017-06-08T07:44:40+00:00","dateModified":"2024-01-15T08:51:58+00:00","breadcrumb":{"@id":"https:\/\/www.npwj.org\/press-release\/iraqis-europeans-press-for-support-for-post-isis-transition\/#breadcrumb"},"inLanguage":"it-IT","potentialAction":[{"@type":"ReadAction","target":["https:\/\/www.npwj.org\/press-release\/iraqis-europeans-press-for-support-for-post-isis-transition\/"]}]},{"@type":"ImageObject","inLanguage":"it-IT","@id":"https:\/\/www.npwj.org\/press-release\/iraqis-europeans-press-for-support-for-post-isis-transition\/#primaryimage","url":"https:\/\/www.npwj.org\/wp-content\/uploads\/2024\/01\/8-june-2017.jpg","contentUrl":"https:\/\/www.npwj.org\/wp-content\/uploads\/2024\/01\/8-june-2017.jpg","width":565,"height":460},{"@type":"BreadcrumbList","@id":"https:\/\/www.npwj.org\/press-release\/iraqis-europeans-press-for-support-for-post-isis-transition\/#breadcrumb","itemListElement":[{"@type":"ListItem","position":1,"name":"Home","item":"https:\/\/www.npwj.org\/"},{"@type":"ListItem","position":2,"name":"Iraq: leader europei per il supporto ai processi di transizione post-ISIS"}]},{"@type":"WebSite","@id":"https:\/\/www.npwj.org\/#website","url":"https:\/\/www.npwj.org\/","name":"NPWJ","description":"No Peace Without Justice","publisher":{"@id":"https:\/\/www.npwj.org\/#organization"},"alternateName":"NPWJ","potentialAction":[{"@type":"SearchAction","target":{"@type":"EntryPoint","urlTemplate":"https:\/\/www.npwj.org\/?s={search_term_string}"},"query-input":"required name=search_term_string"}],"inLanguage":"it-IT"},{"@type":"Organization","@id":"https:\/\/www.npwj.org\/#organization","name":"No Peace Without Justice","alternateName":"NPWJ","url":"https:\/\/www.npwj.org\/","logo":{"@type":"ImageObject","inLanguage":"it-IT","@id":"https:\/\/www.npwj.org\/#\/schema\/logo\/image\/","url":"https:\/\/www.npwj.org\/wp-content\/uploads\/2024\/05\/logo-npwj-npsg.png","contentUrl":"https:\/\/www.npwj.org\/wp-content\/uploads\/2024\/05\/logo-npwj-npsg.png","width":1080,"height":1080,"caption":"No Peace Without Justice"},"image":{"@id":"https:\/\/www.npwj.org\/#\/schema\/logo\/image\/"},"sameAs":["https:\/\/www.facebook.com\/npwj.org\/","https:\/\/x.com\/npwjpress","https:\/\/www.instagram.com\/npwj_\/"]},{"@type":"Person","@id":"https:\/\/www.npwj.org\/#\/schema\/person\/f2f768422b0c9addf4a8c4ec84b7aa94","name":"Nicola Giovannini","image":{"@type":"ImageObject","inLanguage":"it-IT","@id":"https:\/\/www.npwj.org\/#\/schema\/person\/image\/","url":"https:\/\/secure.gravatar.com\/avatar\/cb002112d40d3271f2451ef47aa03589?s=96&d=mm&r=g","contentUrl":"https:\/\/secure.gravatar.com\/avatar\/cb002112d40d3271f2451ef47aa03589?s=96&d=mm&r=g","caption":"Nicola Giovannini"}}]}},"_links":{"self":[{"href":"https:\/\/www.npwj.org\/it\/wp-json\/wp\/v2\/posts\/253607"}],"collection":[{"href":"https:\/\/www.npwj.org\/it\/wp-json\/wp\/v2\/posts"}],"about":[{"href":"https:\/\/www.npwj.org\/it\/wp-json\/wp\/v2\/types\/post"}],"author":[{"embeddable":true,"href":"https:\/\/www.npwj.org\/it\/wp-json\/wp\/v2\/users\/9"}],"replies":[{"embeddable":true,"href":"https:\/\/www.npwj.org\/it\/wp-json\/wp\/v2\/comments?post=253607"}],"version-history":[{"count":1,"href":"https:\/\/www.npwj.org\/it\/wp-json\/wp\/v2\/posts\/253607\/revisions"}],"predecessor-version":[{"id":253608,"href":"https:\/\/www.npwj.org\/it\/wp-json\/wp\/v2\/posts\/253607\/revisions\/253608"}],"wp:featuredmedia":[{"embeddable":true,"href":"https:\/\/www.npwj.org\/it\/wp-json\/wp\/v2\/media\/253604"}],"wp:attachment":[{"href":"https:\/\/www.npwj.org\/it\/wp-json\/wp\/v2\/media?parent=253607"}],"wp:term":[{"taxonomy":"category","embeddable":true,"href":"https:\/\/www.npwj.org\/it\/wp-json\/wp\/v2\/categories?post=253607"},{"taxonomy":"post_tag","embeddable":true,"href":"https:\/\/www.npwj.org\/it\/wp-json\/wp\/v2\/tags?post=253607"}],"curies":[{"name":"wp","href":"https:\/\/api.w.org\/{rel}","templated":true}]}}