{"id":253885,"date":"2017-07-17T10:05:57","date_gmt":"2017-07-17T08:05:57","guid":{"rendered":"https:\/\/www.npwj.org\/?p=253885"},"modified":"2024-01-18T10:11:44","modified_gmt":"2024-01-18T09:11:44","slug":"la-corte-penale-internazionale-20-anni-dopo-e-tempo-di-un-nuovo-patto","status":"publish","type":"post","link":"https:\/\/www.npwj.org\/it\/comunicati-stampa\/la-corte-penale-internazionale-20-anni-dopo-e-tempo-di-un-nuovo-patto\/","title":{"rendered":"La Corte Penale Internazionale 20 anni dopo: \u00e8 tempo di un nuovo patto"},"content":{"rendered":"<h1><span style=\"color: #666666; font-size: 14px;\">Emma Bonino*, Roma, 17 luglio 2018<\/span><\/h1>\n<div id=\"node-15360\" class=\"node node node-mine clearfix node-type-news\">\n<div class=\"node-inner\">\n<div class=\"content\">\n<p>&nbsp;<\/p>\n<p>Nelle settimane di caldo soffocante trascorse a Roma nel 1998, durante gli intensi negoziati sullo Statuto di Roma per la creazione della Corte Penale Internazionale, Emma Bonino partecipava da un lato come rappresentante della Commissione europea, dall\u2019altro simbolicamente accampata fuori la sede della FAO che ospitava i lavori, insieme ai militanti del Partito Radicale Transnazionale e degli altri attivisti che spingevano, come recitava un enorme striscione, \u201cper risultati concreti\u201d.<\/p>\n<p>Il Tribunale Penale Internazionale per l\u2019ex Yogoslavia era appena stato istituito e Emma Bonino, fondatrice di Non c\u2019\u00e8 Pace senza Giustizia, insieme a Marco Pannella, Robert Badinter, Ben Ferencz, Cherif Bassiouni e molti altri, capirono che i tempi erano maturi per spostare gli obiettivi della campagna verso una giurisdizione penale internazionale permanente.<\/p>\n<p>A vent&#8217;anni di distanza, \u00e8 un buon momento per chiederci \u201cOggi, nel 2018, siamo dove vent\u2019anni fa ci saremmo aspettati di essere?\u201d.<br \/>\nNon \u00e8 una domanda semplice e non ha una risposta semplice. In un certo senso, s\u00ec. Pensavamo che l&#8217;adozione dello Statuto di Roma avrebbe improvvisamente significato che tutti avevano la volont\u00e0 politica di rispettare e applicare il diritto internazionale umanitario, i diritti umani e il diritto penale? No, non lo pensavamo.<br \/>\nPensavamo che l&#8217;esistenza della Corte avrebbe messo fine ai crimini di guerra, ai crimini contro l&#8217;umanit\u00e0 e ai genocidi? Certamente no.<br \/>\nPensavamo che quando la Corte avesse iniziato il suo lavoro sarebbe stata una navigazione tranquilla, con i colpevoli incriminati e le vittime risarcite? No, non pensavamo neanche questo.<\/p>\n<p>Con tutte le sue promesse, sapevamo e tuttora sappiamo che la Corte di per s\u00e9 non pu\u00f2 porre fine ai crimini di guerra, contro l&#8217;umanit\u00e0 e ai genocidi. Tanto meno pu\u00f2 essere la soluzione per questioni ancora pi\u00f9 grandi, come la pace, la riconciliazione, lo stato di diritto e la ricostruzione. Quindi, in questo senso, siamo dove pensavamo di essere, con tutte queste sfide che continuano ad essere di fondamentale importanza e continuano a richiedere soluzioni innovative.<\/p>\n<p>Per altri versi per\u00f2 non siamo dove pensavamo di arrivare. Nel 1998, non abbiamo mai pensato che lo Statuto di Roma potesse entrare in vigore cos\u00ec rapidamente. Dopo la firma dello Statuto, sapevamo che sarebbe stato difficile farlo entrare in vigore, ma siccome lo credevamo possibile, abbiamo proseguito la nostra campagna per raggiungere rapidamente la ratifica, sensibilizzando governi e opinione pubblica in tutto il mondo. Ci siamo riusciti, mai immaginando che questo duro e complesso lavoro avrebbe portato i suoi frutti in meno di 4 anni. E non avevamo mai pensato neppure di assistere alla \u201ccorsa\u201d alla ratifica dell\u2019aprile del 2002 &#8211; con dieci Stati che fecero a gara per essere tra i \u201cprimi 60 a ratificare\u201d &#8211; che il 1 \u00b0 luglio 2002 consent\u00ec l\u2019entrata in vigore dello Statuto.<\/p>\n<p>Oggi, nel 2018, percepiamo un sentimento molto diverso. Uno Stato (il Burundi) si \u00e8 ritirato dallo Statuto, un altro (le Filippine) lo far\u00e0 all&#8217;inizio del prossimo anno, altri due (Sud Africa e Gambia) sono stati sul punto di farlo.<\/p>\n<p>Siamo consapevoli che una certa disaffezione, oltre al diverso clima che si respira a livello internazionale, \u00e8 dovuta anche ad un funzionamento non ottimale della Corte stessa.<br \/>\nD\u2019altro canto, \u00e8 necessario che\u00a0la comunit\u00e0 internazionale compia uno sforzo maggiore per sostenere la Corte. Il Consiglio di sicurezza dovrebbe fare di pi\u00f9 per affrontare la \u201cnon-cooperazione\u201d, per esempio intervenendo quando i latitanti, secondo la Corte, trovano accoglienza negli Stati Parte.<\/p>\n<p>L&#8217;Unione Europea e gli Stati membri devono fare di pi\u00f9: il contributo dell&#8217;UE, dei suoi Stati membri e dei suoi cittadini ai negoziati di Roma \u00e8 stato straordinario. L&#8217;UE dovrebbe oggi assumere un ruolo pi\u00f9 attivo e dare maggiore sostegno alla Corte, anche attraverso la creazione di un Rappresentante Speciale per il Diritto Internazionale Umanitario e la Giustizia Internazionale. L\u2019UE, oltre a dire alle vittime di essere dalla loro parte, dovrebbe riprendere il proprio ruolo guida di vent\u2019anni fa, avuto prima, durante e dopo l&#8217;adozione dello Statuto di Roma.<\/p>\n<p>Come Non c\u2019\u00e8 Pace Senza Giustizia, insieme a tutti coloro che non si sono mai riposati sugli allori, siamo fermamente convinti dell\u2019importanza e del valore dei principi fondamentali della Corte. Continuiamo a credere che non ci possa essere alcun rifugio sicuro per i criminali di guerra e che nessuno dovrebbe pensare di poter commettere impunemente crimini contro l\u2019umanit\u00e0.<\/p>\n<p><em>* Sen.\u00a0<strong>Emma Bonino,\u00a0<\/strong>\u00a0<\/em><em>fondatrice di Non c\u2019\u00e8 pace senza giustizia, gi\u00e0 Ministro degli Affari Esteri e Commissaria Europea (gi\u00e0 capo Delegazione UE presso la Conferenza Diplomatica di Roma sulla CPI)<\/em><\/p>\n<\/div>\n<\/div>\n<\/div>\n","protected":false},"excerpt":{"rendered":"<p>Emma Bonino*, Roma, 17 luglio 2018 &nbsp; Nelle settimane di caldo soffocante trascorse a Roma nel 1998, durante gli intensi negoziati sullo Statuto di Roma per la creazione della Corte [&hellip;]<\/p>\n","protected":false},"author":9,"featured_media":253883,"comment_status":"closed","ping_status":"closed","sticky":false,"template":"","format":"standard","meta":{"_et_pb_use_builder":"","_et_pb_old_content":"","_et_gb_content_width":"","footnotes":""},"categories":[126],"tags":[465,2179,430,325,354],"cp_meta_data":{"_wpml_word_count":["{\"total\":0,\"to_translate\":{\"en\":2,\"it\":2}}"],"_edit_lock":["1705568981:20"],"_edit_last":["20"],"_wpml_media_duplicate":["1"],"_wpml_media_featured":["1"],"_et_pb_page_layout":["et_right_sidebar"],"_et_pb_side_nav":["off"],"_et_pb_post_hide_nav":["default"],"_et_pb_show_title":["on"],"_et_pb_use_builder":[""],"_et_post_bg_color":["#ffffff"],"_et_post_bg_layout":["light"],"_thumbnail_id":["253883"],"_last_translation_edit_mode":["native-editor"],"_encloseme":["1"],"_wp_old_date":["2017-07-17"],"eg_sources_html5_mp4":[""],"eg_sources_youtube":[""],"eg_sources_vimeo":[""],"eg_sources_wistia":[""],"eg_sources_image":[""],"eg_sources_iframe":[""],"eg_sources_soundcloud":[""],"eg_vimeo_ratio":["1"],"eg_youtube_ratio":["1"],"eg_wistia_ratio":["1"],"eg_html5_ratio":["1"],"eg_soundcloud_ratio":["1"],"eg_sources_essgrid":[""],"eg_featured_grid":[""],"eg_settings_custom_meta_skin":[""],"eg_settings_custom_meta_element":[""],"eg_settings_custom_meta_setting":[""],"eg_settings_custom_meta_style":[""],"eg_custom_meta_216":["true"],"eg_votes_count":["0"],"_et_pb_first_image":[""],"_et_pb_truncate_post":[""],"_et_pb_truncate_post_date":[""],"_et_pb_old_content":[""],"_et_builder_dynamic_assets_loading_attr_threshold":["2"],"_et_dynamic_cached_shortcodes":["a:13:{i:0;s:18:\"et_pb_column_inner\";i:1;s:18:\"et_pb_post_content\";i:2;s:13:\"et_pb_section\";i:3;s:9:\"et_pb_row\";i:4;s:12:\"et_pb_column\";i:5;s:15:\"et_pb_row_inner\";i:6;s:11:\"et_pb_blurb\";i:7;s:10:\"et_pb_code\";i:8;s:11:\"et_pb_image\";i:9;s:10:\"et_pb_menu\";i:10;s:16:\"et_pb_post_title\";i:11;s:13:\"et_pb_sidebar\";i:12;s:10:\"et_pb_text\";}"],"_et_dynamic_cached_attributes":["a:5:{s:9:\"specialty\";a:1:{i:0;s:2:\"on\";}s:17:\"use_custom_gutter\";a:1:{i:0;s:2:\"on\";}s:12:\"gutter_width\";a:1:{i:0;s:1:\"1\";}s:9:\"fullwidth\";a:1:{i:0;s:2:\"on\";}s:9:\"font_icon\";a:1:{i:0;s:19:\"&#xe010;||divi||400\";}}"],"et_enqueued_post_fonts":["a:3:{s:6:\"family\";a:1:{s:12:\"et-gf-roboto\";s:91:\"Roboto:100,100italic,300,300italic,regular,italic,500,500italic,700,700italic,900,900italic\";}s:6:\"subset\";a:2:{i:0;s:5:\"latin\";i:1;s:9:\"latin-ext\";}s:9:\"cache_key\";s:75:\"{\"gph\":-1,\"divi\":\"4.25.0\",\"wp\":\"6.5.2\",\"enable_all_character_sets\":\"false\"}\";}"],"_et_builder_module_features_cache":["a:2:{i:0;s:117:\"{\"gph\":-1,\"divi\":\"4.25.0\",\"wp\":\"6.5.2\",\"tb\":{\"255689\":\"2024-05-07 07:28:05\",\"255786\":\"2024-05-09 18:48:34\"},\"wpe\":[]}\";i:1;a:32:{s:46:\"et_pb_section_5afa4e695821d24f0e16cb528a154e44\";a:3:{s:4:\"mawi\";b:1;s:4:\"bosh\";b:1;s:4:\"anim\";b:1;}s:45:\"et_pb_column_c2f99ed31f38cee8be19b6c38f243437\";a:5:{s:4:\"cuma\";b:1;s:4:\"bosh\";b:1;s:3:\"pos\";b:1;s:5:\"mapac\";b:1;s:4:\"anim\";b:1;}s:48:\"et_pb_row_inner_de2fa3e840d2bede7feae3cb2cbe00a6\";a:3:{s:4:\"mawi\";b:1;s:4:\"bosh\";b:1;s:4:\"anim\";b:1;}s:51:\"et_pb_column_inner_3cdf90163e0e0f340994bb090ee342fc\";a:3:{s:4:\"bosh\";b:1;s:3:\"pos\";b:1;s:4:\"anim\";b:1;}s:49:\"et_pb_post_title_1b9af4722e6e4f401e6c9563d959ee66\";a:9:{s:4:\"glde\";a:11:{s:15:\"title_font_size\";s:4:\"26px\";s:20:\"title_letter_spacing\";s:3:\"0px\";s:17:\"title_line_height\";s:3:\"1em\";s:14:\"meta_font_size\";s:2:\"14\";s:19:\"meta_letter_spacing\";s:3:\"0px\";s:16:\"meta_line_height\";s:3:\"1em\";s:8:\"parallax\";s:3:\"off\";s:15:\"background_size\";s:5:\"cover\";s:19:\"background_position\";s:6:\"center\";s:17:\"background_repeat\";s:9:\"no-repeat\";s:16:\"background_blend\";s:6:\"normal\";}s:4:\"foop\";b:1;s:4:\"tesh\";b:1;s:4:\"cuma\";b:1;s:4:\"mawi\";b:1;s:4:\"bosh\";b:1;s:3:\"pos\";b:1;s:5:\"mapac\";b:1;s:4:\"anim\";b:1;}s:48:\"et_pb_row_inner_6a9d929b24109f8d1d33378557fe007c\";a:5:{s:4:\"cuma\";b:1;s:4:\"mawi\";b:1;s:4:\"bosh\";b:1;s:5:\"mapac\";b:1;s:4:\"anim\";b:1;}s:51:\"et_pb_post_content_cbaaaccb69f4acaf3b51e3f74d00e204\";a:9:{s:4:\"foop\";b:1;s:4:\"tesh\";b:1;s:3:\"bor\";b:1;s:4:\"cuma\";b:1;s:4:\"mawi\";b:1;s:4:\"bosh\";b:1;s:3:\"pos\";b:1;s:5:\"mapac\";b:1;s:4:\"anim\";b:1;}s:45:\"et_pb_column_fcdc69ff297ebe4b032eec6fe8213fc1\";a:5:{s:4:\"cuma\";b:1;s:4:\"bosh\";b:1;s:3:\"pos\";b:1;s:5:\"mapac\";b:1;s:4:\"anim\";b:1;}s:46:\"et_pb_sidebar_f0c5e7a3bf7753ffd1bda41d7ffb2e8d\";a:10:{s:4:\"glde\";a:6:{s:16:\"header_font_size\";s:2:\"18\";s:21:\"header_letter_spacing\";s:3:\"0px\";s:18:\"header_line_height\";s:3:\"1em\";s:14:\"body_font_size\";s:2:\"14\";s:19:\"body_letter_spacing\";s:3:\"0px\";s:16:\"body_line_height\";s:5:\"1.7em\";}s:4:\"foop\";b:1;s:4:\"tesh\";b:1;s:3:\"bor\";b:1;s:4:\"cuma\";b:1;s:4:\"mawi\";b:1;s:4:\"bosh\";b:1;s:3:\"pos\";b:1;s:5:\"mapac\";b:1;s:4:\"anim\";b:1;}s:46:\"et_pb_section_82ee6d19694244f4273784c3b485c394\";a:5:{s:4:\"cuma\";b:1;s:4:\"mawi\";b:1;s:4:\"bosh\";b:1;s:5:\"mapac\";b:1;s:4:\"anim\";b:1;}s:46:\"et_pb_section_406a8e8b44e6b40e00c07e27d40672ad\";a:6:{s:4:\"cuma\";b:1;s:4:\"mawi\";b:1;s:4:\"bosh\";b:1;s:3:\"pos\";b:1;s:5:\"mapac\";b:1;s:4:\"anim\";b:1;}s:42:\"et_pb_row_3ada6f3380c5b5c9398b259deb22dc56\";a:6:{s:4:\"cuma\";b:1;s:4:\"mawi\";b:1;s:4:\"bosh\";b:1;s:3:\"pos\";b:1;s:5:\"mapac\";b:1;s:4:\"anim\";b:1;}s:45:\"et_pb_column_edca411123513a4f6124a44a0d670b36\";a:5:{s:4:\"cuma\";b:1;s:4:\"bosh\";b:1;s:3:\"pos\";b:1;s:5:\"mapac\";b:1;s:4:\"anim\";b:1;}s:43:\"et_pb_text_56594042cc8b70224eaa9339857e0fb8\";a:9:{s:4:\"glde\";a:10:{s:14:\"text_font_size\";s:2:\"14\";s:19:\"text_letter_spacing\";s:3:\"0px\";s:16:\"text_line_height\";s:5:\"1.7em\";s:16:\"header_font_size\";s:4:\"30px\";s:21:\"header_letter_spacing\";s:3:\"0px\";s:18:\"header_line_height\";s:3:\"1em\";s:15:\"background_size\";s:5:\"cover\";s:19:\"background_position\";s:6:\"center\";s:17:\"background_repeat\";s:9:\"no-repeat\";s:16:\"background_blend\";s:6:\"normal\";}s:4:\"foop\";b:1;s:4:\"tesh\";b:1;s:4:\"cuma\";b:1;s:4:\"mawi\";b:1;s:4:\"bosh\";b:1;s:3:\"pos\";b:1;s:5:\"mapac\";b:1;s:4:\"anim\";b:1;}s:43:\"et_pb_text_88c2e9e8cd20311fb18cca642ff02758\";a:7:{s:4:\"glde\";a:10:{s:14:\"text_font_size\";s:2:\"14\";s:19:\"text_letter_spacing\";s:3:\"0px\";s:16:\"text_line_height\";s:5:\"1.7em\";s:16:\"header_font_size\";s:4:\"30px\";s:21:\"header_letter_spacing\";s:3:\"0px\";s:18:\"header_line_height\";s:3:\"1em\";s:15:\"background_size\";s:5:\"cover\";s:19:\"background_position\";s:6:\"center\";s:17:\"background_repeat\";s:9:\"no-repeat\";s:16:\"background_blend\";s:6:\"normal\";}s:4:\"foop\";b:1;s:4:\"tesh\";b:1;s:4:\"mawi\";b:1;s:4:\"bosh\";b:1;s:3:\"pos\";b:1;s:4:\"anim\";b:1;}s:45:\"et_pb_column_6be1189de9678b5ee5b9d0e513762aa2\";a:3:{s:4:\"bosh\";b:1;s:3:\"pos\";b:1;s:4:\"anim\";b:1;}s:44:\"et_pb_blurb_08e1f4d3ddb4eff1d9ebfdcc25f5d638\";a:10:{s:4:\"glde\";a:10:{s:16:\"header_font_size\";s:2:\"18\";s:21:\"header_letter_spacing\";s:3:\"0px\";s:18:\"header_line_height\";s:3:\"1em\";s:14:\"body_font_size\";s:2:\"14\";s:19:\"body_letter_spacing\";s:3:\"0px\";s:16:\"body_line_height\";s:5:\"1.7em\";s:15:\"background_size\";s:5:\"cover\";s:19:\"background_position\";s:6:\"center\";s:17:\"background_repeat\";s:9:\"no-repeat\";s:16:\"background_blend\";s:6:\"normal\";}s:4:\"foop\";b:1;s:4:\"tesh\";b:1;s:3:\"bor\";b:1;s:4:\"cuma\";b:1;s:4:\"mawi\";b:1;s:4:\"bosh\";b:1;s:3:\"pos\";b:1;s:5:\"mapac\";b:1;s:4:\"anim\";b:1;}s:44:\"et_pb_blurb_6620894d25e34f91757c9c8d546bf56d\";a:10:{s:4:\"glde\";a:10:{s:16:\"header_font_size\";s:2:\"18\";s:21:\"header_letter_spacing\";s:3:\"0px\";s:18:\"header_line_height\";s:3:\"1em\";s:14:\"body_font_size\";s:2:\"14\";s:19:\"body_letter_spacing\";s:3:\"0px\";s:16:\"body_line_height\";s:5:\"1.7em\";s:15:\"background_size\";s:5:\"cover\";s:19:\"background_position\";s:6:\"center\";s:17:\"background_repeat\";s:9:\"no-repeat\";s:16:\"background_blend\";s:6:\"normal\";}s:4:\"foop\";b:1;s:4:\"tesh\";b:1;s:3:\"bor\";b:1;s:4:\"cuma\";b:1;s:4:\"mawi\";b:1;s:4:\"bosh\";b:1;s:3:\"pos\";b:1;s:5:\"mapac\";b:1;s:4:\"anim\";b:1;}s:42:\"et_pb_row_1b7d45b14552d621c776706a09ce1361\";a:5:{s:4:\"cuma\";b:1;s:4:\"mawi\";b:1;s:4:\"bosh\";b:1;s:5:\"mapac\";b:1;s:4:\"anim\";b:1;}s:45:\"et_pb_column_6be4578023f3cde46a7fff6b3861c85c\";a:3:{s:4:\"bosh\";b:1;s:3:\"pos\";b:1;s:4:\"anim\";b:1;}s:44:\"et_pb_image_f4b71cd486196a93a74e6b072b773cd7\";a:4:{s:4:\"mawi\";b:1;s:4:\"bosh\";b:1;s:3:\"pos\";b:1;s:4:\"anim\";b:1;}s:43:\"et_pb_text_68a785c2177cf68bf2397748ef31114a\";a:9:{s:4:\"glde\";a:10:{s:14:\"text_font_size\";s:2:\"14\";s:19:\"text_letter_spacing\";s:3:\"0px\";s:16:\"text_line_height\";s:5:\"1.7em\";s:16:\"header_font_size\";s:4:\"30px\";s:21:\"header_letter_spacing\";s:3:\"0px\";s:18:\"header_line_height\";s:3:\"1em\";s:15:\"background_size\";s:5:\"cover\";s:19:\"background_position\";s:6:\"center\";s:17:\"background_repeat\";s:9:\"no-repeat\";s:16:\"background_blend\";s:6:\"normal\";}s:4:\"foop\";b:1;s:4:\"tesh\";b:1;s:4:\"cuma\";b:1;s:4:\"mawi\";b:1;s:4:\"bosh\";b:1;s:3:\"pos\";b:1;s:5:\"mapac\";b:1;s:4:\"anim\";b:1;}s:43:\"et_pb_text_3642f8068fd50cdad33116023389e383\";a:7:{s:4:\"glde\";a:10:{s:14:\"text_font_size\";s:2:\"14\";s:19:\"text_letter_spacing\";s:3:\"0px\";s:16:\"text_line_height\";s:5:\"1.7em\";s:16:\"header_font_size\";s:4:\"30px\";s:21:\"header_letter_spacing\";s:3:\"0px\";s:18:\"header_line_height\";s:3:\"1em\";s:15:\"background_size\";s:5:\"cover\";s:19:\"background_position\";s:6:\"center\";s:17:\"background_repeat\";s:9:\"no-repeat\";s:16:\"background_blend\";s:6:\"normal\";}s:4:\"foop\";b:1;s:4:\"tesh\";b:1;s:4:\"mawi\";b:1;s:4:\"bosh\";b:1;s:3:\"pos\";b:1;s:4:\"anim\";b:1;}s:45:\"et_pb_column_61470a52d1c01da65c8eda69e71a300d\";a:3:{s:4:\"bosh\";b:1;s:3:\"pos\";b:1;s:4:\"anim\";b:1;}s:43:\"et_pb_text_44809c70b99abfae5616162a84587174\";a:9:{s:4:\"glde\";a:10:{s:14:\"text_font_size\";s:2:\"14\";s:19:\"text_letter_spacing\";s:3:\"0px\";s:16:\"text_line_height\";s:5:\"1.7em\";s:16:\"header_font_size\";s:4:\"30px\";s:21:\"header_letter_spacing\";s:3:\"0px\";s:18:\"header_line_height\";s:3:\"1em\";s:15:\"background_size\";s:5:\"cover\";s:19:\"background_position\";s:6:\"center\";s:17:\"background_repeat\";s:9:\"no-repeat\";s:16:\"background_blend\";s:6:\"normal\";}s:4:\"foop\";b:1;s:4:\"tesh\";b:1;s:4:\"cuma\";b:1;s:4:\"mawi\";b:1;s:4:\"bosh\";b:1;s:3:\"pos\";b:1;s:5:\"mapac\";b:1;s:4:\"anim\";b:1;}s:43:\"et_pb_menu_297b684d24550aa8b2571341edaf9e90\";a:7:{s:4:\"glde\";a:4:{s:15:\"background_size\";s:5:\"cover\";s:19:\"background_position\";s:6:\"center\";s:17:\"background_repeat\";s:9:\"no-repeat\";s:16:\"background_blend\";s:6:\"normal\";}s:4:\"foop\";b:1;s:4:\"tesh\";b:1;s:4:\"mawi\";b:1;s:4:\"bosh\";b:1;s:3:\"pos\";b:1;s:4:\"anim\";b:1;}s:43:\"et_pb_code_de2fa3e840d2bede7feae3cb2cbe00a6\";a:4:{s:4:\"mawi\";b:1;s:4:\"bosh\";b:1;s:3:\"pos\";b:1;s:4:\"anim\";b:1;}s:45:\"et_pb_column_e2708011566793ec19ae40db4b27b312\";a:3:{s:4:\"bosh\";b:1;s:3:\"pos\";b:1;s:4:\"anim\";b:1;}s:43:\"et_pb_text_32d4add8287168f7a7da67ca55597756\";a:9:{s:4:\"glde\";a:10:{s:14:\"text_font_size\";s:2:\"14\";s:19:\"text_letter_spacing\";s:3:\"0px\";s:16:\"text_line_height\";s:5:\"1.7em\";s:16:\"header_font_size\";s:4:\"30px\";s:21:\"header_letter_spacing\";s:3:\"0px\";s:18:\"header_line_height\";s:3:\"1em\";s:15:\"background_size\";s:5:\"cover\";s:19:\"background_position\";s:6:\"center\";s:17:\"background_repeat\";s:9:\"no-repeat\";s:16:\"background_blend\";s:6:\"normal\";}s:4:\"foop\";b:1;s:4:\"tesh\";b:1;s:4:\"cuma\";b:1;s:4:\"mawi\";b:1;s:4:\"bosh\";b:1;s:3:\"pos\";b:1;s:5:\"mapac\";b:1;s:4:\"anim\";b:1;}s:43:\"et_pb_menu_94f3665884d8aa31151e380083e94578\";a:7:{s:4:\"glde\";a:4:{s:15:\"background_size\";s:5:\"cover\";s:19:\"background_position\";s:6:\"center\";s:17:\"background_repeat\";s:9:\"no-repeat\";s:16:\"background_blend\";s:6:\"normal\";}s:4:\"foop\";b:1;s:4:\"tesh\";b:1;s:4:\"mawi\";b:1;s:4:\"bosh\";b:1;s:3:\"pos\";b:1;s:4:\"anim\";b:1;}s:42:\"et_pb_row_0f8322e628e82528f04ddcc5d0d4e92d\";a:5:{s:4:\"cuma\";b:1;s:4:\"mawi\";b:1;s:4:\"bosh\";b:1;s:5:\"mapac\";b:1;s:4:\"anim\";b:1;}s:43:\"et_pb_menu_561f4b31a77b791752927479423dde05\";a:7:{s:4:\"glde\";a:4:{s:15:\"background_size\";s:5:\"cover\";s:19:\"background_position\";s:6:\"center\";s:17:\"background_repeat\";s:9:\"no-repeat\";s:16:\"background_blend\";s:6:\"normal\";}s:4:\"foop\";b:1;s:4:\"tesh\";b:1;s:4:\"mawi\";b:1;s:4:\"bosh\";b:1;s:3:\"pos\";b:1;s:4:\"anim\";b:1;}}}"]},"yoast_head":"<!-- This site is optimized with the Yoast SEO plugin v22.6 - https:\/\/yoast.com\/wordpress\/plugins\/seo\/ -->\n<title>La Corte Penale Internazionale 20 anni dopo: \u00e8 tempo di un nuovo patto - NPWJ<\/title>\n<meta name=\"robots\" content=\"index, follow, max-snippet:-1, max-image-preview:large, max-video-preview:-1\" \/>\n<link rel=\"canonical\" href=\"https:\/\/www.npwj.org\/press-release\/the-icc-at-20-time-for-a-new-compact\/\" \/>\n<meta property=\"og:locale\" content=\"it_IT\" \/>\n<meta property=\"og:type\" content=\"article\" \/>\n<meta property=\"og:title\" content=\"La Corte Penale Internazionale 20 anni dopo: \u00e8 tempo di un nuovo patto - NPWJ\" \/>\n<meta property=\"og:description\" content=\"Emma Bonino*, Roma, 17 luglio 2018 &nbsp; Nelle settimane di caldo soffocante trascorse a Roma nel 1998, durante gli intensi negoziati sullo Statuto di Roma per la creazione della Corte [&hellip;]\" \/>\n<meta property=\"og:url\" content=\"https:\/\/www.npwj.org\/press-release\/the-icc-at-20-time-for-a-new-compact\/\" \/>\n<meta property=\"og:site_name\" content=\"NPWJ\" \/>\n<meta property=\"article:publisher\" content=\"https:\/\/www.facebook.com\/npwj.org\/\" \/>\n<meta property=\"article:published_time\" content=\"2017-07-17T08:05:57+00:00\" \/>\n<meta property=\"article:modified_time\" content=\"2024-01-18T09:11:44+00:00\" \/>\n<meta property=\"og:image\" content=\"https:\/\/www.npwj.org\/wp-content\/uploads\/2024\/01\/17-july-2018.jpg\" \/>\n\t<meta property=\"og:image:width\" content=\"448\" \/>\n\t<meta property=\"og:image:height\" content=\"309\" \/>\n\t<meta property=\"og:image:type\" content=\"image\/jpeg\" \/>\n<meta name=\"author\" content=\"Nicola Giovannini\" \/>\n<meta name=\"twitter:card\" content=\"summary_large_image\" \/>\n<meta name=\"twitter:creator\" content=\"@npwjpress\" \/>\n<meta name=\"twitter:site\" content=\"@npwjpress\" \/>\n<script type=\"application\/ld+json\" class=\"yoast-schema-graph\">{\"@context\":\"https:\/\/schema.org\",\"@graph\":[{\"@type\":\"Article\",\"@id\":\"https:\/\/www.npwj.org\/press-release\/the-icc-at-20-time-for-a-new-compact\/#article\",\"isPartOf\":{\"@id\":\"https:\/\/www.npwj.org\/press-release\/the-icc-at-20-time-for-a-new-compact\/\"},\"author\":{\"name\":\"Nicola Giovannini\",\"@id\":\"https:\/\/www.npwj.org\/#\/schema\/person\/f2f768422b0c9addf4a8c4ec84b7aa94\"},\"headline\":\"La Corte Penale Internazionale 20 anni dopo: \u00e8 tempo di un nuovo patto\",\"datePublished\":\"2017-07-17T08:05:57+00:00\",\"dateModified\":\"2024-01-18T09:11:44+00:00\",\"mainEntityOfPage\":{\"@id\":\"https:\/\/www.npwj.org\/press-release\/the-icc-at-20-time-for-a-new-compact\/\"},\"wordCount\":745,\"publisher\":{\"@id\":\"https:\/\/www.npwj.org\/#organization\"},\"image\":{\"@id\":\"https:\/\/www.npwj.org\/press-release\/the-icc-at-20-time-for-a-new-compact\/#primaryimage\"},\"thumbnailUrl\":\"https:\/\/www.npwj.org\/wp-content\/uploads\/2024\/01\/17-july-2018.jpg\",\"keywords\":[\"Corte Penale Internazionale\",\"Diritto internazionale Umanitario\",\"Giustizia Internazionale\",\"impunit\u00e0\",\"statuto di roma\"],\"articleSection\":[\"Comunicati Stampa\"],\"inLanguage\":\"it-IT\"},{\"@type\":\"WebPage\",\"@id\":\"https:\/\/www.npwj.org\/press-release\/the-icc-at-20-time-for-a-new-compact\/\",\"url\":\"https:\/\/www.npwj.org\/press-release\/the-icc-at-20-time-for-a-new-compact\/\",\"name\":\"La Corte Penale Internazionale 20 anni dopo: \u00e8 tempo di un nuovo patto - NPWJ\",\"isPartOf\":{\"@id\":\"https:\/\/www.npwj.org\/#website\"},\"primaryImageOfPage\":{\"@id\":\"https:\/\/www.npwj.org\/press-release\/the-icc-at-20-time-for-a-new-compact\/#primaryimage\"},\"image\":{\"@id\":\"https:\/\/www.npwj.org\/press-release\/the-icc-at-20-time-for-a-new-compact\/#primaryimage\"},\"thumbnailUrl\":\"https:\/\/www.npwj.org\/wp-content\/uploads\/2024\/01\/17-july-2018.jpg\",\"datePublished\":\"2017-07-17T08:05:57+00:00\",\"dateModified\":\"2024-01-18T09:11:44+00:00\",\"breadcrumb\":{\"@id\":\"https:\/\/www.npwj.org\/press-release\/the-icc-at-20-time-for-a-new-compact\/#breadcrumb\"},\"inLanguage\":\"it-IT\",\"potentialAction\":[{\"@type\":\"ReadAction\",\"target\":[\"https:\/\/www.npwj.org\/press-release\/the-icc-at-20-time-for-a-new-compact\/\"]}]},{\"@type\":\"ImageObject\",\"inLanguage\":\"it-IT\",\"@id\":\"https:\/\/www.npwj.org\/press-release\/the-icc-at-20-time-for-a-new-compact\/#primaryimage\",\"url\":\"https:\/\/www.npwj.org\/wp-content\/uploads\/2024\/01\/17-july-2018.jpg\",\"contentUrl\":\"https:\/\/www.npwj.org\/wp-content\/uploads\/2024\/01\/17-july-2018.jpg\",\"width\":448,\"height\":309},{\"@type\":\"BreadcrumbList\",\"@id\":\"https:\/\/www.npwj.org\/press-release\/the-icc-at-20-time-for-a-new-compact\/#breadcrumb\",\"itemListElement\":[{\"@type\":\"ListItem\",\"position\":1,\"name\":\"Home\",\"item\":\"https:\/\/www.npwj.org\/\"},{\"@type\":\"ListItem\",\"position\":2,\"name\":\"La Corte Penale Internazionale 20 anni dopo: \u00e8 tempo di un nuovo patto\"}]},{\"@type\":\"WebSite\",\"@id\":\"https:\/\/www.npwj.org\/#website\",\"url\":\"https:\/\/www.npwj.org\/\",\"name\":\"NPWJ\",\"description\":\"No Peace Without Justice\",\"publisher\":{\"@id\":\"https:\/\/www.npwj.org\/#organization\"},\"alternateName\":\"NPWJ\",\"potentialAction\":[{\"@type\":\"SearchAction\",\"target\":{\"@type\":\"EntryPoint\",\"urlTemplate\":\"https:\/\/www.npwj.org\/?s={search_term_string}\"},\"query-input\":\"required name=search_term_string\"}],\"inLanguage\":\"it-IT\"},{\"@type\":\"Organization\",\"@id\":\"https:\/\/www.npwj.org\/#organization\",\"name\":\"No Peace Without Justice\",\"alternateName\":\"NPWJ\",\"url\":\"https:\/\/www.npwj.org\/\",\"logo\":{\"@type\":\"ImageObject\",\"inLanguage\":\"it-IT\",\"@id\":\"https:\/\/www.npwj.org\/#\/schema\/logo\/image\/\",\"url\":\"https:\/\/www.npwj.org\/wp-content\/uploads\/2024\/05\/logo-npwj-npsg.png\",\"contentUrl\":\"https:\/\/www.npwj.org\/wp-content\/uploads\/2024\/05\/logo-npwj-npsg.png\",\"width\":1080,\"height\":1080,\"caption\":\"No Peace Without Justice\"},\"image\":{\"@id\":\"https:\/\/www.npwj.org\/#\/schema\/logo\/image\/\"},\"sameAs\":[\"https:\/\/www.facebook.com\/npwj.org\/\",\"https:\/\/x.com\/npwjpress\",\"https:\/\/www.instagram.com\/npwj_\/\"]},{\"@type\":\"Person\",\"@id\":\"https:\/\/www.npwj.org\/#\/schema\/person\/f2f768422b0c9addf4a8c4ec84b7aa94\",\"name\":\"Nicola Giovannini\",\"image\":{\"@type\":\"ImageObject\",\"inLanguage\":\"it-IT\",\"@id\":\"https:\/\/www.npwj.org\/#\/schema\/person\/image\/\",\"url\":\"https:\/\/secure.gravatar.com\/avatar\/cb002112d40d3271f2451ef47aa03589?s=96&d=mm&r=g\",\"contentUrl\":\"https:\/\/secure.gravatar.com\/avatar\/cb002112d40d3271f2451ef47aa03589?s=96&d=mm&r=g\",\"caption\":\"Nicola Giovannini\"}}]}<\/script>\n<!-- \/ Yoast SEO plugin. -->","yoast_head_json":{"title":"La Corte Penale Internazionale 20 anni dopo: \u00e8 tempo di un nuovo patto - NPWJ","robots":{"index":"index","follow":"follow","max-snippet":"max-snippet:-1","max-image-preview":"max-image-preview:large","max-video-preview":"max-video-preview:-1"},"canonical":"https:\/\/www.npwj.org\/press-release\/the-icc-at-20-time-for-a-new-compact\/","og_locale":"it_IT","og_type":"article","og_title":"La Corte Penale Internazionale 20 anni dopo: \u00e8 tempo di un nuovo patto - NPWJ","og_description":"Emma Bonino*, Roma, 17 luglio 2018 &nbsp; Nelle settimane di caldo soffocante trascorse a Roma nel 1998, durante gli intensi negoziati sullo Statuto di Roma per la creazione della Corte [&hellip;]","og_url":"https:\/\/www.npwj.org\/press-release\/the-icc-at-20-time-for-a-new-compact\/","og_site_name":"NPWJ","article_publisher":"https:\/\/www.facebook.com\/npwj.org\/","article_published_time":"2017-07-17T08:05:57+00:00","article_modified_time":"2024-01-18T09:11:44+00:00","og_image":[{"width":448,"height":309,"url":"https:\/\/www.npwj.org\/wp-content\/uploads\/2024\/01\/17-july-2018.jpg","type":"image\/jpeg"}],"author":"Nicola Giovannini","twitter_card":"summary_large_image","twitter_creator":"@npwjpress","twitter_site":"@npwjpress","schema":{"@context":"https:\/\/schema.org","@graph":[{"@type":"Article","@id":"https:\/\/www.npwj.org\/press-release\/the-icc-at-20-time-for-a-new-compact\/#article","isPartOf":{"@id":"https:\/\/www.npwj.org\/press-release\/the-icc-at-20-time-for-a-new-compact\/"},"author":{"name":"Nicola Giovannini","@id":"https:\/\/www.npwj.org\/#\/schema\/person\/f2f768422b0c9addf4a8c4ec84b7aa94"},"headline":"La Corte Penale Internazionale 20 anni dopo: \u00e8 tempo di un nuovo patto","datePublished":"2017-07-17T08:05:57+00:00","dateModified":"2024-01-18T09:11:44+00:00","mainEntityOfPage":{"@id":"https:\/\/www.npwj.org\/press-release\/the-icc-at-20-time-for-a-new-compact\/"},"wordCount":745,"publisher":{"@id":"https:\/\/www.npwj.org\/#organization"},"image":{"@id":"https:\/\/www.npwj.org\/press-release\/the-icc-at-20-time-for-a-new-compact\/#primaryimage"},"thumbnailUrl":"https:\/\/www.npwj.org\/wp-content\/uploads\/2024\/01\/17-july-2018.jpg","keywords":["Corte Penale Internazionale","Diritto internazionale Umanitario","Giustizia Internazionale","impunit\u00e0","statuto di roma"],"articleSection":["Comunicati Stampa"],"inLanguage":"it-IT"},{"@type":"WebPage","@id":"https:\/\/www.npwj.org\/press-release\/the-icc-at-20-time-for-a-new-compact\/","url":"https:\/\/www.npwj.org\/press-release\/the-icc-at-20-time-for-a-new-compact\/","name":"La Corte Penale Internazionale 20 anni dopo: \u00e8 tempo di un nuovo patto - NPWJ","isPartOf":{"@id":"https:\/\/www.npwj.org\/#website"},"primaryImageOfPage":{"@id":"https:\/\/www.npwj.org\/press-release\/the-icc-at-20-time-for-a-new-compact\/#primaryimage"},"image":{"@id":"https:\/\/www.npwj.org\/press-release\/the-icc-at-20-time-for-a-new-compact\/#primaryimage"},"thumbnailUrl":"https:\/\/www.npwj.org\/wp-content\/uploads\/2024\/01\/17-july-2018.jpg","datePublished":"2017-07-17T08:05:57+00:00","dateModified":"2024-01-18T09:11:44+00:00","breadcrumb":{"@id":"https:\/\/www.npwj.org\/press-release\/the-icc-at-20-time-for-a-new-compact\/#breadcrumb"},"inLanguage":"it-IT","potentialAction":[{"@type":"ReadAction","target":["https:\/\/www.npwj.org\/press-release\/the-icc-at-20-time-for-a-new-compact\/"]}]},{"@type":"ImageObject","inLanguage":"it-IT","@id":"https:\/\/www.npwj.org\/press-release\/the-icc-at-20-time-for-a-new-compact\/#primaryimage","url":"https:\/\/www.npwj.org\/wp-content\/uploads\/2024\/01\/17-july-2018.jpg","contentUrl":"https:\/\/www.npwj.org\/wp-content\/uploads\/2024\/01\/17-july-2018.jpg","width":448,"height":309},{"@type":"BreadcrumbList","@id":"https:\/\/www.npwj.org\/press-release\/the-icc-at-20-time-for-a-new-compact\/#breadcrumb","itemListElement":[{"@type":"ListItem","position":1,"name":"Home","item":"https:\/\/www.npwj.org\/"},{"@type":"ListItem","position":2,"name":"La Corte Penale Internazionale 20 anni dopo: \u00e8 tempo di un nuovo patto"}]},{"@type":"WebSite","@id":"https:\/\/www.npwj.org\/#website","url":"https:\/\/www.npwj.org\/","name":"NPWJ","description":"No Peace Without Justice","publisher":{"@id":"https:\/\/www.npwj.org\/#organization"},"alternateName":"NPWJ","potentialAction":[{"@type":"SearchAction","target":{"@type":"EntryPoint","urlTemplate":"https:\/\/www.npwj.org\/?s={search_term_string}"},"query-input":"required name=search_term_string"}],"inLanguage":"it-IT"},{"@type":"Organization","@id":"https:\/\/www.npwj.org\/#organization","name":"No Peace Without Justice","alternateName":"NPWJ","url":"https:\/\/www.npwj.org\/","logo":{"@type":"ImageObject","inLanguage":"it-IT","@id":"https:\/\/www.npwj.org\/#\/schema\/logo\/image\/","url":"https:\/\/www.npwj.org\/wp-content\/uploads\/2024\/05\/logo-npwj-npsg.png","contentUrl":"https:\/\/www.npwj.org\/wp-content\/uploads\/2024\/05\/logo-npwj-npsg.png","width":1080,"height":1080,"caption":"No Peace Without Justice"},"image":{"@id":"https:\/\/www.npwj.org\/#\/schema\/logo\/image\/"},"sameAs":["https:\/\/www.facebook.com\/npwj.org\/","https:\/\/x.com\/npwjpress","https:\/\/www.instagram.com\/npwj_\/"]},{"@type":"Person","@id":"https:\/\/www.npwj.org\/#\/schema\/person\/f2f768422b0c9addf4a8c4ec84b7aa94","name":"Nicola Giovannini","image":{"@type":"ImageObject","inLanguage":"it-IT","@id":"https:\/\/www.npwj.org\/#\/schema\/person\/image\/","url":"https:\/\/secure.gravatar.com\/avatar\/cb002112d40d3271f2451ef47aa03589?s=96&d=mm&r=g","contentUrl":"https:\/\/secure.gravatar.com\/avatar\/cb002112d40d3271f2451ef47aa03589?s=96&d=mm&r=g","caption":"Nicola Giovannini"}}]}},"_links":{"self":[{"href":"https:\/\/www.npwj.org\/it\/wp-json\/wp\/v2\/posts\/253885"}],"collection":[{"href":"https:\/\/www.npwj.org\/it\/wp-json\/wp\/v2\/posts"}],"about":[{"href":"https:\/\/www.npwj.org\/it\/wp-json\/wp\/v2\/types\/post"}],"author":[{"embeddable":true,"href":"https:\/\/www.npwj.org\/it\/wp-json\/wp\/v2\/users\/9"}],"replies":[{"embeddable":true,"href":"https:\/\/www.npwj.org\/it\/wp-json\/wp\/v2\/comments?post=253885"}],"version-history":[{"count":1,"href":"https:\/\/www.npwj.org\/it\/wp-json\/wp\/v2\/posts\/253885\/revisions"}],"predecessor-version":[{"id":253886,"href":"https:\/\/www.npwj.org\/it\/wp-json\/wp\/v2\/posts\/253885\/revisions\/253886"}],"wp:featuredmedia":[{"embeddable":true,"href":"https:\/\/www.npwj.org\/it\/wp-json\/wp\/v2\/media\/253883"}],"wp:attachment":[{"href":"https:\/\/www.npwj.org\/it\/wp-json\/wp\/v2\/media?parent=253885"}],"wp:term":[{"taxonomy":"category","embeddable":true,"href":"https:\/\/www.npwj.org\/it\/wp-json\/wp\/v2\/categories?post=253885"},{"taxonomy":"post_tag","embeddable":true,"href":"https:\/\/www.npwj.org\/it\/wp-json\/wp\/v2\/tags?post=253885"}],"curies":[{"name":"wp","href":"https:\/\/api.w.org\/{rel}","templated":true}]}}