{"id":254000,"date":"2019-03-21T09:41:42","date_gmt":"2019-03-21T08:41:42","guid":{"rendered":"https:\/\/www.npwj.org\/?p=254000"},"modified":"2024-01-22T09:47:22","modified_gmt":"2024-01-22T08:47:22","slug":"la-condanna-allergastolo-da-parte-del-tribunale-penale-internazionale-per-lex-jugoslavia-per-genocidio-ci-ricorda-di-onorare-le-vittime","status":"publish","type":"post","link":"https:\/\/www.npwj.org\/it\/comunicati-stampa\/la-condanna-allergastolo-da-parte-del-tribunale-penale-internazionale-per-lex-jugoslavia-per-genocidio-ci-ricorda-di-onorare-le-vittime\/","title":{"rendered":"La condanna all\u2019ergastolo da parte del Tribunale Penale internazionale per l\u2019ex Jugoslavia per genocidio ci ricorda di onorare le vittime"},"content":{"rendered":"<h1><span style=\"color: #666666; font-size: 14px;\">Emma Bonino, Roma-Bruxelles, 21 marzo 2019<\/span><\/h1>\n<div id=\"node-16378\" class=\"node node node-mine clearfix node-type-news\">\n<div class=\"node-inner\">\n<div class=\"content\">\n<p><strong>Dichiarazione di Emma Bonino, fondatrice di Non c\u2019\u00e8 pace Senza Giustizia:<\/strong><\/p>\n<p>&nbsp;<\/p>\n<p>\u00ab\u00a0Gi\u00e0 nel 1993, il Partito Radicale e Non c\u2019\u00e8 Pace Senza Giustizia, che ho fondato proprio quell\u2019anno per promuovere l\u2019istituzione di tribunali internazionali, iniziarono una campagna diretta al governo dell\u2019Unione Europea per agire con fermezza contro il regime al potere a Belgrado, raccogliendo pi\u00f9 di 200,000 firme in un appello che chiedeva la condanna del presidente Slobodan Milosevic. Solo due anni pi\u00f9 tardi, il mondo assisteva inorridito al genocidio di Srebrenica. Migliaia di uomini e ragazzi bosniaci musulmani venivano massacrati, e le loro famiglie e i loro amici assistevano impotenti; la comunit\u00e0 internazionale all\u2019apparenza pronta ad intervenire, non aveva il potere di fermare le violenze. Fra quelli che organizzarono questa campagna di odio c\u2019era Ratko Mladic, condannato all\u2019ergastolo nel 2017, e Radovan Karadzic, condannato prima a 40 anni di carcere e, ieri, all\u2019ergastolo dal Tribunale penale internazionale per l\u2019ex Jugoslavia, in uno dei suoi ultimi pronunciamenti.<\/p>\n<p>Ma in questa giornata non sono gli imputati a dover essere ricordati; in questo giorno sono le vittime che dovremmo ricordare. Quelli che morirono durante quegli 11 caldi giorni nel luglio 1995; chi fu stuprato e torturato; chi fu deportato; e coloro i quali hanno sofferto per i decenni successivi, interrogandosi su cosa era\u00a0 successo ai loro cari, cercando giustizia e provando a ricostruire le loro vite dalle ceneri. Come ha avuto tragicamente occasione di dire la prima ministra della Nuova Zelanda Jacinda Ardem, \u2018Vi imploro di pronunciare i nomi di chi \u00e8 scomparso piuttosto del nome dell\u2019 uomo che li ha uccisi.. Lui \u00e8 un criminale\u2026 quando parlo lui sar\u00e0 senza nome\u2019. Possiamo imparare molto da queste parole: chi ha architettato il genocidio di Srebrenica forse non cercava la notoriet\u00e0 allo stesso modo della persona responsabile del massacro di Christchurch, ma loro cercavano un mondo pulito dagli \u2018indesiderabili\u2019 nel quale loro, e quelli come loro, governerebbero supremi.<\/p>\n<p>Non dobbiamo lasciare che regnino supremi nei nostri ricordi quando pensiamo a Srebrenica. Invece di intravedere i loro volti, dovremmo poter riuscire a vedere le migliaia di nomi iscritti sul muro della memoria presso il memoriale del cimitero di Srebrenica, per vedere i volti di tutti coloro i quali hanno sofferto e sono morti per mano loro. Oggi, giorno in cui il valore di queste vittime \u00e8 stato onorato grazie all\u2019innalzamento della pena da 40 anni all\u2019ergastolo, dovremmo rendere omaggio alla loro memoria e provare ad imparare da ci\u00f2 che \u00e8 stato loro perpetrato. Come disse Bill Clinton, \u201cSpero che la sola menzione del nome \u2018Srebrenica\u2019 possa ricordare ad ogni bambino nel mondo che l\u2019orgoglio per la nostra eredit\u00e0 religiosa e etnica non costituisca mai un elemento che permetta di compiere atti disumani o uccidere chiunque sia diverso. Spero e prego che Srebrenica rimanga per il mondo intero il promemoria della nostra comune umanit\u00e0\u201d.<\/p>\n<p>La sola cosa che questo particolare imputato, e altri criminali come lui, dovrebbero apprendere dal canto del cigno del Tribunale Penale Internazionale per l\u2019ex Jugoslavia \u00e8 questa: gli ingranaggi della giustizia possono macinare lentamente, ma alla fine giungono ad un risultato. \u00c8 sfuggito alla giustizia per pi\u00f9 di 10 anni: pi\u00f9 di quanto alcune sue vittime abbiano potuto vivere; ci sono voluti altri 11 anni per raggiungere la pronuncia finale per la sua condanna. Non \u00e8 stato in grado di fuggire dalla giustizia, n\u00e9 riusciranno gli altri che, come lui, hanno scavalcato la legge creando nuove generazioni di vittime e di sofferenza.<\/p>\n<p>Oggi, la giustizia internazionale potrebbe stare vivendo uno dei punti pi\u00f9 bassi, con gli attacchi politici che le vengono rivolti e che acquistano forza, ivi incluso quello da parte degli Stati Uniti con l\u2019annuncio di ritorsione avverso lo staff della Corte Penale Internazionale e i suoi ufficiali lo scorso venerd\u00ec. La legge ha una memoria lunga e la giustizia internazionale osciller\u00e0 di nuovo con tutta la propria forza, con il fermo supporto mostrato dagli Stati Membri dell\u2019Unione Europea e dagli altri membri della comunit\u00e0 internazionale in risposta alle azioni dello scorso venerd\u00ec. Orbene, giustizia pu\u00f2 essere fatta e la storia si innalzer\u00e0 a sostegno delle vittime di questi agghiaccianti crimini, come oggi accade accanto alle migliaia di vittime del genocidio di Srebrenica\u00a0\u00bb.<\/p>\n<p><strong>Per ulteriori informazioni<\/strong>, contattare: Alison Smith (Director of International Criminal Justice Program) all\u2019indirizzo e-mail\u00a0<a href=\"mailto:asmith@npwj.org\">asmith@npwj.org<\/a>\u00a0oppure Nicola Giovannini (Press &amp; Public Affairs Coordinator) all\u2019indirizzo ngiovannini@npwj.org<\/p>\n<\/div>\n<\/div>\n<\/div>\n","protected":false},"excerpt":{"rendered":"<p>Emma Bonino, Roma-Bruxelles, 21 marzo 2019 Dichiarazione di Emma Bonino, fondatrice di Non c\u2019\u00e8 pace Senza Giustizia: &nbsp; \u00ab\u00a0Gi\u00e0 nel 1993, il Partito Radicale e Non c\u2019\u00e8 Pace Senza Giustizia, [&hellip;]<\/p>\n","protected":false},"author":9,"featured_media":246844,"comment_status":"closed","ping_status":"closed","sticky":false,"template":"","format":"standard","meta":{"_et_pb_use_builder":"","_et_pb_old_content":"","_et_gb_content_width":"","footnotes":""},"categories":[126],"tags":[465,792,2115,2334],"cp_meta_data":{"_wpml_word_count":["{\"total\":0,\"to_translate\":{\"en\":2,\"it\":2}}"],"_edit_lock":["1705913116:20"],"_edit_last":["20"],"_wpml_media_duplicate":["1"],"_wpml_media_featured":["1"],"_et_pb_page_layout":["et_right_sidebar"],"_et_pb_side_nav":["off"],"_et_pb_post_hide_nav":["default"],"_et_pb_show_title":["on"],"_et_pb_use_builder":[""],"_et_post_bg_color":["#ffffff"],"_et_post_bg_layout":["light"],"_thumbnail_id":["246844"],"_last_translation_edit_mode":["native-editor"],"_encloseme":["1"],"eg_sources_html5_mp4":[""],"eg_sources_youtube":[""],"eg_sources_vimeo":[""],"eg_sources_wistia":[""],"eg_sources_image":[""],"eg_sources_iframe":[""],"eg_sources_soundcloud":[""],"eg_vimeo_ratio":["1"],"eg_youtube_ratio":["1"],"eg_wistia_ratio":["1"],"eg_html5_ratio":["1"],"eg_soundcloud_ratio":["1"],"eg_sources_essgrid":[""],"eg_featured_grid":[""],"eg_settings_custom_meta_skin":[""],"eg_settings_custom_meta_element":[""],"eg_settings_custom_meta_setting":[""],"eg_settings_custom_meta_style":[""],"eg_custom_meta_216":["true"],"eg_votes_count":["0"],"_et_pb_first_image":[""],"_et_pb_truncate_post":[""],"_et_pb_truncate_post_date":[""],"_et_pb_old_content":[""],"_et_builder_dynamic_assets_loading_attr_threshold":["2"],"_et_dynamic_cached_shortcodes":["a:13:{i:0;s:18:\"et_pb_column_inner\";i:1;s:18:\"et_pb_post_content\";i:2;s:13:\"et_pb_section\";i:3;s:9:\"et_pb_row\";i:4;s:12:\"et_pb_column\";i:5;s:15:\"et_pb_row_inner\";i:6;s:11:\"et_pb_blurb\";i:7;s:10:\"et_pb_code\";i:8;s:11:\"et_pb_image\";i:9;s:10:\"et_pb_menu\";i:10;s:16:\"et_pb_post_title\";i:11;s:13:\"et_pb_sidebar\";i:12;s:10:\"et_pb_text\";}"],"_et_dynamic_cached_attributes":["a:5:{s:9:\"specialty\";a:1:{i:0;s:2:\"on\";}s:17:\"use_custom_gutter\";a:1:{i:0;s:2:\"on\";}s:12:\"gutter_width\";a:1:{i:0;s:1:\"1\";}s:9:\"fullwidth\";a:1:{i:0;s:2:\"on\";}s:9:\"font_icon\";a:1:{i:0;s:19:\"&#xe010;||divi||400\";}}"],"et_enqueued_post_fonts":["a:3:{s:6:\"family\";a:1:{s:12:\"et-gf-roboto\";s:91:\"Roboto:100,100italic,300,300italic,regular,italic,500,500italic,700,700italic,900,900italic\";}s:6:\"subset\";a:2:{i:0;s:5:\"latin\";i:1;s:9:\"latin-ext\";}s:9:\"cache_key\";s:75:\"{\"gph\":-1,\"divi\":\"4.25.0\",\"wp\":\"6.5.2\",\"enable_all_character_sets\":\"false\"}\";}"],"_et_builder_module_features_cache":["a:2:{i:0;s:117:\"{\"gph\":-1,\"divi\":\"4.25.0\",\"wp\":\"6.5.2\",\"tb\":{\"255689\":\"2024-05-07 07:28:05\",\"255786\":\"2024-05-09 18:48:34\"},\"wpe\":[]}\";i:1;a:32:{s:46:\"et_pb_section_5afa4e695821d24f0e16cb528a154e44\";a:3:{s:4:\"mawi\";b:1;s:4:\"bosh\";b:1;s:4:\"anim\";b:1;}s:45:\"et_pb_column_c2f99ed31f38cee8be19b6c38f243437\";a:5:{s:4:\"cuma\";b:1;s:4:\"bosh\";b:1;s:3:\"pos\";b:1;s:5:\"mapac\";b:1;s:4:\"anim\";b:1;}s:48:\"et_pb_row_inner_de2fa3e840d2bede7feae3cb2cbe00a6\";a:3:{s:4:\"mawi\";b:1;s:4:\"bosh\";b:1;s:4:\"anim\";b:1;}s:51:\"et_pb_column_inner_3cdf90163e0e0f340994bb090ee342fc\";a:3:{s:4:\"bosh\";b:1;s:3:\"pos\";b:1;s:4:\"anim\";b:1;}s:49:\"et_pb_post_title_1b9af4722e6e4f401e6c9563d959ee66\";a:9:{s:4:\"glde\";a:11:{s:15:\"title_font_size\";s:4:\"26px\";s:20:\"title_letter_spacing\";s:3:\"0px\";s:17:\"title_line_height\";s:3:\"1em\";s:14:\"meta_font_size\";s:2:\"14\";s:19:\"meta_letter_spacing\";s:3:\"0px\";s:16:\"meta_line_height\";s:3:\"1em\";s:8:\"parallax\";s:3:\"off\";s:15:\"background_size\";s:5:\"cover\";s:19:\"background_position\";s:6:\"center\";s:17:\"background_repeat\";s:9:\"no-repeat\";s:16:\"background_blend\";s:6:\"normal\";}s:4:\"foop\";b:1;s:4:\"tesh\";b:1;s:4:\"cuma\";b:1;s:4:\"mawi\";b:1;s:4:\"bosh\";b:1;s:3:\"pos\";b:1;s:5:\"mapac\";b:1;s:4:\"anim\";b:1;}s:48:\"et_pb_row_inner_6a9d929b24109f8d1d33378557fe007c\";a:5:{s:4:\"cuma\";b:1;s:4:\"mawi\";b:1;s:4:\"bosh\";b:1;s:5:\"mapac\";b:1;s:4:\"anim\";b:1;}s:51:\"et_pb_post_content_cbaaaccb69f4acaf3b51e3f74d00e204\";a:9:{s:4:\"foop\";b:1;s:4:\"tesh\";b:1;s:3:\"bor\";b:1;s:4:\"cuma\";b:1;s:4:\"mawi\";b:1;s:4:\"bosh\";b:1;s:3:\"pos\";b:1;s:5:\"mapac\";b:1;s:4:\"anim\";b:1;}s:45:\"et_pb_column_fcdc69ff297ebe4b032eec6fe8213fc1\";a:5:{s:4:\"cuma\";b:1;s:4:\"bosh\";b:1;s:3:\"pos\";b:1;s:5:\"mapac\";b:1;s:4:\"anim\";b:1;}s:46:\"et_pb_sidebar_f0c5e7a3bf7753ffd1bda41d7ffb2e8d\";a:10:{s:4:\"glde\";a:6:{s:16:\"header_font_size\";s:2:\"18\";s:21:\"header_letter_spacing\";s:3:\"0px\";s:18:\"header_line_height\";s:3:\"1em\";s:14:\"body_font_size\";s:2:\"14\";s:19:\"body_letter_spacing\";s:3:\"0px\";s:16:\"body_line_height\";s:5:\"1.7em\";}s:4:\"foop\";b:1;s:4:\"tesh\";b:1;s:3:\"bor\";b:1;s:4:\"cuma\";b:1;s:4:\"mawi\";b:1;s:4:\"bosh\";b:1;s:3:\"pos\";b:1;s:5:\"mapac\";b:1;s:4:\"anim\";b:1;}s:46:\"et_pb_section_82ee6d19694244f4273784c3b485c394\";a:5:{s:4:\"cuma\";b:1;s:4:\"mawi\";b:1;s:4:\"bosh\";b:1;s:5:\"mapac\";b:1;s:4:\"anim\";b:1;}s:46:\"et_pb_section_406a8e8b44e6b40e00c07e27d40672ad\";a:6:{s:4:\"cuma\";b:1;s:4:\"mawi\";b:1;s:4:\"bosh\";b:1;s:3:\"pos\";b:1;s:5:\"mapac\";b:1;s:4:\"anim\";b:1;}s:42:\"et_pb_row_3ada6f3380c5b5c9398b259deb22dc56\";a:6:{s:4:\"cuma\";b:1;s:4:\"mawi\";b:1;s:4:\"bosh\";b:1;s:3:\"pos\";b:1;s:5:\"mapac\";b:1;s:4:\"anim\";b:1;}s:45:\"et_pb_column_edca411123513a4f6124a44a0d670b36\";a:5:{s:4:\"cuma\";b:1;s:4:\"bosh\";b:1;s:3:\"pos\";b:1;s:5:\"mapac\";b:1;s:4:\"anim\";b:1;}s:43:\"et_pb_text_56594042cc8b70224eaa9339857e0fb8\";a:9:{s:4:\"glde\";a:10:{s:14:\"text_font_size\";s:2:\"14\";s:19:\"text_letter_spacing\";s:3:\"0px\";s:16:\"text_line_height\";s:5:\"1.7em\";s:16:\"header_font_size\";s:4:\"30px\";s:21:\"header_letter_spacing\";s:3:\"0px\";s:18:\"header_line_height\";s:3:\"1em\";s:15:\"background_size\";s:5:\"cover\";s:19:\"background_position\";s:6:\"center\";s:17:\"background_repeat\";s:9:\"no-repeat\";s:16:\"background_blend\";s:6:\"normal\";}s:4:\"foop\";b:1;s:4:\"tesh\";b:1;s:4:\"cuma\";b:1;s:4:\"mawi\";b:1;s:4:\"bosh\";b:1;s:3:\"pos\";b:1;s:5:\"mapac\";b:1;s:4:\"anim\";b:1;}s:43:\"et_pb_text_88c2e9e8cd20311fb18cca642ff02758\";a:7:{s:4:\"glde\";a:10:{s:14:\"text_font_size\";s:2:\"14\";s:19:\"text_letter_spacing\";s:3:\"0px\";s:16:\"text_line_height\";s:5:\"1.7em\";s:16:\"header_font_size\";s:4:\"30px\";s:21:\"header_letter_spacing\";s:3:\"0px\";s:18:\"header_line_height\";s:3:\"1em\";s:15:\"background_size\";s:5:\"cover\";s:19:\"background_position\";s:6:\"center\";s:17:\"background_repeat\";s:9:\"no-repeat\";s:16:\"background_blend\";s:6:\"normal\";}s:4:\"foop\";b:1;s:4:\"tesh\";b:1;s:4:\"mawi\";b:1;s:4:\"bosh\";b:1;s:3:\"pos\";b:1;s:4:\"anim\";b:1;}s:45:\"et_pb_column_6be1189de9678b5ee5b9d0e513762aa2\";a:3:{s:4:\"bosh\";b:1;s:3:\"pos\";b:1;s:4:\"anim\";b:1;}s:44:\"et_pb_blurb_08e1f4d3ddb4eff1d9ebfdcc25f5d638\";a:10:{s:4:\"glde\";a:10:{s:16:\"header_font_size\";s:2:\"18\";s:21:\"header_letter_spacing\";s:3:\"0px\";s:18:\"header_line_height\";s:3:\"1em\";s:14:\"body_font_size\";s:2:\"14\";s:19:\"body_letter_spacing\";s:3:\"0px\";s:16:\"body_line_height\";s:5:\"1.7em\";s:15:\"background_size\";s:5:\"cover\";s:19:\"background_position\";s:6:\"center\";s:17:\"background_repeat\";s:9:\"no-repeat\";s:16:\"background_blend\";s:6:\"normal\";}s:4:\"foop\";b:1;s:4:\"tesh\";b:1;s:3:\"bor\";b:1;s:4:\"cuma\";b:1;s:4:\"mawi\";b:1;s:4:\"bosh\";b:1;s:3:\"pos\";b:1;s:5:\"mapac\";b:1;s:4:\"anim\";b:1;}s:44:\"et_pb_blurb_6620894d25e34f91757c9c8d546bf56d\";a:10:{s:4:\"glde\";a:10:{s:16:\"header_font_size\";s:2:\"18\";s:21:\"header_letter_spacing\";s:3:\"0px\";s:18:\"header_line_height\";s:3:\"1em\";s:14:\"body_font_size\";s:2:\"14\";s:19:\"body_letter_spacing\";s:3:\"0px\";s:16:\"body_line_height\";s:5:\"1.7em\";s:15:\"background_size\";s:5:\"cover\";s:19:\"background_position\";s:6:\"center\";s:17:\"background_repeat\";s:9:\"no-repeat\";s:16:\"background_blend\";s:6:\"normal\";}s:4:\"foop\";b:1;s:4:\"tesh\";b:1;s:3:\"bor\";b:1;s:4:\"cuma\";b:1;s:4:\"mawi\";b:1;s:4:\"bosh\";b:1;s:3:\"pos\";b:1;s:5:\"mapac\";b:1;s:4:\"anim\";b:1;}s:42:\"et_pb_row_1b7d45b14552d621c776706a09ce1361\";a:5:{s:4:\"cuma\";b:1;s:4:\"mawi\";b:1;s:4:\"bosh\";b:1;s:5:\"mapac\";b:1;s:4:\"anim\";b:1;}s:45:\"et_pb_column_6be4578023f3cde46a7fff6b3861c85c\";a:3:{s:4:\"bosh\";b:1;s:3:\"pos\";b:1;s:4:\"anim\";b:1;}s:44:\"et_pb_image_f4b71cd486196a93a74e6b072b773cd7\";a:4:{s:4:\"mawi\";b:1;s:4:\"bosh\";b:1;s:3:\"pos\";b:1;s:4:\"anim\";b:1;}s:43:\"et_pb_text_68a785c2177cf68bf2397748ef31114a\";a:9:{s:4:\"glde\";a:10:{s:14:\"text_font_size\";s:2:\"14\";s:19:\"text_letter_spacing\";s:3:\"0px\";s:16:\"text_line_height\";s:5:\"1.7em\";s:16:\"header_font_size\";s:4:\"30px\";s:21:\"header_letter_spacing\";s:3:\"0px\";s:18:\"header_line_height\";s:3:\"1em\";s:15:\"background_size\";s:5:\"cover\";s:19:\"background_position\";s:6:\"center\";s:17:\"background_repeat\";s:9:\"no-repeat\";s:16:\"background_blend\";s:6:\"normal\";}s:4:\"foop\";b:1;s:4:\"tesh\";b:1;s:4:\"cuma\";b:1;s:4:\"mawi\";b:1;s:4:\"bosh\";b:1;s:3:\"pos\";b:1;s:5:\"mapac\";b:1;s:4:\"anim\";b:1;}s:43:\"et_pb_text_3642f8068fd50cdad33116023389e383\";a:7:{s:4:\"glde\";a:10:{s:14:\"text_font_size\";s:2:\"14\";s:19:\"text_letter_spacing\";s:3:\"0px\";s:16:\"text_line_height\";s:5:\"1.7em\";s:16:\"header_font_size\";s:4:\"30px\";s:21:\"header_letter_spacing\";s:3:\"0px\";s:18:\"header_line_height\";s:3:\"1em\";s:15:\"background_size\";s:5:\"cover\";s:19:\"background_position\";s:6:\"center\";s:17:\"background_repeat\";s:9:\"no-repeat\";s:16:\"background_blend\";s:6:\"normal\";}s:4:\"foop\";b:1;s:4:\"tesh\";b:1;s:4:\"mawi\";b:1;s:4:\"bosh\";b:1;s:3:\"pos\";b:1;s:4:\"anim\";b:1;}s:45:\"et_pb_column_61470a52d1c01da65c8eda69e71a300d\";a:3:{s:4:\"bosh\";b:1;s:3:\"pos\";b:1;s:4:\"anim\";b:1;}s:43:\"et_pb_text_44809c70b99abfae5616162a84587174\";a:9:{s:4:\"glde\";a:10:{s:14:\"text_font_size\";s:2:\"14\";s:19:\"text_letter_spacing\";s:3:\"0px\";s:16:\"text_line_height\";s:5:\"1.7em\";s:16:\"header_font_size\";s:4:\"30px\";s:21:\"header_letter_spacing\";s:3:\"0px\";s:18:\"header_line_height\";s:3:\"1em\";s:15:\"background_size\";s:5:\"cover\";s:19:\"background_position\";s:6:\"center\";s:17:\"background_repeat\";s:9:\"no-repeat\";s:16:\"background_blend\";s:6:\"normal\";}s:4:\"foop\";b:1;s:4:\"tesh\";b:1;s:4:\"cuma\";b:1;s:4:\"mawi\";b:1;s:4:\"bosh\";b:1;s:3:\"pos\";b:1;s:5:\"mapac\";b:1;s:4:\"anim\";b:1;}s:43:\"et_pb_menu_297b684d24550aa8b2571341edaf9e90\";a:7:{s:4:\"glde\";a:4:{s:15:\"background_size\";s:5:\"cover\";s:19:\"background_position\";s:6:\"center\";s:17:\"background_repeat\";s:9:\"no-repeat\";s:16:\"background_blend\";s:6:\"normal\";}s:4:\"foop\";b:1;s:4:\"tesh\";b:1;s:4:\"mawi\";b:1;s:4:\"bosh\";b:1;s:3:\"pos\";b:1;s:4:\"anim\";b:1;}s:43:\"et_pb_code_de2fa3e840d2bede7feae3cb2cbe00a6\";a:4:{s:4:\"mawi\";b:1;s:4:\"bosh\";b:1;s:3:\"pos\";b:1;s:4:\"anim\";b:1;}s:45:\"et_pb_column_e2708011566793ec19ae40db4b27b312\";a:3:{s:4:\"bosh\";b:1;s:3:\"pos\";b:1;s:4:\"anim\";b:1;}s:43:\"et_pb_text_32d4add8287168f7a7da67ca55597756\";a:9:{s:4:\"glde\";a:10:{s:14:\"text_font_size\";s:2:\"14\";s:19:\"text_letter_spacing\";s:3:\"0px\";s:16:\"text_line_height\";s:5:\"1.7em\";s:16:\"header_font_size\";s:4:\"30px\";s:21:\"header_letter_spacing\";s:3:\"0px\";s:18:\"header_line_height\";s:3:\"1em\";s:15:\"background_size\";s:5:\"cover\";s:19:\"background_position\";s:6:\"center\";s:17:\"background_repeat\";s:9:\"no-repeat\";s:16:\"background_blend\";s:6:\"normal\";}s:4:\"foop\";b:1;s:4:\"tesh\";b:1;s:4:\"cuma\";b:1;s:4:\"mawi\";b:1;s:4:\"bosh\";b:1;s:3:\"pos\";b:1;s:5:\"mapac\";b:1;s:4:\"anim\";b:1;}s:43:\"et_pb_menu_94f3665884d8aa31151e380083e94578\";a:7:{s:4:\"glde\";a:4:{s:15:\"background_size\";s:5:\"cover\";s:19:\"background_position\";s:6:\"center\";s:17:\"background_repeat\";s:9:\"no-repeat\";s:16:\"background_blend\";s:6:\"normal\";}s:4:\"foop\";b:1;s:4:\"tesh\";b:1;s:4:\"mawi\";b:1;s:4:\"bosh\";b:1;s:3:\"pos\";b:1;s:4:\"anim\";b:1;}s:42:\"et_pb_row_0f8322e628e82528f04ddcc5d0d4e92d\";a:5:{s:4:\"cuma\";b:1;s:4:\"mawi\";b:1;s:4:\"bosh\";b:1;s:5:\"mapac\";b:1;s:4:\"anim\";b:1;}s:43:\"et_pb_menu_561f4b31a77b791752927479423dde05\";a:7:{s:4:\"glde\";a:4:{s:15:\"background_size\";s:5:\"cover\";s:19:\"background_position\";s:6:\"center\";s:17:\"background_repeat\";s:9:\"no-repeat\";s:16:\"background_blend\";s:6:\"normal\";}s:4:\"foop\";b:1;s:4:\"tesh\";b:1;s:4:\"mawi\";b:1;s:4:\"bosh\";b:1;s:3:\"pos\";b:1;s:4:\"anim\";b:1;}}}"]},"yoast_head":"<!-- This site is optimized with the Yoast SEO plugin v22.6 - https:\/\/yoast.com\/wordpress\/plugins\/seo\/ -->\n<title>La condanna all\u2019ergastolo da parte del Tribunale Penale internazionale per l\u2019ex Jugoslavia per genocidio ci ricorda di onorare le vittime - NPWJ<\/title>\n<meta name=\"robots\" content=\"index, follow, max-snippet:-1, max-image-preview:large, max-video-preview:-1\" \/>\n<link rel=\"canonical\" href=\"https:\/\/www.npwj.org\/press-release\/icty-life-sentence-for-genocide-reminds-us-to-honour-the-victims\/\" \/>\n<meta property=\"og:locale\" content=\"it_IT\" \/>\n<meta property=\"og:type\" content=\"article\" \/>\n<meta property=\"og:title\" content=\"La condanna all\u2019ergastolo da parte del Tribunale Penale internazionale per l\u2019ex Jugoslavia per genocidio ci ricorda di onorare le vittime - NPWJ\" \/>\n<meta property=\"og:description\" content=\"Emma Bonino, Roma-Bruxelles, 21 marzo 2019 Dichiarazione di Emma Bonino, fondatrice di Non c\u2019\u00e8 pace Senza Giustizia: &nbsp; \u00ab\u00a0Gi\u00e0 nel 1993, il Partito Radicale e Non c\u2019\u00e8 Pace Senza Giustizia, [&hellip;]\" \/>\n<meta property=\"og:url\" content=\"https:\/\/www.npwj.org\/press-release\/icty-life-sentence-for-genocide-reminds-us-to-honour-the-victims\/\" \/>\n<meta property=\"og:site_name\" content=\"NPWJ\" \/>\n<meta property=\"article:publisher\" content=\"https:\/\/www.facebook.com\/npwj.org\/\" \/>\n<meta property=\"article:published_time\" content=\"2019-03-21T08:41:42+00:00\" \/>\n<meta property=\"article:modified_time\" content=\"2024-01-22T08:47:22+00:00\" \/>\n<meta property=\"og:image\" content=\"https:\/\/www.npwj.org\/wp-content\/uploads\/2021\/05\/comunicato-stampa.png\" \/>\n\t<meta property=\"og:image:width\" content=\"1200\" \/>\n\t<meta property=\"og:image:height\" content=\"630\" \/>\n\t<meta property=\"og:image:type\" content=\"image\/png\" \/>\n<meta name=\"author\" content=\"Nicola Giovannini\" \/>\n<meta name=\"twitter:card\" content=\"summary_large_image\" \/>\n<meta name=\"twitter:creator\" content=\"@npwjpress\" \/>\n<meta name=\"twitter:site\" content=\"@npwjpress\" \/>\n<script type=\"application\/ld+json\" class=\"yoast-schema-graph\">{\"@context\":\"https:\/\/schema.org\",\"@graph\":[{\"@type\":\"Article\",\"@id\":\"https:\/\/www.npwj.org\/press-release\/icty-life-sentence-for-genocide-reminds-us-to-honour-the-victims\/#article\",\"isPartOf\":{\"@id\":\"https:\/\/www.npwj.org\/press-release\/icty-life-sentence-for-genocide-reminds-us-to-honour-the-victims\/\"},\"author\":{\"name\":\"Nicola Giovannini\",\"@id\":\"https:\/\/www.npwj.org\/#\/schema\/person\/f2f768422b0c9addf4a8c4ec84b7aa94\"},\"headline\":\"La condanna all\u2019ergastolo da parte del Tribunale Penale internazionale per l\u2019ex Jugoslavia per genocidio ci ricorda di onorare le vittime\",\"datePublished\":\"2019-03-21T08:41:42+00:00\",\"dateModified\":\"2024-01-22T08:47:22+00:00\",\"mainEntityOfPage\":{\"@id\":\"https:\/\/www.npwj.org\/press-release\/icty-life-sentence-for-genocide-reminds-us-to-honour-the-victims\/\"},\"wordCount\":749,\"publisher\":{\"@id\":\"https:\/\/www.npwj.org\/#organization\"},\"image\":{\"@id\":\"https:\/\/www.npwj.org\/press-release\/icty-life-sentence-for-genocide-reminds-us-to-honour-the-victims\/#primaryimage\"},\"thumbnailUrl\":\"https:\/\/www.npwj.org\/wp-content\/uploads\/2021\/05\/comunicato-stampa.png\",\"keywords\":[\"Corte Penale Internazionale\",\"Genocidio\",\"Giustizia Internationale\",\"Tribunale Penale internazionale per l\u2019ex Jugoslavia\"],\"articleSection\":[\"Comunicati Stampa\"],\"inLanguage\":\"it-IT\"},{\"@type\":\"WebPage\",\"@id\":\"https:\/\/www.npwj.org\/press-release\/icty-life-sentence-for-genocide-reminds-us-to-honour-the-victims\/\",\"url\":\"https:\/\/www.npwj.org\/press-release\/icty-life-sentence-for-genocide-reminds-us-to-honour-the-victims\/\",\"name\":\"La condanna all\u2019ergastolo da parte del Tribunale Penale internazionale per l\u2019ex Jugoslavia per genocidio ci ricorda di onorare le vittime - NPWJ\",\"isPartOf\":{\"@id\":\"https:\/\/www.npwj.org\/#website\"},\"primaryImageOfPage\":{\"@id\":\"https:\/\/www.npwj.org\/press-release\/icty-life-sentence-for-genocide-reminds-us-to-honour-the-victims\/#primaryimage\"},\"image\":{\"@id\":\"https:\/\/www.npwj.org\/press-release\/icty-life-sentence-for-genocide-reminds-us-to-honour-the-victims\/#primaryimage\"},\"thumbnailUrl\":\"https:\/\/www.npwj.org\/wp-content\/uploads\/2021\/05\/comunicato-stampa.png\",\"datePublished\":\"2019-03-21T08:41:42+00:00\",\"dateModified\":\"2024-01-22T08:47:22+00:00\",\"breadcrumb\":{\"@id\":\"https:\/\/www.npwj.org\/press-release\/icty-life-sentence-for-genocide-reminds-us-to-honour-the-victims\/#breadcrumb\"},\"inLanguage\":\"it-IT\",\"potentialAction\":[{\"@type\":\"ReadAction\",\"target\":[\"https:\/\/www.npwj.org\/press-release\/icty-life-sentence-for-genocide-reminds-us-to-honour-the-victims\/\"]}]},{\"@type\":\"ImageObject\",\"inLanguage\":\"it-IT\",\"@id\":\"https:\/\/www.npwj.org\/press-release\/icty-life-sentence-for-genocide-reminds-us-to-honour-the-victims\/#primaryimage\",\"url\":\"https:\/\/www.npwj.org\/wp-content\/uploads\/2021\/05\/comunicato-stampa.png\",\"contentUrl\":\"https:\/\/www.npwj.org\/wp-content\/uploads\/2021\/05\/comunicato-stampa.png\",\"width\":1200,\"height\":630,\"caption\":\"Comunicato Stampa NPSG\"},{\"@type\":\"BreadcrumbList\",\"@id\":\"https:\/\/www.npwj.org\/press-release\/icty-life-sentence-for-genocide-reminds-us-to-honour-the-victims\/#breadcrumb\",\"itemListElement\":[{\"@type\":\"ListItem\",\"position\":1,\"name\":\"Home\",\"item\":\"https:\/\/www.npwj.org\/\"},{\"@type\":\"ListItem\",\"position\":2,\"name\":\"La condanna all\u2019ergastolo da parte del Tribunale Penale internazionale per l\u2019ex Jugoslavia per genocidio ci ricorda di onorare le vittime\"}]},{\"@type\":\"WebSite\",\"@id\":\"https:\/\/www.npwj.org\/#website\",\"url\":\"https:\/\/www.npwj.org\/\",\"name\":\"NPWJ\",\"description\":\"No Peace Without Justice\",\"publisher\":{\"@id\":\"https:\/\/www.npwj.org\/#organization\"},\"alternateName\":\"NPWJ\",\"potentialAction\":[{\"@type\":\"SearchAction\",\"target\":{\"@type\":\"EntryPoint\",\"urlTemplate\":\"https:\/\/www.npwj.org\/?s={search_term_string}\"},\"query-input\":\"required name=search_term_string\"}],\"inLanguage\":\"it-IT\"},{\"@type\":\"Organization\",\"@id\":\"https:\/\/www.npwj.org\/#organization\",\"name\":\"No Peace Without Justice\",\"alternateName\":\"NPWJ\",\"url\":\"https:\/\/www.npwj.org\/\",\"logo\":{\"@type\":\"ImageObject\",\"inLanguage\":\"it-IT\",\"@id\":\"https:\/\/www.npwj.org\/#\/schema\/logo\/image\/\",\"url\":\"https:\/\/www.npwj.org\/wp-content\/uploads\/2024\/05\/logo-npwj-npsg.png\",\"contentUrl\":\"https:\/\/www.npwj.org\/wp-content\/uploads\/2024\/05\/logo-npwj-npsg.png\",\"width\":1080,\"height\":1080,\"caption\":\"No Peace Without Justice\"},\"image\":{\"@id\":\"https:\/\/www.npwj.org\/#\/schema\/logo\/image\/\"},\"sameAs\":[\"https:\/\/www.facebook.com\/npwj.org\/\",\"https:\/\/x.com\/npwjpress\",\"https:\/\/www.instagram.com\/npwj_\/\"]},{\"@type\":\"Person\",\"@id\":\"https:\/\/www.npwj.org\/#\/schema\/person\/f2f768422b0c9addf4a8c4ec84b7aa94\",\"name\":\"Nicola Giovannini\",\"image\":{\"@type\":\"ImageObject\",\"inLanguage\":\"it-IT\",\"@id\":\"https:\/\/www.npwj.org\/#\/schema\/person\/image\/\",\"url\":\"https:\/\/secure.gravatar.com\/avatar\/cb002112d40d3271f2451ef47aa03589?s=96&d=mm&r=g\",\"contentUrl\":\"https:\/\/secure.gravatar.com\/avatar\/cb002112d40d3271f2451ef47aa03589?s=96&d=mm&r=g\",\"caption\":\"Nicola Giovannini\"}}]}<\/script>\n<!-- \/ Yoast SEO plugin. -->","yoast_head_json":{"title":"La condanna all\u2019ergastolo da parte del Tribunale Penale internazionale per l\u2019ex Jugoslavia per genocidio ci ricorda di onorare le vittime - NPWJ","robots":{"index":"index","follow":"follow","max-snippet":"max-snippet:-1","max-image-preview":"max-image-preview:large","max-video-preview":"max-video-preview:-1"},"canonical":"https:\/\/www.npwj.org\/press-release\/icty-life-sentence-for-genocide-reminds-us-to-honour-the-victims\/","og_locale":"it_IT","og_type":"article","og_title":"La condanna all\u2019ergastolo da parte del Tribunale Penale internazionale per l\u2019ex Jugoslavia per genocidio ci ricorda di onorare le vittime - NPWJ","og_description":"Emma Bonino, Roma-Bruxelles, 21 marzo 2019 Dichiarazione di Emma Bonino, fondatrice di Non c\u2019\u00e8 pace Senza Giustizia: &nbsp; \u00ab\u00a0Gi\u00e0 nel 1993, il Partito Radicale e Non c\u2019\u00e8 Pace Senza Giustizia, [&hellip;]","og_url":"https:\/\/www.npwj.org\/press-release\/icty-life-sentence-for-genocide-reminds-us-to-honour-the-victims\/","og_site_name":"NPWJ","article_publisher":"https:\/\/www.facebook.com\/npwj.org\/","article_published_time":"2019-03-21T08:41:42+00:00","article_modified_time":"2024-01-22T08:47:22+00:00","og_image":[{"width":1200,"height":630,"url":"https:\/\/www.npwj.org\/wp-content\/uploads\/2021\/05\/comunicato-stampa.png","type":"image\/png"}],"author":"Nicola Giovannini","twitter_card":"summary_large_image","twitter_creator":"@npwjpress","twitter_site":"@npwjpress","schema":{"@context":"https:\/\/schema.org","@graph":[{"@type":"Article","@id":"https:\/\/www.npwj.org\/press-release\/icty-life-sentence-for-genocide-reminds-us-to-honour-the-victims\/#article","isPartOf":{"@id":"https:\/\/www.npwj.org\/press-release\/icty-life-sentence-for-genocide-reminds-us-to-honour-the-victims\/"},"author":{"name":"Nicola Giovannini","@id":"https:\/\/www.npwj.org\/#\/schema\/person\/f2f768422b0c9addf4a8c4ec84b7aa94"},"headline":"La condanna all\u2019ergastolo da parte del Tribunale Penale internazionale per l\u2019ex Jugoslavia per genocidio ci ricorda di onorare le vittime","datePublished":"2019-03-21T08:41:42+00:00","dateModified":"2024-01-22T08:47:22+00:00","mainEntityOfPage":{"@id":"https:\/\/www.npwj.org\/press-release\/icty-life-sentence-for-genocide-reminds-us-to-honour-the-victims\/"},"wordCount":749,"publisher":{"@id":"https:\/\/www.npwj.org\/#organization"},"image":{"@id":"https:\/\/www.npwj.org\/press-release\/icty-life-sentence-for-genocide-reminds-us-to-honour-the-victims\/#primaryimage"},"thumbnailUrl":"https:\/\/www.npwj.org\/wp-content\/uploads\/2021\/05\/comunicato-stampa.png","keywords":["Corte Penale Internazionale","Genocidio","Giustizia Internationale","Tribunale Penale internazionale per l\u2019ex Jugoslavia"],"articleSection":["Comunicati Stampa"],"inLanguage":"it-IT"},{"@type":"WebPage","@id":"https:\/\/www.npwj.org\/press-release\/icty-life-sentence-for-genocide-reminds-us-to-honour-the-victims\/","url":"https:\/\/www.npwj.org\/press-release\/icty-life-sentence-for-genocide-reminds-us-to-honour-the-victims\/","name":"La condanna all\u2019ergastolo da parte del Tribunale Penale internazionale per l\u2019ex Jugoslavia per genocidio ci ricorda di onorare le vittime - NPWJ","isPartOf":{"@id":"https:\/\/www.npwj.org\/#website"},"primaryImageOfPage":{"@id":"https:\/\/www.npwj.org\/press-release\/icty-life-sentence-for-genocide-reminds-us-to-honour-the-victims\/#primaryimage"},"image":{"@id":"https:\/\/www.npwj.org\/press-release\/icty-life-sentence-for-genocide-reminds-us-to-honour-the-victims\/#primaryimage"},"thumbnailUrl":"https:\/\/www.npwj.org\/wp-content\/uploads\/2021\/05\/comunicato-stampa.png","datePublished":"2019-03-21T08:41:42+00:00","dateModified":"2024-01-22T08:47:22+00:00","breadcrumb":{"@id":"https:\/\/www.npwj.org\/press-release\/icty-life-sentence-for-genocide-reminds-us-to-honour-the-victims\/#breadcrumb"},"inLanguage":"it-IT","potentialAction":[{"@type":"ReadAction","target":["https:\/\/www.npwj.org\/press-release\/icty-life-sentence-for-genocide-reminds-us-to-honour-the-victims\/"]}]},{"@type":"ImageObject","inLanguage":"it-IT","@id":"https:\/\/www.npwj.org\/press-release\/icty-life-sentence-for-genocide-reminds-us-to-honour-the-victims\/#primaryimage","url":"https:\/\/www.npwj.org\/wp-content\/uploads\/2021\/05\/comunicato-stampa.png","contentUrl":"https:\/\/www.npwj.org\/wp-content\/uploads\/2021\/05\/comunicato-stampa.png","width":1200,"height":630,"caption":"Comunicato Stampa NPSG"},{"@type":"BreadcrumbList","@id":"https:\/\/www.npwj.org\/press-release\/icty-life-sentence-for-genocide-reminds-us-to-honour-the-victims\/#breadcrumb","itemListElement":[{"@type":"ListItem","position":1,"name":"Home","item":"https:\/\/www.npwj.org\/"},{"@type":"ListItem","position":2,"name":"La condanna all\u2019ergastolo da parte del Tribunale Penale internazionale per l\u2019ex Jugoslavia per genocidio ci ricorda di onorare le vittime"}]},{"@type":"WebSite","@id":"https:\/\/www.npwj.org\/#website","url":"https:\/\/www.npwj.org\/","name":"NPWJ","description":"No Peace Without Justice","publisher":{"@id":"https:\/\/www.npwj.org\/#organization"},"alternateName":"NPWJ","potentialAction":[{"@type":"SearchAction","target":{"@type":"EntryPoint","urlTemplate":"https:\/\/www.npwj.org\/?s={search_term_string}"},"query-input":"required name=search_term_string"}],"inLanguage":"it-IT"},{"@type":"Organization","@id":"https:\/\/www.npwj.org\/#organization","name":"No Peace Without Justice","alternateName":"NPWJ","url":"https:\/\/www.npwj.org\/","logo":{"@type":"ImageObject","inLanguage":"it-IT","@id":"https:\/\/www.npwj.org\/#\/schema\/logo\/image\/","url":"https:\/\/www.npwj.org\/wp-content\/uploads\/2024\/05\/logo-npwj-npsg.png","contentUrl":"https:\/\/www.npwj.org\/wp-content\/uploads\/2024\/05\/logo-npwj-npsg.png","width":1080,"height":1080,"caption":"No Peace Without Justice"},"image":{"@id":"https:\/\/www.npwj.org\/#\/schema\/logo\/image\/"},"sameAs":["https:\/\/www.facebook.com\/npwj.org\/","https:\/\/x.com\/npwjpress","https:\/\/www.instagram.com\/npwj_\/"]},{"@type":"Person","@id":"https:\/\/www.npwj.org\/#\/schema\/person\/f2f768422b0c9addf4a8c4ec84b7aa94","name":"Nicola Giovannini","image":{"@type":"ImageObject","inLanguage":"it-IT","@id":"https:\/\/www.npwj.org\/#\/schema\/person\/image\/","url":"https:\/\/secure.gravatar.com\/avatar\/cb002112d40d3271f2451ef47aa03589?s=96&d=mm&r=g","contentUrl":"https:\/\/secure.gravatar.com\/avatar\/cb002112d40d3271f2451ef47aa03589?s=96&d=mm&r=g","caption":"Nicola Giovannini"}}]}},"_links":{"self":[{"href":"https:\/\/www.npwj.org\/it\/wp-json\/wp\/v2\/posts\/254000"}],"collection":[{"href":"https:\/\/www.npwj.org\/it\/wp-json\/wp\/v2\/posts"}],"about":[{"href":"https:\/\/www.npwj.org\/it\/wp-json\/wp\/v2\/types\/post"}],"author":[{"embeddable":true,"href":"https:\/\/www.npwj.org\/it\/wp-json\/wp\/v2\/users\/9"}],"replies":[{"embeddable":true,"href":"https:\/\/www.npwj.org\/it\/wp-json\/wp\/v2\/comments?post=254000"}],"version-history":[{"count":1,"href":"https:\/\/www.npwj.org\/it\/wp-json\/wp\/v2\/posts\/254000\/revisions"}],"predecessor-version":[{"id":254001,"href":"https:\/\/www.npwj.org\/it\/wp-json\/wp\/v2\/posts\/254000\/revisions\/254001"}],"wp:featuredmedia":[{"embeddable":true,"href":"https:\/\/www.npwj.org\/it\/wp-json\/wp\/v2\/media\/246844"}],"wp:attachment":[{"href":"https:\/\/www.npwj.org\/it\/wp-json\/wp\/v2\/media?parent=254000"}],"wp:term":[{"taxonomy":"category","embeddable":true,"href":"https:\/\/www.npwj.org\/it\/wp-json\/wp\/v2\/categories?post=254000"},{"taxonomy":"post_tag","embeddable":true,"href":"https:\/\/www.npwj.org\/it\/wp-json\/wp\/v2\/tags?post=254000"}],"curies":[{"name":"wp","href":"https:\/\/api.w.org\/{rel}","templated":true}]}}